{"id":142210,"date":"2025-11-06T21:35:15","date_gmt":"2025-11-06T21:35:15","guid":{"rendered":"https:\/\/www.europesays.com\/pt\/142210\/"},"modified":"2025-11-06T21:35:15","modified_gmt":"2025-11-06T21:35:15","slug":"brad-pitt-processou-angelina-jolie-em-us-35-milhoes-em-disputa-envolvendo-vinhedo-revela-e-mail","status":"publish","type":"post","link":"https:\/\/www.europesays.com\/pt\/142210\/","title":{"rendered":"Brad Pitt processou Angelina Jolie em US$ 35 milh\u00f5es em disputa envolvendo vinhedo, revela e-mail"},"content":{"rendered":"\n<p class=\" content-text__container \" data-track-category=\"Link no Texto\" data-track-links=\"\"> A revista People revelou que no \u00faltimo dia 29 de outubro, o time legal de Pitt protocolou na justi\u00e7a documentos que revelam detalhes da comunica\u00e7\u00e3o com os advogados de Jolie. Em um dos e-mails juntados ao processo, um membro da equipe jur\u00eddica da atriz comenta o pleito do ex-marido. <\/p>\n<p class=\" content-text__container \" data-track-category=\"Link no Texto\" data-track-links=\"\"> &#8220;A natureza onerosa das custas \u00e9 resultado do pr\u00f3prio Sr. Pitt \u2014 ele est\u00e1 processando a Sra. Jolie por 35 milh\u00f5es de d\u00f3lares em danos. Consequentemente, ele ter\u00e1 que arcar com as despesas de produ\u00e7\u00e3o dos documentos que comprovar\u00e3o (ou n\u00e3o) esses danos&#8221;, destacou e-mail datado de novembro de 2023. <\/p>\n<p class=\" content-text__container \" data-track-category=\"Link no Texto\" data-track-links=\"\"> Em outro documento, de outubro do mesmo ano, o advogado de Jolie reafirma que Pitt estaria &#8220;buscando indeniza\u00e7\u00e3o cont\u00ednua por supostos danos \u00e0s opera\u00e7\u00f5es em andamento da Miraval.&#8221; <\/p>\n","protected":false},"excerpt":{"rendered":"A revista People revelou que no \u00faltimo dia 29 de outubro, o time legal de Pitt protocolou na&hellip;\n","protected":false},"author":2,"featured_media":48627,"comment_status":"","ping_status":"","sticky":false,"template":"","format":"standard","meta":{"footnotes":""},"categories":[145],"tags":[20808,8151,211,210,114,115,319,32,33],"class_list":{"0":"post-142210","1":"post","2":"type-post","3":"status-publish","4":"format-standard","5":"has-post-thumbnail","7":"category-celebridades","8":"tag-angelina-jolie","9":"tag-brad-pitt","10":"tag-celebridades","11":"tag-celebrities","12":"tag-entertainment","13":"tag-entretenimento","14":"tag-hard-news","15":"tag-portugal","16":"tag-pt"},"share_on_mastodon":{"url":"https:\/\/pubeurope.com\/@pt\/115504907743794362","error":""},"_links":{"self":[{"href":"https:\/\/www.europesays.com\/pt\/wp-json\/wp\/v2\/posts\/142210","targetHints":{"allow":["GET"]}}],"collection":[{"href":"https:\/\/www.europesays.com\/pt\/wp-json\/wp\/v2\/posts"}],"about":[{"href":"https:\/\/www.europesays.com\/pt\/wp-json\/wp\/v2\/types\/post"}],"author":[{"embeddable":true,"href":"https:\/\/www.europesays.com\/pt\/wp-json\/wp\/v2\/users\/2"}],"replies":[{"embeddable":true,"href":"https:\/\/www.europesays.com\/pt\/wp-json\/wp\/v2\/comments?post=142210"}],"version-history":[{"count":0,"href":"https:\/\/www.europesays.com\/pt\/wp-json\/wp\/v2\/posts\/142210\/revisions"}],"wp:featuredmedia":[{"embeddable":true,"href":"https:\/\/www.europesays.com\/pt\/wp-json\/wp\/v2\/media\/48627"}],"wp:attachment":[{"href":"https:\/\/www.europesays.com\/pt\/wp-json\/wp\/v2\/media?parent=142210"}],"wp:term":[{"taxonomy":"category","embeddable":true,"href":"https:\/\/www.europesays.com\/pt\/wp-json\/wp\/v2\/categories?post=142210"},{"taxonomy":"post_tag","embeddable":true,"href":"https:\/\/www.europesays.com\/pt\/wp-json\/wp\/v2\/tags?post=142210"}],"curies":[{"name":"wp","href":"https:\/\/api.w.org\/{rel}","templated":true}]}}