{"id":142219,"date":"2025-11-06T21:48:31","date_gmt":"2025-11-06T21:48:31","guid":{"rendered":"https:\/\/www.europesays.com\/pt\/142219\/"},"modified":"2025-11-06T21:48:31","modified_gmt":"2025-11-06T21:48:31","slug":"tenis-de-helena-coelho-que-seguem-tendencia-sao-da-adidas","status":"publish","type":"post","link":"https:\/\/www.europesays.com\/pt\/142219\/","title":{"rendered":"T\u00e9nis de Helena Coelho que seguem tend\u00eancia s\u00e3o da Adidas"},"content":{"rendered":"<p>A digital influencer Helena Coelho voltou a inspirar os seus seguidores com um look de outono cheio de estilo e conforto. Num v\u00eddeo recente publicado no TikTok, a criadora digital mostrou o seu look of the day e revelou aquele que promete ser uma das pe\u00e7as-chave da esta\u00e7\u00e3o: os Adidas Originals SL 72 no <a href=\"https:\/\/versa.iol.pt\/moda\/pantone\/e-a-cor-do-ano-para-2025-e-amiga-da-tendencia-quiet-luxury\/20241205\/6751b9ebd34ea1acf271768e\" rel=\"nofollow noopener\" target=\"_blank\">tom tend\u00eancia Mocha Mousse, cor eleita pela Pantone<\/a>\u00a0para 2025.<\/p>\n<p>O modelo, um cl\u00e1ssico reinventado da marca alem\u00e3, combina o charme retro com a versatilidade contempor\u00e2nea e a tonalidade castanha encaixa na perfei\u00e7\u00e3o nas paletas quentes e neutras que dominam esta altura do ano.<\/p>\n<p>No v\u00eddeo, Helena completa o visual com umas cal\u00e7as da Zara e um casaco castanho da Maje, criando um conjunto harmonioso, elegante e ideal para os dias mais frescos.<\/p>\n<p>A escolha dos SL 72 confirma-se como um toque final de estilo, que une o conforto desportivo \u00e0 tend\u00eancia old-school que continua a marcar presen\u00e7a nas ruas e nas redes sociais.<\/p>\n<p>Um detalhe curioso \u00e9 que este modelo da Adidas, originalmente lan\u00e7ado nos anos 70, foi pensado para corridas e treinos, mas, d\u00e9cadas depois, conquistou o mundo da moda. E agora, com o selo de aprova\u00e7\u00e3o de Helena Coelho, tudo indica que os t\u00e9nis Mocha Mousse ser\u00e3o um dos tons mais desejados do outono.<\/p>\n<p>O modelo est\u00e1 <a href=\"https:\/\/www.amazon.com\/adidas-Womens-SL-72-Sneakers\/dp\/B0F7NDM9J2?th=1&amp;psc=1\" target=\"_blank\" rel=\"nofollow noopener\">\u00e0 venda na Amazon por \u20ac82,82<\/a> (pre\u00e7o com desconto de 5%). Mostramos os t\u00e9nis na galeria de imagens.\u00a0<\/p>\n","protected":false},"excerpt":{"rendered":"A digital influencer Helena Coelho voltou a inspirar os seus seguidores com um look de outono cheio de&hellip;\n","protected":false},"author":2,"featured_media":142220,"comment_status":"","ping_status":"","sticky":false,"template":"","format":"standard","meta":{"footnotes":""},"categories":[83],"tags":[5781,1081,88,204,89,90,754,6117,186,1079,32,33,1083,2349,1078,1080],"class_list":{"0":"post-142219","1":"post","2":"type-post","3":"status-publish","4":"format-standard","5":"has-post-thumbnail","7":"category-empresas","8":"tag-adidas","9":"tag-beleza","10":"tag-business","11":"tag-design","12":"tag-economy","13":"tag-empresas","14":"tag-gastronomia","15":"tag-helena-coelho","16":"tag-lifestyle","17":"tag-moda","18":"tag-portugal","19":"tag-pt","20":"tag-tendencia","21":"tag-tenis","22":"tag-versa","23":"tag-viagens"},"share_on_mastodon":{"url":"https:\/\/pubeurope.com\/@pt\/115504958977668766","error":""},"_links":{"self":[{"href":"https:\/\/www.europesays.com\/pt\/wp-json\/wp\/v2\/posts\/142219","targetHints":{"allow":["GET"]}}],"collection":[{"href":"https:\/\/www.europesays.com\/pt\/wp-json\/wp\/v2\/posts"}],"about":[{"href":"https:\/\/www.europesays.com\/pt\/wp-json\/wp\/v2\/types\/post"}],"author":[{"embeddable":true,"href":"https:\/\/www.europesays.com\/pt\/wp-json\/wp\/v2\/users\/2"}],"replies":[{"embeddable":true,"href":"https:\/\/www.europesays.com\/pt\/wp-json\/wp\/v2\/comments?post=142219"}],"version-history":[{"count":0,"href":"https:\/\/www.europesays.com\/pt\/wp-json\/wp\/v2\/posts\/142219\/revisions"}],"wp:featuredmedia":[{"embeddable":true,"href":"https:\/\/www.europesays.com\/pt\/wp-json\/wp\/v2\/media\/142220"}],"wp:attachment":[{"href":"https:\/\/www.europesays.com\/pt\/wp-json\/wp\/v2\/media?parent=142219"}],"wp:term":[{"taxonomy":"category","embeddable":true,"href":"https:\/\/www.europesays.com\/pt\/wp-json\/wp\/v2\/categories?post=142219"},{"taxonomy":"post_tag","embeddable":true,"href":"https:\/\/www.europesays.com\/pt\/wp-json\/wp\/v2\/tags?post=142219"}],"curies":[{"name":"wp","href":"https:\/\/api.w.org\/{rel}","templated":true}]}}