{"id":142221,"date":"2025-11-06T21:49:17","date_gmt":"2025-11-06T21:49:17","guid":{"rendered":"https:\/\/www.europesays.com\/pt\/142221\/"},"modified":"2025-11-06T21:49:17","modified_gmt":"2025-11-06T21:49:17","slug":"putin-alarga-a-perseguicao-ate-aqueles-que-sao-a-favor-da-guerra","status":"publish","type":"post","link":"https:\/\/www.europesays.com\/pt\/142221\/","title":{"rendered":"Putin alarga a persegui\u00e7\u00e3o at\u00e9 \u00e0queles que s\u00e3o a favor da guerra"},"content":{"rendered":"<p>\t                Est\u00e1 em curso uma purga aos pr\u00f3prios apoiantes do regime russo\u00a0\u00a0<\/p>\n<p lang=\"EN-US\" paraeid=\"{0b6abcb0-49ce-4ca6-8fee-9ca6ea70ce70}{233}\" paraid=\"2056803111\" xml:lang=\"EN-US\">Durante anos, pessoas que se demonstraram apoiantes de Vladimir Putin e da invas\u00e3o da Ucr\u00e2nia\u00a0prosperaram na R\u00fassia, onde a lealdade e o apoio entusi\u00e1stico \u00e0 guerra eram recompensados com influ\u00eancia, prest\u00edgio e\u00a0dinheiro.\u00a0No entanto, atualmente s\u00e3o alvos da mesma m\u00e1quina repressiva que ajudaram a legitimar.\u00a0\u00a0<\/p>\n<p lang=\"EN-US\" paraeid=\"{800c0118-1938-4035-96ad-4f83755d29d4}{66}\" paraid=\"1620539121\" xml:lang=\"EN-US\">Alguns exemplos s\u00e3o o\u00a0analista pol\u00edtico Sergei\u00a0Markov, que durante anos saudou Vladimir Putin nos meios de comunica\u00e7\u00e3o estrangeiros,\u00a0e\u00a0o blogger Roman\u00a0Alyokhin, que angariou fundos para as tropas russas\u00a0enquanto espalhava\u00a0discursos\u00a0abertamente genocidas sobre a Ucr\u00e2nia.\u00a0Ambos\u00a0foram designados como \u201cagentes estrangeiros\u201d, uma classifica\u00e7\u00e3o que durante anos serviu para silenciar cr\u00edticos do regime. Com origens no l\u00e9xico sovi\u00e9tico, esta etiqueta implica restri\u00e7\u00f5es financeiras severas e a obriga\u00e7\u00e3o de se identificarem publicamente como tal.\u00a0\u00a0<\/p>\n<p lang=\"EN-US\" paraeid=\"{05e5ee49-171b-4ccf-a3c7-0e52d4e5b0a8}{82}\" paraid=\"1001104869\" xml:lang=\"EN-US\">Ap\u00f3s ser rotulado de \u201cagente estrangeiro\u201d, Sergei\u00a0Markov\u00a0tentou minimizar o caso, classificando-o como \u201cum mal-entendido&#8221;. J\u00e1\u00a0Roman\u00a0Alyokhin\u00a0recorreu a argumentos usados por defensores dos direitos humanos, dizendo que a lei \u201cviola a Constitui\u00e7\u00e3o russa\u201d e representa \u201cuma grave viola\u00e7\u00e3o das liberdades civis\u201d.\u00a0<\/p>\n<p lang=\"EN-US\" paraeid=\"{05e5ee49-171b-4ccf-a3c7-0e52d4e5b0a8}{124}\" paraid=\"1613209888\" xml:lang=\"EN-US\">\u201cPrimeiro, perseguiram as vozes antiguerra. Agora n\u00e3o h\u00e1 mais nenhuma, e a m\u00e1quina repressiva n\u00e3o pode ser parada\u201d, diz a cientista pol\u00edtica russa\u00a0Ekaterina\u00a0Schulmann, citada pelo\u00a0<a href=\"https:\/\/www.theguardian.com\/world\/2025\/nov\/06\/putin-repressive-machinery-turns-inward-target-pro-war-figures\" rel=\"noreferrer noopener nofollow\" target=\"_blank\">The Guardian<\/a>.\u00a0<\/p>\n<p lang=\"EN-US\" paraeid=\"{60304f0d-3ba5-49c4-bfd5-965643c1a710}{154}\" paraid=\"1813050261\" xml:lang=\"EN-US\">J\u00e1\u00a0Tatyana\u00a0Montyan,\u00a0nascida na Ucr\u00e2nia\u00a0e comentadora num canal russo, foi inclu\u00edda na lista de \u201cterroristas e extremistas\u201d &#8211;\u00a0um r\u00f3tulo reservado aos considerados inimigos mais perigosos do Kremlin, como os antigos\u00a0colaboradores de\u00a0<a href=\"https:\/\/cnnportugal.iol.pt\/alexey-navalny\/alexei-navalny\/eu-fui-alexei-navalny-e-quero-lembrar-vos-disto-a-unica-coisa-necessaria-para-o-triunfo-do-mal-e-que-as-pessoas-boas-nao-facam-nada\/20240216\/65cf5047d34e371fc0bd2318\" rel=\"noreferrer noopener nofollow\" target=\"_blank\">Alexei Navalny<\/a>.\u00a0\u00a0<\/p>\n<p lang=\"EN-US\" paraeid=\"{6938791b-2741-43a5-b89e-bdd9d08f2fa1}{238}\" paraid=\"2055101172\" xml:lang=\"EN-US\">Segundo especialistas, estes casos ilustram uma nova tend\u00eancia\u00a0em que\u00a0o sistema russo est\u00e1 a\u00a0purgar\u00a0os seus pr\u00f3prios apoiantes, \u00e0 medida que rivais dentro do regime se viram uns contra os outros.\u00a0Moscovo n\u00e3o deu qualquer explica\u00e7\u00e3o oficial para as medidas de repress\u00e3o e cada caso parece ter sido desencadeado de\u00a0forma diferente.\u00a0<\/p>\n<p lang=\"EN-US\" paraeid=\"{a3ea497b-04c5-4710-bff2-1c16bf5fcf4c}{136}\" paraid=\"241894378\" xml:lang=\"EN-US\">Roman\u00a0Alyokhin\u00a0e\u00a0Tatyana\u00a0Montyan\u00a0foram acusados de desvio de fundos destinados \u00e0s for\u00e7as militares russas, ap\u00f3s exibirem sinais de riqueza nas redes sociais.\u00a0Sergei\u00a0Markov, que \u00e9 conhecido por manter la\u00e7os com as elites pol\u00edticas do\u00a0Azerbaij\u00e3o, ter\u00e1 ca\u00eddo em desgra\u00e7a depois de as rela\u00e7\u00f5es entre Moscovo e\u00a0Baku\u00a0se terem deteriorado\u00a0drasticamente.\u00a0<\/p>\n<p lang=\"EN-US\" paraeid=\"{f57631d4-5a73-45b9-84ad-a499b5ed0eb2}{39}\" paraid=\"2027334498\" xml:lang=\"EN-US\">Contudo, para al\u00e9m\u00a0destes incidentes isolados, os analistas detetam uma fratura mais profunda, descrita por\u00a0Ekaterina\u00a0Schulmann\u00a0como um\u00a0conflito interno,\u00a0uma disputa entre\u00a0dois blocos: os \u201clealistas\u201d,\u00a0propagandistas veteranos\u00a0ligados ao Minist\u00e9rio da Defesa e ao Kremlin;\u00a0e os \u201cmilitaristas\u201d\u00a0ou\u00a0\u201cbloggers Z\u201d,\u00a0um movimento popular\u00a0de ultranacionalismo e do fervor pr\u00f3-guerra.\u00a0\u00a0<\/p>\n<p lang=\"EN-US\" paraeid=\"{0ba75a13-58d9-4afc-a416-7eb8c7bb40bd}{4}\" paraid=\"1281501864\" xml:lang=\"EN-US\">Este \u00faltimo grupo, composto por centenas\u00a0de bloggers e\u00a0volunt\u00e1rios, emergiu em 2022, quando o ex\u00e9rcito russo revelou falhas log\u00edsticas graves. Angariaram fundos, compraram\u00a0drones\u00a0e equipamentos e levaram mantimentos \u00e0 linha da frente. A sua autonomia crescente acabou por despertar desconfian\u00e7a por parte de Moscovo, que apoiou ataques ao grupo.\u00a0<\/p>\n<p lang=\"EN-US\" paraeid=\"{69769e6c-ce16-4aaf-986c-69a60e33de13}{96}\" paraid=\"437095975\" xml:lang=\"EN-US\">\u201cAs autocracias temem qualquer forma de mobiliza\u00e7\u00e3o civil\u201d, explica a cientista pol\u00edtica. \u201cMesmo um movimento pr\u00f3-guerra pode ser visto como uma amea\u00e7a\u201d.\u00a0O Kremlin j\u00e1 havia reprimido vozes do mesmo campo,\u00a0como\u00a0o comentador de extrema-direita\u00a0<a href=\"https:\/\/cnnportugal.iol.pt\/guerra\/russia\/igor-girkin-ex-militar-russo-pro-guerra-mas-critico-de-putin-condenado-a-quatro-anos-de-prisao-por-extremismo\/20240125\/65b2b155d34e371fc0bc5ca1\" rel=\"noreferrer noopener nofollow\" target=\"_blank\">Igor\u00a0Girkin<\/a>, que foi preso em 2024.\u00a0<\/p>\n<p lang=\"EN-US\" paraeid=\"{ebd3ad4f-b417-4f45-847e-4b71944f191b}{211}\" paraid=\"646262881\" xml:lang=\"EN-US\">A disputa por\u00a0dinheiro\u00a0tamb\u00e9m se tornou um fator de tens\u00e3o. \u201cNo fundo, \u00e9 uma\u00a0batalha\u00a0pelos recursos\u201d, observa o investigador Ivan\u00a0Philippov, que explica que Vladimir\u00a0Solovyov, propagandista e figura central entre os \u201clealistas\u201d, liderou a\u00a0ofensiva contra bloggers e volunt\u00e1rios independentes,\u00a0alegadamente\u00a0irritado com o facto de muitos conseguirem angariar mais fundos do que a sua pr\u00f3pria institui\u00e7\u00e3o do estado.\u00a0<\/p>\n<p paraeid=\"{7ab6c169-f574-40a1-95ad-49bc7d52df8b}{196}\" paraid=\"989430307\" xml:lang=\"EN-US\">\u00c9\u00a0\u201ccurioso ver\u00a0como\u00a0aqueles que\u00a0nunca se opuseram \u00e0 pris\u00e3o\u00a0de liberais\u00a0descobrirem, de repente, que a justi\u00e7a\u00a0na R\u00fassia\u00a0\u00e9 seletiva, literalmente\u00a0qualquer pessoa pode ser presa sem motivo\u201d, comentou Ivan\u00a0Philippov, recordando o eco\u00a0das purgas estalinistas que tamb\u00e9m atingiram os seus seguidores mais fi\u00e9is.\u00a0<\/p>\n<p paraeid=\"{979dd109-e27c-4e60-9b56-3098f5de5b73}{99}\" paraid=\"1350632005\" xml:lang=\"EN-US\">\u201cO aparelho repressivo russo tem de continuar a funcionar. A m\u00e1quina precisa de se alimentar a si pr\u00f3pria\u201d, referiu\u00a0Ekaterina\u00a0Schulmann.\u00a0Para a cientista pol\u00edtica russa, \u00e9 apenas o in\u00edcio\u00a0e devem seguir-se mais deten\u00e7\u00f5es\u00a0&#8211; com a oposi\u00e7\u00e3o silenciada ou exilada, o regime precisa de novos alvos.\u00a0\u00a0<\/p>\n","protected":false},"excerpt":{"rendered":"Est\u00e1 em curso uma purga aos pr\u00f3prios apoiantes do regime russo\u00a0\u00a0 Durante anos, pessoas que se demonstraram apoiantes&hellip;\n","protected":false},"author":2,"featured_media":142222,"comment_status":"","ping_status":"","sticky":false,"template":"","format":"standard","meta":{"footnotes":""},"categories":[50],"tags":[609,836,611,27,28,607,608,333,832,604,135,610,476,15,16,301,830,889,14,603,6164,25,26,570,21,22,831,833,62,834,12,13,19,20,835,602,52,32,23,24,3813,13594,17,18,29,30,31,63,64,65],"class_list":{"0":"post-142221","1":"post","2":"type-post","3":"status-publish","4":"format-standard","5":"has-post-thumbnail","7":"category-mundo","8":"tag-alerta","9":"tag-analise","10":"tag-ao-minuto","11":"tag-breaking-news","12":"tag-breakingnews","13":"tag-cnn","14":"tag-cnn-portugal","15":"tag-comentadores","16":"tag-costa","17":"tag-crime","18":"tag-desporto","19":"tag-direto","20":"tag-economia","21":"tag-featured-news","22":"tag-featurednews","23":"tag-governo","24":"tag-guerra","25":"tag-guerra-na-ucrania","26":"tag-headlines","27":"tag-justica","28":"tag-kremlin","29":"tag-latest-news","30":"tag-latestnews","31":"tag-live","32":"tag-main-news","33":"tag-mainnews","34":"tag-mais-vistas","35":"tag-marcelo","36":"tag-mundo","37":"tag-negocios","38":"tag-news","39":"tag-noticias","40":"tag-noticias-principais","41":"tag-noticiasprincipais","42":"tag-opiniao","43":"tag-pais","44":"tag-politica","45":"tag-portugal","46":"tag-principais-noticias","47":"tag-principaisnoticias","48":"tag-putin","49":"tag-repressao","50":"tag-top-stories","51":"tag-topstories","52":"tag-ultimas","53":"tag-ultimas-noticias","54":"tag-ultimasnoticias","55":"tag-world","56":"tag-world-news","57":"tag-worldnews"},"share_on_mastodon":{"url":"","error":"Validation failed: Text character limit of 500 exceeded"},"_links":{"self":[{"href":"https:\/\/www.europesays.com\/pt\/wp-json\/wp\/v2\/posts\/142221","targetHints":{"allow":["GET"]}}],"collection":[{"href":"https:\/\/www.europesays.com\/pt\/wp-json\/wp\/v2\/posts"}],"about":[{"href":"https:\/\/www.europesays.com\/pt\/wp-json\/wp\/v2\/types\/post"}],"author":[{"embeddable":true,"href":"https:\/\/www.europesays.com\/pt\/wp-json\/wp\/v2\/users\/2"}],"replies":[{"embeddable":true,"href":"https:\/\/www.europesays.com\/pt\/wp-json\/wp\/v2\/comments?post=142221"}],"version-history":[{"count":0,"href":"https:\/\/www.europesays.com\/pt\/wp-json\/wp\/v2\/posts\/142221\/revisions"}],"wp:featuredmedia":[{"embeddable":true,"href":"https:\/\/www.europesays.com\/pt\/wp-json\/wp\/v2\/media\/142222"}],"wp:attachment":[{"href":"https:\/\/www.europesays.com\/pt\/wp-json\/wp\/v2\/media?parent=142221"}],"wp:term":[{"taxonomy":"category","embeddable":true,"href":"https:\/\/www.europesays.com\/pt\/wp-json\/wp\/v2\/categories?post=142221"},{"taxonomy":"post_tag","embeddable":true,"href":"https:\/\/www.europesays.com\/pt\/wp-json\/wp\/v2\/tags?post=142221"}],"curies":[{"name":"wp","href":"https:\/\/api.w.org\/{rel}","templated":true}]}}