{"id":142223,"date":"2025-11-06T21:50:11","date_gmt":"2025-11-06T21:50:11","guid":{"rendered":"https:\/\/www.europesays.com\/pt\/142223\/"},"modified":"2025-11-06T21:50:11","modified_gmt":"2025-11-06T21:50:11","slug":"gravida-tem-parto-em-plena-autoestrada-do-algarve-apos-ser-enviada-para-casa-pelo-medico","status":"publish","type":"post","link":"https:\/\/www.europesays.com\/pt\/142223\/","title":{"rendered":"Gr\u00e1vida tem parto em plena autoestrada do Algarve ap\u00f3s ser enviada para casa pelo m\u00e9dico"},"content":{"rendered":"<p>\t                Mulher entrou em contra\u00e7\u00f5es repentinas e o marido levou-a de imediato para o INEM de Loul\u00e9, que acionou uma ambul\u00e2ncia para a levar at\u00e9 ao hospital<\/p>\n<p style=\"margin-bottom:11px\">Uma mulher gr\u00e1vida de 40 semanas deu \u00e0 luz em plena autoestrada do Algarve, depois de ter sido enviada para casa pelo hospital.<\/p>\n<p>O parto ocorreu numa ambul\u00e2ncia de suporte imediato de vida de Loul\u00e9, num caso ocorrido na passada sexta-feira.<\/p>\n<p>A mulher tinha-se deslocado nessa mesma tarde \u00e0 Unidade Local de Sa\u00fade de Portim\u00e3o, uma vez que o servi\u00e7o de Obstetr\u00edcia e Ginecologia de Faro estava encerrado. Isso mesmo obrigou a gr\u00e1vida a uma desloca\u00e7\u00e3o que representou quase o dobro do tempo, uma vez que de Loul\u00e9 ao Hospital de Faro \u00e9 um trajeto de cerca de 20 minutos, sendo que para Portim\u00e3o essa desloca\u00e7\u00e3o perto de 40 minutos.<\/p>\n<p>O m\u00e9dico que a atendeu enviou a mulher para casa, onde a gr\u00e1vida come\u00e7ou a ter contra\u00e7\u00f5es repentinas.<\/p>\n<p>O marido e pai da crian\u00e7a colocou de imediato a mulher no carro para irem em busca de socorro, tendo ido at\u00e9 \u00e0 delega\u00e7\u00e3o do INEM de Loul\u00e9.<\/p>\n<p>Os t\u00e9cnicos prestaram no local os primeiros cuidados, tendo acionado de imediato a viatura de suporte de vida.<\/p>\n<p>A gr\u00e1vida foi depois encaminhada para o Hospital de Portim\u00e3o, mas acabou por entrar em trabalho de parto em plena autoestrada, onde nasceu uma menina saud\u00e1vel.<\/p>\n<p>M\u00e3e e filha foram levadas para o Hospital de Portim\u00e3o, de onde j\u00e1 tiveram alta, encontrando-se em casa a recuperar.<\/p>\n<p>Este \u00e9 mais um caso de uma mulher que tem o filho fora de ambiente hospitalar, seguindo-se ao caso ocorrido em Vieira de Leiria e ao caso de Umo Cani, mulher de nacionalidade guineense que morreu no Hospital Amadora-Sintra. Em ambos estes casos as mulheres foram enviadas para casa pelos m\u00e9dicos que as atenderam numa primeira consulta.<\/p>\n","protected":false},"excerpt":{"rendered":"Mulher entrou em contra\u00e7\u00f5es repentinas e o marido levou-a de imediato para o INEM de Loul\u00e9, que acionou&hellip;\n","protected":false},"author":2,"featured_media":142224,"comment_status":"","ping_status":"","sticky":false,"template":"","format":"standard","meta":{"footnotes":""},"categories":[10],"tags":[609,2569,2642,611,27,28,607,608,2646,2641,2644,610,2645,2643,981,15,16,31458,14,2648,30730,25,26,570,21,22,2647,12,13,19,20,32,23,24,33,117,1030,216,2649,17,18,29,30,31,2640],"class_list":{"0":"post-142223","1":"post","2":"type-post","3":"status-publish","4":"format-standard","5":"has-post-thumbnail","7":"category-portugal","8":"tag-alerta","9":"tag-algarve","10":"tag-amor","11":"tag-ao-minuto","12":"tag-breaking-news","13":"tag-breakingnews","14":"tag-cnn","15":"tag-cnn-portugal","16":"tag-conselhos","17":"tag-covid-19","18":"tag-dicas","19":"tag-direto","20":"tag-especialistas","21":"tag-estudos","22":"tag-familia","23":"tag-featured-news","24":"tag-featurednews","25":"tag-gravida-loule","26":"tag-headlines","27":"tag-hospitais","28":"tag-hospital-de-portimao","29":"tag-latest-news","30":"tag-latestnews","31":"tag-live","32":"tag-main-news","33":"tag-mainnews","34":"tag-medicos","35":"tag-news","36":"tag-noticias","37":"tag-noticias-principais","38":"tag-noticiasprincipais","39":"tag-portugal","40":"tag-principais-noticias","41":"tag-principaisnoticias","42":"tag-pt","43":"tag-saude","44":"tag-saude-mental","45":"tag-sexo","46":"tag-sns","47":"tag-top-stories","48":"tag-topstories","49":"tag-ultimas","50":"tag-ultimas-noticias","51":"tag-ultimasnoticias","52":"tag-vida-saudavel"},"share_on_mastodon":{"url":"","error":"Validation failed: Text character limit of 500 exceeded"},"_links":{"self":[{"href":"https:\/\/www.europesays.com\/pt\/wp-json\/wp\/v2\/posts\/142223","targetHints":{"allow":["GET"]}}],"collection":[{"href":"https:\/\/www.europesays.com\/pt\/wp-json\/wp\/v2\/posts"}],"about":[{"href":"https:\/\/www.europesays.com\/pt\/wp-json\/wp\/v2\/types\/post"}],"author":[{"embeddable":true,"href":"https:\/\/www.europesays.com\/pt\/wp-json\/wp\/v2\/users\/2"}],"replies":[{"embeddable":true,"href":"https:\/\/www.europesays.com\/pt\/wp-json\/wp\/v2\/comments?post=142223"}],"version-history":[{"count":0,"href":"https:\/\/www.europesays.com\/pt\/wp-json\/wp\/v2\/posts\/142223\/revisions"}],"wp:featuredmedia":[{"embeddable":true,"href":"https:\/\/www.europesays.com\/pt\/wp-json\/wp\/v2\/media\/142224"}],"wp:attachment":[{"href":"https:\/\/www.europesays.com\/pt\/wp-json\/wp\/v2\/media?parent=142223"}],"wp:term":[{"taxonomy":"category","embeddable":true,"href":"https:\/\/www.europesays.com\/pt\/wp-json\/wp\/v2\/categories?post=142223"},{"taxonomy":"post_tag","embeddable":true,"href":"https:\/\/www.europesays.com\/pt\/wp-json\/wp\/v2\/tags?post=142223"}],"curies":[{"name":"wp","href":"https:\/\/api.w.org\/{rel}","templated":true}]}}