{"id":142231,"date":"2025-11-06T21:56:08","date_gmt":"2025-11-06T21:56:08","guid":{"rendered":"https:\/\/www.europesays.com\/pt\/142231\/"},"modified":"2025-11-06T21:56:08","modified_gmt":"2025-11-06T21:56:08","slug":"guerreiras-do-k-pop-quem-sao-as-dubladoras-brasileiras-do-huntr-x","status":"publish","type":"post","link":"https:\/\/www.europesays.com\/pt\/142231\/","title":{"rendered":"Guerreiras do K-pop: Quem s\u00e3o as dubladoras brasileiras do HUNTR\/X?"},"content":{"rendered":"<p>T\u00edtulo que assumiu a posi\u00e7\u00e3o de conte\u00fado mais visto da Netflix, \u201c<a href=\"https:\/\/recreio.com.br\/tags\/guerreiras-do-k-pop\" target=\"_blank\" rel=\"noopener nofollow\">Guerreiras do K-pop<\/a>\u201d surgiu para apresentar o HUNTR\/X, trio de idols que escondem uma poderosa habilidade dos f\u00e3s: com suas vozes e um pouco de magia, elas protegem o mundo dos dem\u00f4nios.<\/p>\n<p>Na trama, Rumi, Mira e Zoey formam a nova gera\u00e7\u00e3o de ca\u00e7adoras de dem\u00f4nios. O problema? Na vez delas surge um grupo de k-pop masculino formado por criaturas sobrenaturais mal\u00e9ficas que, com um single chiclete, acabam colocando o futuro do HUNTR\/X e de toda a humanidade em perigo.<\/p>\n<p>Para que os f\u00e3s brasileiros pudessem ver essa aventura m\u00edstica e repleta de a\u00e7\u00e3o na l\u00edngua materna, uma equipe de dubladores foi selecionada para dublar as can\u00e7\u00f5es e os di\u00e1logos \u2014 e dentre os escolhidos, tr\u00eas profissionais se destacam por conquistarem os pap\u00e9is das protagonistas; veja quem s\u00e3o:<\/p>\n<p> Rumi <img loading=\"lazy\" decoding=\"async\" class=\"size-full wp-image-57246 img-fluid lazy\" alt=\"\" width=\"1280\" height=\"720\" src=\"https:\/\/www.europesays.com\/pt\/wp-content\/uploads\/2025\/11\/Rumi-Analu-Pimenta_capa.jpg\"  \/>Rumi, de \u201cGuerreiras do K-pop\u201d e dubladora Analu Pimenta \u2013 Reprodu\u00e7\u00e3o\/Netflix\/Instagram\/analupimenta <\/p>\n<p>Enquanto<strong> Arden Cho<\/strong> empresta a voz para as falas de Rumi e <a href=\"https:\/\/en.wikipedia.org\/wiki\/Ejae\" target=\"_blank\" rel=\"noopener nofollow\"><strong>EJAE<\/strong> <\/a>surge para interpretar as partes da personagem nas can\u00e7\u00f5es, no Brasil, as duas fun\u00e7\u00f5es s\u00e3o da atriz, dubladora, cantora e fonoaudi\u00f3loga, <strong>Analu Pimenta<\/strong>.<\/p>\n<p>Dentre os principais trabalhos de <strong>Analu<\/strong>, est\u00e3o produ\u00e7\u00f5es recentes como a anima\u00e7\u00e3o lan\u00e7ada para celebrar os 100 anos da Disney, \u201cWish: O Poder dos Desejos\u201d, onde ela dubla a personagem Hal, e a s\u00e9rie da Marvel \u201cAgatha Desde Sempre\u201d onde ela conquistou a oportunidade de dar voz a Jennifer Kale.<\/p>\n<p>Veja mais trabalhos da artista:<\/p>\n<blockquote class=\"instagram-media\" style=\"background: #FFF; border: 0; border-radius: 3px; box-shadow: 0 0 1px 0 rgba(0,0,0,0.5),0 1px 10px 0 rgba(0,0,0,0.15); margin: 1px; max-width: 540px; min-width: 326px; padding: 0; width: calc(100% - 2px);\" data-instgrm-captioned=\"\" data-instgrm-permalink=\"https:\/\/www.instagram.com\/p\/DPe4YjJktuw\/?utm_source=ig_embed&amp;utm_campaign=loading\" data-instgrm-version=\"14\"><\/blockquote>\n<p>   Mira <img loading=\"lazy\" decoding=\"async\" class=\"size-full wp-image-57251 img-fluid lazy\" alt=\"\" width=\"1280\" height=\"720\" src=\"https:\/\/www.europesays.com\/pt\/wp-content\/uploads\/2025\/11\/Mira-Vic-Brow_capa-1.jpg\"  \/>Mira, de \u201cGuerreiras do K-pop\u201d e dubladora Vic Brown -Reprodu\u00e7\u00e3o\/Netflix\/Instagram\/victoriabrow <\/p>\n<p>Nas redes sociais, <a href=\"https:\/\/www.instagram.com\/victoriabrow\/?hl=pt-br\" target=\"_blank\" rel=\"noopener nofollow\"><strong>Vic Brow<\/strong><\/a> escreve na biografia um pouco de tudo o que ela sabe fazer ao afirmar que \u00e9 creator (produtora de conte\u00fado online), atriz, cantora e dubladora \u2014 atributos que a levaram a ser escolhida para ser a voz de Mira em \u201cGuerreiras do K-Pop\u201d.<\/p>\n<p>Por meio da dublagem, \u00e9 poss\u00edvel encontrar a voz de <strong>Vic<\/strong> em personagens como Sarah Miller (Nico Parker) na s\u00e9rie \u201cThe Last of Us\u201d da HBO, Espinela de \u201cSteven Universo: O Filme\u201d e \u201cSteven Universo: Futuro\u201d e Marla em \u201cPlaymobil: O Filme\u201d, dentre outras produ\u00e7\u00f5es para TV e cinema.<\/p>\n<p>Na vers\u00e3o original, <strong>May Hong<\/strong> \u00e9 a voz falada de Mira enquanto <strong>Audrey Nuna<\/strong> assume as linhas cantadas pela personagem.<\/p>\n<p>  Zoey <img loading=\"lazy\" decoding=\"async\" class=\"size-full wp-image-57253 img-fluid lazy\" alt=\"\" width=\"1280\" height=\"720\" src=\"https:\/\/www.europesays.com\/pt\/wp-content\/uploads\/2025\/11\/Zoey-Tais-Feijo_capa.jpg\"  \/>Zoey de \u201cGuerreiras do K-pop\u201d e dubladora Ta\u00eds Feij\u00f3 -Reprodu\u00e7\u00e3o\/Netflix\/Instagram\/taisfeijodub <\/p>\n<p>Dubladora, atriz e creator,<strong> Ta\u00eds Feij\u00f3<\/strong> \u00e9 quem empresta a voz para Zoey, a rapper do HUNTR\/X, a qual entrou para a extensa lista de personagens dublados pela artista; veja mais alguns abaixo:<\/p>\n<ul>\n<li>Woo Young-woo em \u201cUma Advogada Extraordin\u00e1ria\u201d<\/li>\n<li>Jessica Cruz nas anima\u00e7\u00f5es da DC<\/li>\n<li>Angela Spica \/ Engenheira em \u201cSuperman\u201d<\/li>\n<li>Kat em \u201cEuphoria\u201d<\/li>\n<li>Senhorita Minutos em \u201cLoki\u201d<\/li>\n<li>Pinkie Pie em \u201cMy Little Pony: Pony Life\u201d<\/li>\n<li>Uvinha em \u201cMoranguinho: Aventuras em Tutti Frutti\u201d<\/li>\n<li>Lori em \u201cA Morte Te D\u00e1 Parab\u00e9ns\u201d<\/li>\n<li>Pedra do Sol em \u201cSteven Universo\u201d e \u201cSteven Universo: Futuro\u201d<\/li>\n<li>Takada em \u201cJujutsu Kaisen\u201d<\/li>\n<\/ul>\n<p>Na vers\u00e3o original, Zoey \u00e9 dublada por <strong>Ji-Young Yoo<\/strong> nas partes de di\u00e1logo da personagem, e <strong>Rei Ami<\/strong> nas m\u00fasicas \u201cHow It\u2019s Done\u201d, \u201cWhat It Sounds Like\u201d, \u201cTakedown\u201d e \u201cGolden\u201d.<\/p>\n<p>Com cria\u00e7\u00e3o de<strong> Maggie Kang<\/strong>, que tamb\u00e9m dirige o filme ao lado de <strong>Chris Appelhans<\/strong>, \u201cGuerreiras do K-pop\u201d j\u00e1 tem uma sequ\u00eancia confirmada. O segundo filme deve chegar em 2029, j\u00e1 o primeiro, lan\u00e7ado em agosto deste ano, est\u00e1 dispon\u00edvel para streaming no cat\u00e1logo da <a href=\"https:\/\/www.netflix.com\/\" target=\"_blank\" rel=\"noopener nofollow\">Netflix<\/a>.<\/p>\n<p>        <a href=\"https:\/\/recreio.com.br\/noticias\/author\/izabela-queiroz\" rel=\"nofollow noopener\" target=\"_blank\">&#13;<br \/>\n          <img alt=\"Izabela Queiroz\" src=\"https:\/\/www.europesays.com\/pt\/wp-content\/uploads\/2025\/11\/1762466168_911_73c0b9c1056486c3f0ac887fc031213cdd608512c3b419d28e1ba5da81c3eb12\"  class=\"avatar avatar-115 photo rounded-circle mr-3\" height=\"115\" width=\"115\" loading=\"lazy\" decoding=\"async\"\/>        <\/a><\/p>\n<p>Izabela Queiroz, jornalista por paix\u00e3o e cin\u00e9fila de carteirinha. Formada pela UNINOVE, encontrou na escrita o lugar ideal para unir tudo o que mais gosta: filmes, s\u00e9ries e m\u00fasica. Nos textos, h\u00e1 quase sempre refer\u00eancias a algo relacionado \u00e0 cultura pop que a marcou. Fora deles, a encontrar\u00e1 assistindo hist\u00f3rias com reviravoltas chocantes, romances cativantes e dramas que a fazem chorar.<\/p>\n<p>\t                                            <script async src=\"\/\/www.instagram.com\/embed.js\"><\/script><\/p>\n","protected":false},"excerpt":{"rendered":"T\u00edtulo que assumiu a posi\u00e7\u00e3o de conte\u00fado mais visto da Netflix, \u201cGuerreiras do K-pop\u201d surgiu para apresentar o&hellip;\n","protected":false},"author":2,"featured_media":130553,"comment_status":"","ping_status":"","sticky":false,"template":"","format":"standard","meta":{"footnotes":""},"categories":[141],"tags":[10195,114,115,148,4550,149,150,716,32,33],"class_list":{"0":"post-142231","1":"post","2":"type-post","3":"status-publish","4":"format-standard","5":"has-post-thumbnail","7":"category-musica","8":"tag-animacoes","9":"tag-entertainment","10":"tag-entretenimento","11":"tag-filmes","12":"tag-guerreiras-do-k-pop","13":"tag-music","14":"tag-musica","15":"tag-netflix","16":"tag-portugal","17":"tag-pt"},"share_on_mastodon":{"url":"https:\/\/pubeurope.com\/@pt\/115504990481399375","error":""},"_links":{"self":[{"href":"https:\/\/www.europesays.com\/pt\/wp-json\/wp\/v2\/posts\/142231","targetHints":{"allow":["GET"]}}],"collection":[{"href":"https:\/\/www.europesays.com\/pt\/wp-json\/wp\/v2\/posts"}],"about":[{"href":"https:\/\/www.europesays.com\/pt\/wp-json\/wp\/v2\/types\/post"}],"author":[{"embeddable":true,"href":"https:\/\/www.europesays.com\/pt\/wp-json\/wp\/v2\/users\/2"}],"replies":[{"embeddable":true,"href":"https:\/\/www.europesays.com\/pt\/wp-json\/wp\/v2\/comments?post=142231"}],"version-history":[{"count":0,"href":"https:\/\/www.europesays.com\/pt\/wp-json\/wp\/v2\/posts\/142231\/revisions"}],"wp:featuredmedia":[{"embeddable":true,"href":"https:\/\/www.europesays.com\/pt\/wp-json\/wp\/v2\/media\/130553"}],"wp:attachment":[{"href":"https:\/\/www.europesays.com\/pt\/wp-json\/wp\/v2\/media?parent=142231"}],"wp:term":[{"taxonomy":"category","embeddable":true,"href":"https:\/\/www.europesays.com\/pt\/wp-json\/wp\/v2\/categories?post=142231"},{"taxonomy":"post_tag","embeddable":true,"href":"https:\/\/www.europesays.com\/pt\/wp-json\/wp\/v2\/tags?post=142231"}],"curies":[{"name":"wp","href":"https:\/\/api.w.org\/{rel}","templated":true}]}}