{"id":142263,"date":"2025-11-06T22:32:09","date_gmt":"2025-11-06T22:32:09","guid":{"rendered":"https:\/\/www.europesays.com\/pt\/142263\/"},"modified":"2025-11-06T22:32:09","modified_gmt":"2025-11-06T22:32:09","slug":"morreu-jogador-de-futebol-americano-marshawn-kneeland-observador","status":"publish","type":"post","link":"https:\/\/www.europesays.com\/pt\/142263\/","title":{"rendered":"Morreu jogador de futebol americano Marshawn Kneeland \u2013 Observador"},"content":{"rendered":"<p>Morreu aos 24 anos o jogador de futebol americano Marshawn Kneeland. A not\u00edcia da morte do atleta foi divulgada pela equipa esta quinta-feira, sem apresentar informa\u00e7\u00f5es sobre a causa da morte.<\/p>\n<p>Por\u00e9m, depois da comunica\u00e7\u00e3o da equipa, a Pol\u00edcia de Frisco, um sub\u00farbio de Dallas, no Texas, revelou que est\u00e1 a investigar a morte do atleta, ap\u00f3s uma persegui\u00e7\u00e3o na cidade.<\/p>\n<p>Em<a href=\"https:\/\/www.friscotexas.gov\/CivicAlerts.aspx?AID=2531\" target=\"_blank\" rel=\"noopener nofollow\"> comunicado<\/a>, o departamento policial revelou que est\u00e1 a investigar \u201cum poss\u00edvel suic\u00eddio\u201d. Foi dito que \u201c\u00e0s 22h39 de 5 de novembro [4h39 em Lisboa]\u201d a pol\u00edcia respondeu a uma chamada do Departamento de Seguran\u00e7a P\u00fablica do Texas \u201cpara localizar um ve\u00edculo que fugiu \u00e0s autoridades durante uma persegui\u00e7\u00e3o enquanto entrou na cidade de Frisco\u201d.<\/p>\n<p>\u00c9 especificado que, ap\u00f3s perderem de vista o carro, a pol\u00edcia \u201cencontrou-o mais tarde\u201d perto de Warren Parkway. O comunicado da pol\u00edcia identifica o jogador de futebol americano, dizendo \u201cque fugiu do local a p\u00e9\u201d. As autoridades estabeleceram um per\u00edmetro e iniciaram opera\u00e7\u00f5es de busca com a assist\u00eancia de uma equipa canina e drones.<\/p>\n<p>\u201cDurante a opera\u00e7\u00e3o, os agentes receberam informa\u00e7\u00e3o de que Kneeland tinha expresso inten\u00e7\u00f5es suicidas\u201d. O atleta foi localizado \u00e0s 1h31 locais, j\u00e1 sete da manh\u00e3 desta quinta-feira em Lisboa, \u201cmorto e com o que pareciam ser ferimentos de bala autoinfligidos\u201d. A pol\u00edcia ir\u00e1 agora apurar mais detalhes sobre a morte do atleta atrav\u00e9s de uma aut\u00f3psia feita pelo gabinete do condado de County.<\/p>\n<p>As autoridades de Frisco n\u00e3o v\u00e3o revelar mais pormenores enquanto decorre a investiga\u00e7\u00e3o, deixando \u201csentidas condol\u00eancias \u00e0 fam\u00edlia de Kneeland e aos seus amigos\u201d.<\/p>\n<p>O atleta estava a meio da segunda \u00e9poca ao servi\u00e7o da equipa Dallas Cowboys.<\/p>\n<p>\u201c\u00c9 com extrema tristeza que os Dallas Cowboys anunciam que Marshawn Kneeland morreu tragicamente esta manh\u00e3. Marshawn era um querido membro da equipa e um membro da nossa organiza\u00e7\u00e3o\u201d, disse a equipa. \u201cOs nossos pensamentos e ora\u00e7\u00f5es em rela\u00e7\u00e3o ao Marshawn dirigem-se \u00e0 sua namorada Catalina e \u00e0 sua fam\u00edlia.\u201d<\/p>\n<blockquote class=\"twitter-tweet\" data-width=\"500\" data-dnt=\"true\">\n<p lang=\"zxx\" dir=\"ltr\"><a href=\"https:\/\/t.co\/CbP3WAm2IB\" rel=\"nofollow\">pic.twitter.com\/CbP3WAm2IB<\/a><\/p>\n<p>\u2014 Dallas Cowboys (@dallascowboys) <a href=\"https:\/\/twitter.com\/dallascowboys\/status\/1986455923024712162?ref_src=twsrc%5Etfw\" rel=\"nofollow noopener\" target=\"_blank\">November 6, 2025<\/a><\/p>\n<\/blockquote>\n<p>Jonathan Perzley, o agente do atleta, tamb\u00e9m emitiu um comunicado sobre a morte de Kneeland. \u201cEstou destro\u00e7ado por confirmar que o meu cliente e querido amigo Marshawn Kneeland morreu na noite passada. Viu-o lutar pelo seu lugar como um mi\u00fado esperan\u00e7oso da Western Michigan com um sonho de ser um profissional respeitado dos Dallas Cowboys\u201d, cita a <a href=\"https:\/\/www.espn.com\/nfl\/story\/_\/id\/46869849\/cowboys-second-year-de-marshawn-kneeland-dies-24\" target=\"_blank\" rel=\"noopener nofollow\">ESPN.\u00a0<\/a><\/p>\n<p>O agente classificou Kneeland como um atleta que se empenhava \u201cem cada treino, em cada momento no campo\u201d. \u201cPerder algu\u00e9m com o seu talento, esp\u00edrito e bondade \u00e9 uma dor que mal consigo expressar em palavras.\u201d<\/p>\n<p>A National Football League (NFL) disse em comunicado que est\u00e1 \u201cprofundamente triste com as not\u00edcias tr\u00e1gicas da morte de Marshawn Kneeland\u201d. A NFL afirmou que \u201cest\u00e1 em contacto com os Cowboys e que disponibilizou\u00a0apoio e recursos de aconselhamento\u201d.<\/p>\n<p>Kneeland, que nasceu a 8 de julho de 2001, em Grand Rapids, no estado do Michigan, era defensive end dos Cowboys. Foi escolhido pelos Cowboys na segunda ronda do Draft da NFL de 2024.<\/p>\n<p>O atleta n\u00e3o jogou nas duas \u00faltimas partidas desta \u00e9poca devido a uma les\u00e3o. Como\u00a0rookie, na \u00e9poca passada, n\u00e3o jogou em seis jogos devido a uma les\u00e3o no joelho.<\/p>\n<p>Kneeland jogou na Godwin Heights High School, em Wyoming, Michigan, antes de vestir as cores dos Broncos, da universidade de Western Michigan, de 2019 a 2023.<\/p>\n<p>(Not\u00edcia atualizada \u00e0s 17h14 com comunicado da Pol\u00edcia de Frisco)<\/p>\n<p>            <script async src=\"https:\/\/platform.twitter.com\/widgets.js\" charset=\"utf-8\"><\/script><\/p>\n","protected":false},"excerpt":{"rendered":"Morreu aos 24 anos o jogador de futebol americano Marshawn Kneeland. A not\u00edcia da morte do atleta foi&hellip;\n","protected":false},"author":2,"featured_media":142264,"comment_status":"","ping_status":"","sticky":false,"template":"","format":"standard","meta":{"footnotes":""},"categories":[87],"tags":[624,135,623,62,32,33,58,134,14441],"class_list":{"0":"post-142263","1":"post","2":"type-post","3":"status-publish","4":"format-standard","5":"has-post-thumbnail","7":"category-desporto","8":"tag-amu00e9rica","9":"tag-desporto","10":"tag-estados-unidos-da-amu00e9rica","11":"tag-mundo","12":"tag-portugal","13":"tag-pt","14":"tag-sociedade","15":"tag-sports","16":"tag-suicu00eddio"},"share_on_mastodon":{"url":"https:\/\/pubeurope.com\/@pt\/115505132315915569","error":""},"_links":{"self":[{"href":"https:\/\/www.europesays.com\/pt\/wp-json\/wp\/v2\/posts\/142263","targetHints":{"allow":["GET"]}}],"collection":[{"href":"https:\/\/www.europesays.com\/pt\/wp-json\/wp\/v2\/posts"}],"about":[{"href":"https:\/\/www.europesays.com\/pt\/wp-json\/wp\/v2\/types\/post"}],"author":[{"embeddable":true,"href":"https:\/\/www.europesays.com\/pt\/wp-json\/wp\/v2\/users\/2"}],"replies":[{"embeddable":true,"href":"https:\/\/www.europesays.com\/pt\/wp-json\/wp\/v2\/comments?post=142263"}],"version-history":[{"count":0,"href":"https:\/\/www.europesays.com\/pt\/wp-json\/wp\/v2\/posts\/142263\/revisions"}],"wp:featuredmedia":[{"embeddable":true,"href":"https:\/\/www.europesays.com\/pt\/wp-json\/wp\/v2\/media\/142264"}],"wp:attachment":[{"href":"https:\/\/www.europesays.com\/pt\/wp-json\/wp\/v2\/media?parent=142263"}],"wp:term":[{"taxonomy":"category","embeddable":true,"href":"https:\/\/www.europesays.com\/pt\/wp-json\/wp\/v2\/categories?post=142263"},{"taxonomy":"post_tag","embeddable":true,"href":"https:\/\/www.europesays.com\/pt\/wp-json\/wp\/v2\/tags?post=142263"}],"curies":[{"name":"wp","href":"https:\/\/api.w.org\/{rel}","templated":true}]}}