{"id":14227,"date":"2025-08-03T13:22:10","date_gmt":"2025-08-03T13:22:10","guid":{"rendered":"https:\/\/www.europesays.com\/pt\/14227\/"},"modified":"2025-08-03T13:22:10","modified_gmt":"2025-08-03T13:22:10","slug":"lam-abre-edital-para-aluguel-de-cinco-aeronaves-com-objetivo-de-recompor-a-frota-e-reconectar-mocambique","status":"publish","type":"post","link":"https:\/\/www.europesays.com\/pt\/14227\/","title":{"rendered":"LAM abre edital para aluguel de cinco aeronaves com objetivo de recompor a frota e reconectar Mo\u00e7ambique"},"content":{"rendered":"<p><img fetchpriority=\"high\" decoding=\"async\" width=\"1024\" height=\"682\" src=\"https:\/\/www.europesays.com\/pt\/wp-content\/uploads\/2025\/08\/LAM-E190-737-1024x682.jpg\" alt=\"\" class=\"wp-image-398959\"  \/><\/p>\n<p style=\"margin-top:55px\">A LAM \u2013 Linhas A\u00e9reas de Mo\u00e7ambique, a companhia a\u00e9rea nacional do pa\u00eds, abriu um edital para o arrendamento de cinco aeronaves, visando atender suas necessidades operacionais de curto prazo. <\/p>\n<p>A informa\u00e7\u00e3o foi divulgada pela empresa estatal em um comunicado oficial, ressaltando que essa iniciativa busca responder \u00e0 crescente demanda por servi\u00e7os de avia\u00e7\u00e3o tanto no \u00e2mbito nacional quanto regional, impulsionada por grandes projetos nos setores de eletricidade, petr\u00f3leo, g\u00e1s e turismo.<\/p>\n<p style=\"margin-bottom:55px\">O edital est\u00e1 dispon\u00edvel para \u201ctodas as empresas nacionais e estrangeiras\u201d interessadas em participar do processo de licita\u00e7\u00e3o, que se estender\u00e1 at\u00e9 o dia 22 de agosto. A proposta refere-se a um contrato de \u2018wet lease\u2019, o que implica que as aeronaves estar\u00e3o completamente operacionais, incluindo tripula\u00e7\u00e3o, manuten\u00e7\u00e3o e seguro.<\/p>\n<p style=\"margin-top:55px\">A LAM passa por um processo de reestrutura\u00e7\u00e3o significativo, ap\u00f3s anos de desinvestimento e problemas operacionais. Em 13 de maio, o Instituto de Gest\u00e3o de Participa\u00e7\u00f5es do Estado (Igepe) anunciou a destitui\u00e7\u00e3o do conselho de administra\u00e7\u00e3o da companhia e a nomea\u00e7\u00e3o de um comit\u00ea gerencial, presidido por Dane Kondic. <\/p>\n<p>Essa decis\u00e3o foi tomada durante uma assembleia geral extraordin\u00e1ria da LAM, como parte do \u201cprocesso de revitaliza\u00e7\u00e3o\u201d da companhia a\u00e9rea estatal.<\/p>\n<p>Al\u00e9m disso, foi aprovada a cria\u00e7\u00e3o de um conselho de administra\u00e7\u00e3o n\u00e3o-executivo, que contar\u00e1 com representantes das tr\u00eas empresas estatais que se tornaram acionistas da LAM neste ano: a Hidroel\u00e9trica de Cahora Bassa (HCB), os Portos e Caminhos de Ferro de Mo\u00e7ambique (CFM) e a Empresa Mo\u00e7ambicana de Seguros (EMOSE).<\/p>\n<p>A consultoria Knighthood Global, contratada pelos acionistas da LAM para assessorar na reestrutura\u00e7\u00e3o, reconheceu em maio que teria um prazo de tr\u00eas meses para \u201cestabilizar e reposicionar\u201d a companhia. <\/p>\n<p style=\"margin-bottom:55px\">Na ocasi\u00e3o, a consultoria informou que foi \u201cdesignada pelo Governo de Mo\u00e7ambique para ajudar a revitalizar\u201d a empresa e \u201co setor de avia\u00e7\u00e3o do pa\u00eds como um todo\u201d, tendo j\u00e1 iniciado em junho a busca por at\u00e9 cinco aeronaves Boeing 737-700 para a transportadora mo\u00e7ambicana.<\/p>\n","protected":false},"excerpt":{"rendered":"A LAM \u2013 Linhas A\u00e9reas de Mo\u00e7ambique, a companhia a\u00e9rea nacional do pa\u00eds, abriu um edital para o&hellip;\n","protected":false},"author":2,"featured_media":14228,"comment_status":"","ping_status":"","sticky":false,"template":"","format":"standard","meta":{"footnotes":""},"categories":[83],"tags":[5328,5746,5747,1310,324,88,89,90,5748,5749,42,5750,32,33],"class_list":{"0":"post-14227","1":"post","2":"type-post","3":"status-publish","4":"format-standard","5":"has-post-thumbnail","7":"category-empresas","8":"tag-aereo","9":"tag-aeronaves","10":"tag-aumento","11":"tag-aviacao","12":"tag-aviao","13":"tag-business","14":"tag-economy","15":"tag-empresas","16":"tag-frota","17":"tag-lam","18":"tag-mercado","19":"tag-operacao","20":"tag-portugal","21":"tag-pt"},"share_on_mastodon":{"url":"","error":""},"_links":{"self":[{"href":"https:\/\/www.europesays.com\/pt\/wp-json\/wp\/v2\/posts\/14227","targetHints":{"allow":["GET"]}}],"collection":[{"href":"https:\/\/www.europesays.com\/pt\/wp-json\/wp\/v2\/posts"}],"about":[{"href":"https:\/\/www.europesays.com\/pt\/wp-json\/wp\/v2\/types\/post"}],"author":[{"embeddable":true,"href":"https:\/\/www.europesays.com\/pt\/wp-json\/wp\/v2\/users\/2"}],"replies":[{"embeddable":true,"href":"https:\/\/www.europesays.com\/pt\/wp-json\/wp\/v2\/comments?post=14227"}],"version-history":[{"count":0,"href":"https:\/\/www.europesays.com\/pt\/wp-json\/wp\/v2\/posts\/14227\/revisions"}],"wp:featuredmedia":[{"embeddable":true,"href":"https:\/\/www.europesays.com\/pt\/wp-json\/wp\/v2\/media\/14228"}],"wp:attachment":[{"href":"https:\/\/www.europesays.com\/pt\/wp-json\/wp\/v2\/media?parent=14227"}],"wp:term":[{"taxonomy":"category","embeddable":true,"href":"https:\/\/www.europesays.com\/pt\/wp-json\/wp\/v2\/categories?post=14227"},{"taxonomy":"post_tag","embeddable":true,"href":"https:\/\/www.europesays.com\/pt\/wp-json\/wp\/v2\/tags?post=14227"}],"curies":[{"name":"wp","href":"https:\/\/api.w.org\/{rel}","templated":true}]}}