{"id":142273,"date":"2025-11-06T22:37:11","date_gmt":"2025-11-06T22:37:11","guid":{"rendered":"https:\/\/www.europesays.com\/pt\/142273\/"},"modified":"2025-11-06T22:37:11","modified_gmt":"2025-11-06T22:37:11","slug":"a-russia-esta-a-equipar-bombas-nao-guiadas-com-motores-a-jato","status":"publish","type":"post","link":"https:\/\/www.europesays.com\/pt\/142273\/","title":{"rendered":"A R\u00fassia est\u00e1 a equipar bombas n\u00e3o guiadas com motores a jato"},"content":{"rendered":"<p>\t                Vadym Skibitsky, vice-l\u00edder dos servi\u00e7os secretos militares da Ucr\u00e2nia (GUR), diz que o motor aumenta o raio de a\u00e7\u00e3o das bombas em 200 quil\u00f3metros. Antes, tinham um alcance de apenas 80 quil\u00f3metros<\/p>\n<p style=\"margin-bottom:11px\">A R\u00fassia est\u00e1 a equipar bombas n\u00e3o guiadas com motores a jato, <a href=\"https:\/\/www.ft.com\/content\/b6d493dc-bd36-4140-bff8-c1bcdf992364\" rel=\"nofollow noopener\" target=\"_blank\">noticia o Financial Times.<\/a><\/p>\n<p>Estas bombas adaptadas, chamadas KAB\u2019s, do tempo da Uni\u00e3o Sovi\u00e9tica, j\u00e1 atingiram alvos em Odessa, Mykolaiv e Poltava, longe da linha da frente.<\/p>\n<p>O motor, diz Vadym Skibitsky, vice-l\u00edder dos servi\u00e7os secretos militares da Ucr\u00e2nia (GUR), aumenta o raio de a\u00e7\u00e3o das bombas em 200 quil\u00f3metros. Antes, tinham um alcance de apenas 80 quil\u00f3metros.<\/p>\n<p>Esta n\u00e3o \u00e9 a primeira vez que a R\u00fassia modifica bombas n\u00e3o guiadas. Em 2023, o Financial Times <a href=\"https:\/\/www.ft.com\/content\/0d6612f2-5d59-4ce2-bb2f-592309991430\" target=\"_blank\" rel=\"nofollow noopener\">chegou tamb\u00e9m a noticiar<\/a> que estas bombas estavam a ser equipadas com asas e muni\u00e7\u00f5es de precis\u00e3o, que permitem \u00e0 bomba planar durante mais quil\u00f3metros e transformar-se numa bomba guiada.<\/p>\n<p>Contudo, Yuriy Ihnat, porta-voz da For\u00e7a A\u00e9rea Ucraniana, alertou que ainda \u201cn\u00e3o h\u00e1 uso generalizado dessas bombas n\u00e3o guiadas neste momento\u201d.<\/p>\n<p>\u201cO inimigo est\u00e1 a test\u00e1-las em condi\u00e7\u00f5es de combate\u201d, disse Ihnat, citado pela publica\u00e7\u00e3o brit\u00e2nica. Ainda assim, a For\u00e7a A\u00e9rea Ucraniana reportou a utiliza\u00e7\u00e3o destas bombas na regi\u00e3o de Kharkiv.<\/p>\n","protected":false},"excerpt":{"rendered":"Vadym Skibitsky, vice-l\u00edder dos servi\u00e7os secretos militares da Ucr\u00e2nia (GUR), diz que o motor aumenta o raio de&hellip;\n","protected":false},"author":2,"featured_media":142274,"comment_status":"","ping_status":"","sticky":false,"template":"","format":"standard","meta":{"footnotes":""},"categories":[50],"tags":[609,836,611,31459,31460,27,28,607,608,333,832,604,135,610,476,15,16,301,830,889,14,603,25,26,570,21,22,831,833,62,22075,834,12,13,19,20,28162,835,602,52,31461,32,23,24,839,17,18,840,29,30,31,63,64,65],"class_list":{"0":"post-142273","1":"post","2":"type-post","3":"status-publish","4":"format-standard","5":"has-post-thumbnail","7":"category-mundo","8":"tag-alerta","9":"tag-analise","10":"tag-ao-minuto","11":"tag-bombas","12":"tag-bombas-nao-guiadas","13":"tag-breaking-news","14":"tag-breakingnews","15":"tag-cnn","16":"tag-cnn-portugal","17":"tag-comentadores","18":"tag-costa","19":"tag-crime","20":"tag-desporto","21":"tag-direto","22":"tag-economia","23":"tag-featured-news","24":"tag-featurednews","25":"tag-governo","26":"tag-guerra","27":"tag-guerra-na-ucrania","28":"tag-headlines","29":"tag-justica","30":"tag-latest-news","31":"tag-latestnews","32":"tag-live","33":"tag-main-news","34":"tag-mainnews","35":"tag-mais-vistas","36":"tag-marcelo","37":"tag-mundo","38":"tag-mykolaiv","39":"tag-negocios","40":"tag-news","41":"tag-noticias","42":"tag-noticias-principais","43":"tag-noticiasprincipais","44":"tag-odessa","45":"tag-opiniao","46":"tag-pais","47":"tag-politica","48":"tag-poltava","49":"tag-portugal","50":"tag-principais-noticias","51":"tag-principaisnoticias","52":"tag-russia","53":"tag-top-stories","54":"tag-topstories","55":"tag-ucrania","56":"tag-ultimas","57":"tag-ultimas-noticias","58":"tag-ultimasnoticias","59":"tag-world","60":"tag-world-news","61":"tag-worldnews"},"share_on_mastodon":{"url":"","error":"Validation failed: Text character limit of 500 exceeded"},"_links":{"self":[{"href":"https:\/\/www.europesays.com\/pt\/wp-json\/wp\/v2\/posts\/142273","targetHints":{"allow":["GET"]}}],"collection":[{"href":"https:\/\/www.europesays.com\/pt\/wp-json\/wp\/v2\/posts"}],"about":[{"href":"https:\/\/www.europesays.com\/pt\/wp-json\/wp\/v2\/types\/post"}],"author":[{"embeddable":true,"href":"https:\/\/www.europesays.com\/pt\/wp-json\/wp\/v2\/users\/2"}],"replies":[{"embeddable":true,"href":"https:\/\/www.europesays.com\/pt\/wp-json\/wp\/v2\/comments?post=142273"}],"version-history":[{"count":0,"href":"https:\/\/www.europesays.com\/pt\/wp-json\/wp\/v2\/posts\/142273\/revisions"}],"wp:featuredmedia":[{"embeddable":true,"href":"https:\/\/www.europesays.com\/pt\/wp-json\/wp\/v2\/media\/142274"}],"wp:attachment":[{"href":"https:\/\/www.europesays.com\/pt\/wp-json\/wp\/v2\/media?parent=142273"}],"wp:term":[{"taxonomy":"category","embeddable":true,"href":"https:\/\/www.europesays.com\/pt\/wp-json\/wp\/v2\/categories?post=142273"},{"taxonomy":"post_tag","embeddable":true,"href":"https:\/\/www.europesays.com\/pt\/wp-json\/wp\/v2\/tags?post=142273"}],"curies":[{"name":"wp","href":"https:\/\/api.w.org\/{rel}","templated":true}]}}