{"id":142288,"date":"2025-11-06T22:50:50","date_gmt":"2025-11-06T22:50:50","guid":{"rendered":"https:\/\/www.europesays.com\/pt\/142288\/"},"modified":"2025-11-06T22:50:50","modified_gmt":"2025-11-06T22:50:50","slug":"nao-houve-crime-na-venda-das-barragens-mas-edp-tem-de-pagar-335-milhoes-ao-fisco-jornal-de-noticias","status":"publish","type":"post","link":"https:\/\/www.europesays.com\/pt\/142288\/","title":{"rendered":"N\u00e3o houve crime na venda das barragens mas EDP tem de pagar 335 milh\u00f5es ao Fisco &#8211; Jornal de Not\u00edcias"},"content":{"rendered":"<ol>\n<li><a href=\"https:\/\/news.google.com\/rss\/articles\/CBMiwAFBVV95cUxNaE9QLTBYOHZhZmFyWTFpRzlKTjRzaUJCd0VUeVpQaFZtcnJQZS04QklVMlhqZzczX3BMQUtSRlFWVzJQdUdNUnIzNlNFR0hybENnZXZaQWNxYXpKbTk0N0xLbmRzWVZpRHZ1RlJhNzFoZVZKVTl3S3JYYkJ5d2JwVjRRdURKbjhGUy1YckRiYVlUcFk3WEFkdGhfVUFJN183VjBNc2dvaTZHZ19KZWJadWZlOU9hXzZSNld5QkxFd1Q?oc=5\" target=\"_blank\" rel=\"nofollow noopener\">N\u00e3o houve crime na venda das barragens mas EDP tem de pagar 335 milh\u00f5es ao Fisco<\/a>&nbsp;&nbsp;Jornal de Not\u00edcias<\/li>\n<li><a href=\"https:\/\/news.google.com\/rss\/articles\/CBMi7gFBVV95cUxNeGsza3h4SjY4dFNvVW1HbmF0RlpUQ3lmYktiTnJmR2VWcEp6aG43VkpwT2wwM3M5TGR3RHJYbHM0MHE0Y3BtQjZEaEFDeXdWZWVJNE5qNEpQX2N1bFdxWXkteXVuRUVVeUdMTnFLQW1YaUtJLW1hMmRTc3NKX3hvc2F3NF9MSWNUelVYclNUendrWFo2dThmekVWbFpLZElYNHlxRzRQTjlFMktnN191V240SmJJOW9RUWFlX0RlRWVaMWNldGtsTUNhT3AweDY3WnlMYWYzOUtFM2NDTERmcjdwaEZnbV8wdEFHdUpB?oc=5\" target=\"_blank\" rel=\"nofollow noopener\">Ministro das Finan\u00e7as diz que &#8220;\u00e9 extempor\u00e2neo&#8221; contar com impostos da venda de barragens da EDP &#8220;nos pr\u00f3ximos anos&#8221;<\/a>&nbsp;&nbsp;RTP<\/li>\n<li><a href=\"https:\/\/news.google.com\/rss\/articles\/CBMi7gFBVV95cUxOdHR2R1VjWUFDQW93d2lMbE1fUDFmMkNNcVFzWEprYVB4Q0tpS0Mwdl9zc2Y3cS12MjQ0STFlMmc3Z1ZSdHVWNmJfMTdub1Bqekc4Y3h3ZDEzLW8wMmZmckV6YW44cjlkM2FaLUJEU3MyOEk5Umk0dEFoZ3VqWjZaNnRhYjYteGIwRGk4dTFwcUNWblpKdVJsTVdMNk5rN2FscHF0S0VhRnFobVUwMUMtNS1ETmpCdGNUdHUwaGh5c1hvbUl1UjlVanl2MWpUX05xUklZUUd4anFtZXdLR2lTSkZtdlZXWmtwYTNhekt3?oc=5\" target=\"_blank\" rel=\"nofollow noopener\">Imposto por vender barragens. EDP tranquila n\u00e3o faz provis\u00e3o<\/a>&nbsp;&nbsp;Observador<\/li>\n<li><a href=\"https:\/\/news.google.com\/rss\/articles\/CBMi3wFBVV95cUxQcjE4QnNENE9sSXJzZTdrRzdjZHZEZjU2MkJsRUdUMUpWaS1pQWNCTjlQUElGU09NYWtlc29TUW5wbWcydUR3TUZfX3pFd3JlVkhJelRIdkxjdnVTSFFmZ2ViVnlKdm9kZUJpTkdyS0k4VlNBeHUzTm43dHdsOEt0SlN0SE1iX1Z5VzByeC12MnlaUUdHd240bzBrcm0xRUY4am9rcXh6VnpsMXJVMTdNN2toWHROblNsMmprblhLMTVEc0VGQmpsb0tpSDFaUGFDLWVaX2pGMi1PVW51MTg0?oc=5\" target=\"_blank\" rel=\"nofollow noopener\">Movimento Terras de Miranda diz que luta pelos impostos das barragens ainda n\u00e3o terminou<\/a>&nbsp;&nbsp;Jornal de Neg\u00f3cios<\/li>\n<li><a href=\"https:\/\/news.google.com\/rss\/articles\/CBMizAFBVV95cUxPRlNJeDVUYTV2NGpfSmcyM0Zld1dIa1NtSElOSUJYUm0xNkhJS2Vkci0yTmR5cDlKZm1oZjM2eE5UR0h5YlZGVGFWS0ZTUlUzLWllcTlsbzdKX2FSazd6Q0pfQ0ZMa21rdEUwVWQ5LWUxblBwWmlRaGlCTE5xN1NFQWVpamJzY1N0ZmVjckQxSFRTU28tNWl6Rm5QSlF6Y3I0eFRlYTl6N2Rwa29xa0FCc1IzRkRuc0NvLTBPRGF2aW1JcnJMNGkyZUpydFLSAbwBQVVfeXFMUHZTMmttallLNm1PUHpFWWIxYVJrU1l1bXNGaDVaTjZXNTZiN1lvVVpjbmdLY1VOX1BpdUZtaGdLY1Z6UXhqZDVYLVBxNFdyZ0FmQUVNZ05mQlNONmRRQURTM2xLUHlzYV96N21yOVlqeXhpWVAwVkNlOUxOLThZbFdsNndOUTVTSnNBdFA5NXRTM0E2T2U2TG45VEhwQVdQdGwtNnIxazgxZ2RBckZIUWVCSGxtYWI0Q2RlYmg?oc=5\" target=\"_blank\" rel=\"nofollow noopener\">BE prop\u00f5e fundo de apoio aos munic\u00edpios com verbas pagas pela EDP por venda de barragens<\/a>&nbsp;&nbsp;TSF<\/li>\n<\/ol>\n","protected":false},"excerpt":{"rendered":"N\u00e3o houve crime na venda das barragens mas EDP tem de pagar 335 milh\u00f5es ao Fisco&nbsp;&nbsp;Jornal de Not\u00edcias&hellip;\n","protected":false},"author":2,"featured_media":142289,"comment_status":"","ping_status":"","sticky":false,"template":"","format":"standard","meta":{"footnotes":""},"categories":[83],"tags":[5455,88,89,7598,90,619,32,33,30502],"class_list":{"0":"post-142288","1":"post","2":"type-post","3":"status-publish","4":"format-standard","5":"has-post-thumbnail","7":"category-empresas","8":"tag-barragens","9":"tag-business","10":"tag-economy","11":"tag-edp","12":"tag-empresas","13":"tag-nacional","14":"tag-portugal","15":"tag-pt","16":"tag-tras-os-montes"},"share_on_mastodon":{"url":"https:\/\/pubeurope.com\/@pt\/115505206713961519","error":""},"_links":{"self":[{"href":"https:\/\/www.europesays.com\/pt\/wp-json\/wp\/v2\/posts\/142288","targetHints":{"allow":["GET"]}}],"collection":[{"href":"https:\/\/www.europesays.com\/pt\/wp-json\/wp\/v2\/posts"}],"about":[{"href":"https:\/\/www.europesays.com\/pt\/wp-json\/wp\/v2\/types\/post"}],"author":[{"embeddable":true,"href":"https:\/\/www.europesays.com\/pt\/wp-json\/wp\/v2\/users\/2"}],"replies":[{"embeddable":true,"href":"https:\/\/www.europesays.com\/pt\/wp-json\/wp\/v2\/comments?post=142288"}],"version-history":[{"count":0,"href":"https:\/\/www.europesays.com\/pt\/wp-json\/wp\/v2\/posts\/142288\/revisions"}],"wp:featuredmedia":[{"embeddable":true,"href":"https:\/\/www.europesays.com\/pt\/wp-json\/wp\/v2\/media\/142289"}],"wp:attachment":[{"href":"https:\/\/www.europesays.com\/pt\/wp-json\/wp\/v2\/media?parent=142288"}],"wp:term":[{"taxonomy":"category","embeddable":true,"href":"https:\/\/www.europesays.com\/pt\/wp-json\/wp\/v2\/categories?post=142288"},{"taxonomy":"post_tag","embeddable":true,"href":"https:\/\/www.europesays.com\/pt\/wp-json\/wp\/v2\/tags?post=142288"}],"curies":[{"name":"wp","href":"https:\/\/api.w.org\/{rel}","templated":true}]}}