{"id":142304,"date":"2025-11-06T23:01:09","date_gmt":"2025-11-06T23:01:09","guid":{"rendered":"https:\/\/www.europesays.com\/pt\/142304\/"},"modified":"2025-11-06T23:01:09","modified_gmt":"2025-11-06T23:01:09","slug":"nutricionista-lista-5-frutas-ricas-em-proteina-que-voce-nem-imagina","status":"publish","type":"post","link":"https:\/\/www.europesays.com\/pt\/142304\/","title":{"rendered":"Nutricionista lista 5 frutas ricas em prote\u00edna que voc\u00ea nem imagina"},"content":{"rendered":"<p>Voc\u00ea provavelmente nunca olhou para um maracuj\u00e1 pensando em prote\u00edna, mas essa e outras frutas comuns podem oferecer uma ajuda valiosa para quem busca fortalecer os m\u00fasculos e melhorar a recupera\u00e7\u00e3o ap\u00f3s o treino.<\/p>\n<p>Continua depois da publicidade<\/p>\n<p>Segundo a nutricionista Andrea Delgado, da Cl\u00ednica Mayo, algumas frutas chegam a ter mais de 4 g de prote\u00edna por por\u00e7\u00e3o. \u201cAs pessoas se surpreendem ao observar que certas frutas superam 4 g de prote\u00edna em uma por\u00e7\u00e3o razo\u00e1vel\u201d, revela \u00e0 BBC News Mundo.<\/p>\n<p>De acordo com Delgado, o segredo est\u00e1 nas sementes, onde se concentra boa parte dos amino\u00e1cidos essenciais. Ela selecionou cinco frutas que podem ser incorporadas \u00e0 rotina alimentar para aumentar o consumo de prote\u00edna naturalmente.<\/p>\n<p>1<\/p>\n<p>VoltarAvan\u00e7ar<\/p>\n<p><img loading=\"lazy\" decoding=\"async\" width=\"1200\" height=\"675\" data-id=\"7716924\" src=\"https:\/\/www.europesays.com\/pt\/wp-content\/uploads\/2025\/11\/Nutricionista-lista-5-frutas-ricas-em-proteina-que-voce-nem-imagina.jpg\" alt=\"frutas com bastante prote\u00edna\" class=\"wp-image-7716924\"  \/><\/p>\n<p>Maracuj\u00e1 \u2013 cerca de 4,8 g de prote\u00edna (Foto: Banco de Imagens)<\/p>\n<p><img loading=\"lazy\" decoding=\"async\" width=\"1200\" height=\"675\" data-id=\"7716919\" src=\"https:\/\/www.europesays.com\/pt\/wp-content\/uploads\/2025\/11\/Nutricionista-lista-5-frutas-ricas-em-proteina-que-voce-nem-imagina-3.jpg\" alt=\"\" class=\"wp-image-7716919\"  \/><\/p>\n<p>Rom\u00e3 \u2013 cerca de 4,0 g de prote\u00edna (Foto: Banco de Imagens)<\/p>\n<p><img loading=\"lazy\" decoding=\"async\" width=\"1200\" height=\"675\" data-id=\"7716920\" src=\"https:\/\/www.europesays.com\/pt\/wp-content\/uploads\/2025\/11\/Nutricionista-lista-5-frutas-ricas-em-proteina-que-voce-nem-imagina-4.jpg\" alt=\"frutas com bastante prote\u00edna\" class=\"wp-image-7716920\"  \/><\/p>\n<p>Jaca seca \u2013 cerca de 2,5 g de prote\u00edna (Foto: Banco de Imagens)<\/p>\n<p><img loading=\"lazy\" decoding=\"async\" width=\"1200\" height=\"675\" data-id=\"7716922\" src=\"https:\/\/www.europesays.com\/pt\/wp-content\/uploads\/2025\/11\/Nutricionista-lista-5-frutas-ricas-em-proteina-que-voce-nem-imagina-6.jpg\" alt=\"\" class=\"wp-image-7716922\"  \/><\/p>\n<p>Damasco seco \u2013 cerca de 4,0 g de prote\u00edna (Foto: Banco de Imagens)<\/p>\n<p><img loading=\"lazy\" decoding=\"async\" width=\"1200\" height=\"675\" data-id=\"7716923\" src=\"https:\/\/www.europesays.com\/pt\/wp-content\/uploads\/2025\/11\/Nutricionista-lista-5-frutas-ricas-em-proteina-que-voce-nem-imagina-7.jpg\" alt=\"frutas com bastante prote\u00edna\" class=\"wp-image-7716923\"  \/><\/p>\n<p>Abacate \u2013 cerca de 1,8 g de prote\u00edna (Foto: Banco de Imagens)<\/p>\n<p><img loading=\"lazy\" decoding=\"async\" width=\"1200\" height=\"675\" data-id=\"7716918\" src=\"https:\/\/www.europesays.com\/pt\/wp-content\/uploads\/2025\/11\/Nutricionista-lista-5-frutas-ricas-em-proteina-que-voce-nem-imagina-2.jpg\" alt=\"Nutricionista lista 5 frutas ricas em prote\u00edna que voc\u00ea nem imagina (2)\" class=\"wp-image-7716918\"  \/><\/p>\n<p>Goiaba \u2013 cerca de 4,2 g de prote\u00edna (Foto: Banco de Imagens)<\/p>\n<p>Maracuj\u00e1<\/p>\n<p>O maracuj\u00e1 encabe\u00e7a a lista com quase 5 g de prote\u00edna por copo. As sementes concentram os amino\u00e1cidos, por isso o ideal \u00e9 consumir a fruta inteira ou bater o suco sem coar. \u201cSe voc\u00ea coar, fica principalmente com o a\u00e7\u00facar\u201d, alerta a nutricionista.<\/p>\n<p>Continua depois da publicidade<\/p>\n<p>Al\u00e9m da prote\u00edna, o maracuj\u00e1 \u00e9 fonte de magn\u00e9sio, fibras sol\u00faveis e compostos que ajudam a controlar a press\u00e3o arterial. A fruta tamb\u00e9m fornece antioxidantes que combatem o estresse oxidativo e favorecem o equil\u00edbrio do corpo.<\/p>\n<p>Uma batida de maracuj\u00e1 ap\u00f3s o treino pode oferecer quase tanta prote\u00edna quanto uma dose de suplemento, mas com o benef\u00edcio extra dos eletr\u00f3litos e vitaminas naturais. \u00c9 uma op\u00e7\u00e3o saborosa e funcional para o p\u00f3s-exerc\u00edcio.<\/p>\n<p>Goiaba<\/p>\n<p>A goiaba \u00e9 outra fruta tropical que surpreende pela quantidade de prote\u00edna \u2013 cerca de 4 g por copo. Al\u00e9m disso, oferece o dobro da dose di\u00e1ria de vitamina C, essencial para fortalecer o sistema imunol\u00f3gico e auxiliar na s\u00edntese de col\u00e1geno.<\/p>\n<p>Continua depois da publicidade<\/p>\n<p>\u201cO teor de prote\u00edna prov\u00e9m sobretudo das sementes\u201d, explica Delgado. Por isso, triturar a fruta \u00e9 a melhor forma de consumo, pois o suco clarificado perde parte de seus nutrientes e da prote\u00edna presente na polpa.<\/p>\n<p>Combinar a goiaba com iogurte natural \u00e9 uma excelente estrat\u00e9gia. A mistura conserva as sementes e ainda adiciona c\u00e1lcio e probi\u00f3ticos, refor\u00e7ando o sistema digestivo e contribuindo para a recupera\u00e7\u00e3o muscular.<\/p>\n<p>Rom\u00e3<\/p>\n<p>A rom\u00e3 \u00e9 conhecida pelo seu visual vibrante, mas tamb\u00e9m esconde um teor surpreendente de prote\u00edna, cerca de 4 g por copo. Al\u00e9m disso, \u00e9 rica em polifen\u00f3is e antocianinas, compostos ligados \u00e0 sa\u00fade cardiovascular e \u00e0 a\u00e7\u00e3o anti-inflamat\u00f3ria.<\/p>\n<p>Continua depois da publicidade<\/p>\n<p>Pesquisas da Cl\u00ednica Mayo indicam que o consumo regular de rom\u00e3 pode auxiliar no controle da press\u00e3o arterial e na manuten\u00e7\u00e3o de n\u00edveis saud\u00e1veis de colesterol. Uma aliada para quem busca equil\u00edbrio e vitalidade.<\/p>\n<p>Por sua versatilidade, a fruta pode ser inclu\u00edda em saladas, sobremesas ou at\u00e9 sucos. As sementes crocantes e o sabor levemente \u00e1cido tornam o consumo prazeroso e funcional, ideal para incluir mais prote\u00edna no card\u00e1pio.<\/p>\n<p>Jaca e damasco<\/p>\n<p>A jaca seca \u00e9 um curinga na culin\u00e1ria vegana, usada como substituta da carne. Com cerca de 2,5 g de prote\u00edna por por\u00e7\u00e3o, \u00e9 rica em pot\u00e1ssio e magn\u00e9sio, que contribuem para a sa\u00fade dos ossos e o bom funcionamento muscular.<\/p>\n<p>Continua depois da publicidade<\/p>\n<p>J\u00e1 o damasco seco concentra at\u00e9 4 g de prote\u00edna por copo e oferece praticidade. \u201cEles s\u00e3o leves e oferecem mais prote\u00edna do que muitas barrinhas comerciais\u201d, observa a especialista. Perfeitos para lanches r\u00e1pidos ou pr\u00e9-treino.<\/p>\n<p>Essas op\u00e7\u00f5es desidratadas mant\u00eam seus nutrientes e s\u00e3o ideais para quem busca alternativas vegetais com boa densidade proteica, sem recorrer a produtos industrializados.<\/p>\n<p>E o abacate?<\/p>\n<p>Embora o abacate seja popular entre atletas, seu valor proteico \u00e9 mais baixo \u2014 cerca de 1,8 g por copo. \u201cSeu valor principal est\u00e1 nas gorduras monoinsaturadas, n\u00e3o no perfil proteico\u201d, explica Delgado.<\/p>\n<p>Continua depois da publicidade<\/p>\n<p>Para garantir uma ingest\u00e3o adequada, a especialista recomenda consumir entre 1 e 1,2 g de prote\u00edna por quilo de peso corporal. Frutas como maracuj\u00e1, goiaba e rom\u00e3 podem ajudar a atingir essa meta de forma natural e saborosa.<\/p>\n<p>\u201cObter 5 g de um copo de maracuj\u00e1 n\u00e3o parece muito, mas colabora e oferece vitaminas, fibras e antioxidantes que nunca estar\u00e3o presentes em um suplemento\u201d, conclui a nutricionista.<\/p>\n<p><strong><a href=\"https:\/\/www.nsctotal.com.br\/noticias\/a-fruta-que-pode-ser-um-perigo-essas-pessoas-devem-evitar-o-abacaxi\" target=\"_blank\" rel=\"noreferrer noopener nofollow\">A fruta que pode ser um perigo: essas pessoas devem evitar o abacaxi<\/a><\/strong><\/p>\n","protected":false},"excerpt":{"rendered":"Voc\u00ea provavelmente nunca olhou para um maracuj\u00e1 pensando em prote\u00edna, mas essa e outras frutas comuns podem oferecer&hellip;\n","protected":false},"author":2,"featured_media":142305,"comment_status":"","ping_status":"","sticky":false,"template":"","format":"standard","meta":{"footnotes":""},"categories":[86],"tags":[116,32,33,117,794],"class_list":{"0":"post-142304","1":"post","2":"type-post","3":"status-publish","4":"format-standard","5":"has-post-thumbnail","7":"category-saude","8":"tag-health","9":"tag-portugal","10":"tag-pt","11":"tag-saude","12":"tag-voce-viu"},"share_on_mastodon":{"url":"https:\/\/pubeurope.com\/@pt\/115505246249059586","error":""},"_links":{"self":[{"href":"https:\/\/www.europesays.com\/pt\/wp-json\/wp\/v2\/posts\/142304","targetHints":{"allow":["GET"]}}],"collection":[{"href":"https:\/\/www.europesays.com\/pt\/wp-json\/wp\/v2\/posts"}],"about":[{"href":"https:\/\/www.europesays.com\/pt\/wp-json\/wp\/v2\/types\/post"}],"author":[{"embeddable":true,"href":"https:\/\/www.europesays.com\/pt\/wp-json\/wp\/v2\/users\/2"}],"replies":[{"embeddable":true,"href":"https:\/\/www.europesays.com\/pt\/wp-json\/wp\/v2\/comments?post=142304"}],"version-history":[{"count":0,"href":"https:\/\/www.europesays.com\/pt\/wp-json\/wp\/v2\/posts\/142304\/revisions"}],"wp:featuredmedia":[{"embeddable":true,"href":"https:\/\/www.europesays.com\/pt\/wp-json\/wp\/v2\/media\/142305"}],"wp:attachment":[{"href":"https:\/\/www.europesays.com\/pt\/wp-json\/wp\/v2\/media?parent=142304"}],"wp:term":[{"taxonomy":"category","embeddable":true,"href":"https:\/\/www.europesays.com\/pt\/wp-json\/wp\/v2\/categories?post=142304"},{"taxonomy":"post_tag","embeddable":true,"href":"https:\/\/www.europesays.com\/pt\/wp-json\/wp\/v2\/tags?post=142304"}],"curies":[{"name":"wp","href":"https:\/\/api.w.org\/{rel}","templated":true}]}}