{"id":14233,"date":"2025-08-03T13:30:04","date_gmt":"2025-08-03T13:30:04","guid":{"rendered":"https:\/\/www.europesays.com\/pt\/14233\/"},"modified":"2025-08-03T13:30:04","modified_gmt":"2025-08-03T13:30:04","slug":"os-meus-dois-lados-sao-agora-apenas-um-dua-lipa-tornou-se-cidada-do-kosovo","status":"publish","type":"post","link":"https:\/\/www.europesays.com\/pt\/14233\/","title":{"rendered":"\u201cOs meus dois lados s\u00e3o agora apenas um\u201d: Dua Lipa tornou-se cidad\u00e3 do Kosovo"},"content":{"rendered":"<p>O Kosovo atribuiu a cidadania a Dua Lipa, numa cerim\u00f3nia ocorrida na passada sexta-feira, dia em que a artista atuou em Pristina.<\/p>\n<p>A artista, nascida em Londres e filha de pais kosovares, encabe\u00e7ou o festivla local Sunny Hill. Antes, marcou presen\u00e7a numa cerim\u00f3nia conduzida pela presidente do Kosovo, Vyosa Osmani.<\/p>\n<p>Em comunicado, Dua Lipa afirmou que \u201cos meus dois lados s\u00e3o agora apenas um\u201d. \u201cAmo este pa\u00eds, e isto significa muito para mim e para a minha fam\u00edlia\u201d.<\/p>\n<p>Para Osmani, Dua Lipa e o Kosovo \u201csempre foram insepar\u00e1veis\u201d. \u201cDesde os maiores palcos do mundo aos cora\u00e7\u00f5es de milh\u00f5es, ela carregou a nossa hist\u00f3ria com for\u00e7a, orgulho e graciosidade. A nossa gratid\u00e3o por aquilo que ela fez e continua a fazer pelo Kosovo \u00e9 imensa\u201d.<\/p>\n<p>A artista, uma das defensoras mais medi\u00e1ticas da independ\u00eancia do pa\u00eds, que n\u00e3o \u00e9 reconhecida pela S\u00e9rvia, j\u00e1 tinha a cidadania da Alb\u00e2nia e do Reino Unido.<\/p>\n","protected":false},"excerpt":{"rendered":"O Kosovo atribuiu a cidadania a Dua Lipa, numa cerim\u00f3nia ocorrida na passada sexta-feira, dia em que a&hellip;\n","protected":false},"author":2,"featured_media":14234,"comment_status":"","ping_status":"","sticky":false,"template":"","format":"standard","meta":{"footnotes":""},"categories":[141],"tags":[114,115,149,150,32,33],"class_list":{"0":"post-14233","1":"post","2":"type-post","3":"status-publish","4":"format-standard","5":"has-post-thumbnail","7":"category-musica","8":"tag-entertainment","9":"tag-entretenimento","10":"tag-music","11":"tag-musica","12":"tag-portugal","13":"tag-pt"},"share_on_mastodon":{"url":"","error":""},"_links":{"self":[{"href":"https:\/\/www.europesays.com\/pt\/wp-json\/wp\/v2\/posts\/14233","targetHints":{"allow":["GET"]}}],"collection":[{"href":"https:\/\/www.europesays.com\/pt\/wp-json\/wp\/v2\/posts"}],"about":[{"href":"https:\/\/www.europesays.com\/pt\/wp-json\/wp\/v2\/types\/post"}],"author":[{"embeddable":true,"href":"https:\/\/www.europesays.com\/pt\/wp-json\/wp\/v2\/users\/2"}],"replies":[{"embeddable":true,"href":"https:\/\/www.europesays.com\/pt\/wp-json\/wp\/v2\/comments?post=14233"}],"version-history":[{"count":0,"href":"https:\/\/www.europesays.com\/pt\/wp-json\/wp\/v2\/posts\/14233\/revisions"}],"wp:featuredmedia":[{"embeddable":true,"href":"https:\/\/www.europesays.com\/pt\/wp-json\/wp\/v2\/media\/14234"}],"wp:attachment":[{"href":"https:\/\/www.europesays.com\/pt\/wp-json\/wp\/v2\/media?parent=14233"}],"wp:term":[{"taxonomy":"category","embeddable":true,"href":"https:\/\/www.europesays.com\/pt\/wp-json\/wp\/v2\/categories?post=14233"},{"taxonomy":"post_tag","embeddable":true,"href":"https:\/\/www.europesays.com\/pt\/wp-json\/wp\/v2\/tags?post=14233"}],"curies":[{"name":"wp","href":"https:\/\/api.w.org\/{rel}","templated":true}]}}