{"id":142336,"date":"2025-11-06T23:29:09","date_gmt":"2025-11-06T23:29:09","guid":{"rendered":"https:\/\/www.europesays.com\/pt\/142336\/"},"modified":"2025-11-06T23:29:09","modified_gmt":"2025-11-06T23:29:09","slug":"primeiro-centro-de-rastreamento-contra-cancer-de-pulmao-sera-lancado-na-capital-baiana","status":"publish","type":"post","link":"https:\/\/www.europesays.com\/pt\/142336\/","title":{"rendered":"PRIMEIRO CENTRO DE RASTREAMENTO CONTRA C\u00c2NCER DE PULM\u00c3O SER\u00c1 LAN\u00c7ADO NA CAPITAL BAIANA"},"content":{"rendered":"<p>A capital baiana receber\u00e1 o primeiro centro nacional de detec\u00e7\u00e3o e cuidado integrado voltado ao c\u00e2ncer de pulm\u00e3o. O Instituto ProPulm\u00e3o, ser\u00e1 oficialmente lan\u00e7ado no pr\u00f3ximo dia 13 de novembro\u00a0 e marca um avan\u00e7o importante na preven\u00e7\u00e3o e diagnostico precoce de doen\u00e7as tor\u00e1cicas, ontol\u00f3gicas e cardiovasculares.<\/p>\n<p>A doen\u00e7a ela \u00e9 causada no pulm\u00e3o \u00e9 a principal causa da morte por c\u00e2ncer no mundo, de acordo com a OMS,\u00a0 s\u00f3 no Brasil s\u00e3o esperados mais de cerca de 32 mil novos casos at\u00e9 o final deste ano, sendo quase 90% diagn\u00f3sticos em est\u00e1gios avan\u00e7ados.<\/p>\n<p>No estado da Bahia concentra 18% dos casos nacionais, especialmente em regi\u00f5es com menor acesso a servi\u00e7os de sa\u00fade.<\/p>\n<p>Foto: Divulga\u00e7\u00e3o<\/p>\n","protected":false},"excerpt":{"rendered":"A capital baiana receber\u00e1 o primeiro centro nacional de detec\u00e7\u00e3o e cuidado integrado voltado ao c\u00e2ncer de pulm\u00e3o.&hellip;\n","protected":false},"author":2,"featured_media":142337,"comment_status":"","ping_status":"","sticky":false,"template":"","format":"standard","meta":{"footnotes":""},"categories":[86],"tags":[1776,116,32,33,5063,117,1130],"class_list":{"0":"post-142336","1":"post","2":"type-post","3":"status-publish","4":"format-standard","5":"has-post-thumbnail","7":"category-saude","8":"tag-cancer","9":"tag-health","10":"tag-portugal","11":"tag-pt","12":"tag-pulmao","13":"tag-saude","14":"tag-tratamento"},"share_on_mastodon":{"url":"https:\/\/pubeurope.com\/@pt\/115505356042136531","error":""},"_links":{"self":[{"href":"https:\/\/www.europesays.com\/pt\/wp-json\/wp\/v2\/posts\/142336","targetHints":{"allow":["GET"]}}],"collection":[{"href":"https:\/\/www.europesays.com\/pt\/wp-json\/wp\/v2\/posts"}],"about":[{"href":"https:\/\/www.europesays.com\/pt\/wp-json\/wp\/v2\/types\/post"}],"author":[{"embeddable":true,"href":"https:\/\/www.europesays.com\/pt\/wp-json\/wp\/v2\/users\/2"}],"replies":[{"embeddable":true,"href":"https:\/\/www.europesays.com\/pt\/wp-json\/wp\/v2\/comments?post=142336"}],"version-history":[{"count":0,"href":"https:\/\/www.europesays.com\/pt\/wp-json\/wp\/v2\/posts\/142336\/revisions"}],"wp:featuredmedia":[{"embeddable":true,"href":"https:\/\/www.europesays.com\/pt\/wp-json\/wp\/v2\/media\/142337"}],"wp:attachment":[{"href":"https:\/\/www.europesays.com\/pt\/wp-json\/wp\/v2\/media?parent=142336"}],"wp:term":[{"taxonomy":"category","embeddable":true,"href":"https:\/\/www.europesays.com\/pt\/wp-json\/wp\/v2\/categories?post=142336"},{"taxonomy":"post_tag","embeddable":true,"href":"https:\/\/www.europesays.com\/pt\/wp-json\/wp\/v2\/tags?post=142336"}],"curies":[{"name":"wp","href":"https:\/\/api.w.org\/{rel}","templated":true}]}}