{"id":142338,"date":"2025-11-06T23:32:12","date_gmt":"2025-11-06T23:32:12","guid":{"rendered":"https:\/\/www.europesays.com\/pt\/142338\/"},"modified":"2025-11-06T23:32:12","modified_gmt":"2025-11-06T23:32:12","slug":"ha-jatos-privados-a-mais-para-a-web-summit-organizacao-recomenda-voos-comerciais","status":"publish","type":"post","link":"https:\/\/www.europesays.com\/pt\/142338\/","title":{"rendered":"H\u00e1 jatos privados a mais para a Web Summit: organiza\u00e7\u00e3o recomenda voos comerciais"},"content":{"rendered":"<p data-remotead-prev-elm=\"true\" data-remotead-elm-id=\"inread\">&#8220;Informamos que existe atualmente uma escassez de slots (vagas) para jatos particulares durante o Web Summit no Aeroporto de Lisboa e em aeroportos menores da regi\u00e3o. O Aeroporto de Lisboa est\u00e1 com dificuldades em gerir o volume de tr\u00e1fego, resultando na falta de slots de aterragem e descolagem dispon\u00edveis para todas as opera\u00e7\u00f5es&#8221;, informou, <a href=\"https:\/\/websummit.com\/blog\/news\/private-jet-slot-issues-for-web-summit\/\" target=\"_blank\" rel=\"nofollow noopener\">em comunicado<\/a>, a organiza\u00e7\u00e3o da cimeira tecnol\u00f3gica, que acontece entre 10 e 13 de novembro, em Lisboa.<\/p>\n<p>O alerta surge depois de alguns participantes, em particular aqueles com aeronaves maiores, terem descoberto &#8220;que as \u00fanicas op\u00e7\u00f5es de aterragem vi\u00e1veis \u200b\u200bdurante a Web Summit ficam a mais de duas horas de carro de Lisboa, incluindo em Espanha&#8221;.<\/p>\n<p>A organiza\u00e7\u00e3o do evento sublinha que essas circunst\u00e2ncias est\u00e3o fora do seu controlo, lamentando &#8220;n\u00e3o poder fazer mais para ajudar a garantir lugares&#8221;. &#8220;Recomendamos vivamente que viajem em voos comerciais para Lisboa. A Web Summit fica a apenas 15 minutos de carro do principal aeroporto de Lisboa&#8221;, remata.<\/p>\n","protected":false},"excerpt":{"rendered":"&#8220;Informamos que existe atualmente uma escassez de slots (vagas) para jatos particulares durante o Web Summit no Aeroporto&hellip;\n","protected":false},"author":2,"featured_media":142339,"comment_status":"","ping_status":"","sticky":false,"template":"","format":"standard","meta":{"footnotes":""},"categories":[83],"tags":[88,21113,89,90,32,33,18123],"class_list":{"0":"post-142338","1":"post","2":"type-post","3":"status-publish","4":"format-standard","5":"has-post-thumbnail","7":"category-empresas","8":"tag-business","9":"tag-concelho-lisboa","10":"tag-economy","11":"tag-empresas","12":"tag-portugal","13":"tag-pt","14":"tag-web-summit"},"share_on_mastodon":{"url":"https:\/\/pubeurope.com\/@pt\/115505367948575556","error":""},"_links":{"self":[{"href":"https:\/\/www.europesays.com\/pt\/wp-json\/wp\/v2\/posts\/142338","targetHints":{"allow":["GET"]}}],"collection":[{"href":"https:\/\/www.europesays.com\/pt\/wp-json\/wp\/v2\/posts"}],"about":[{"href":"https:\/\/www.europesays.com\/pt\/wp-json\/wp\/v2\/types\/post"}],"author":[{"embeddable":true,"href":"https:\/\/www.europesays.com\/pt\/wp-json\/wp\/v2\/users\/2"}],"replies":[{"embeddable":true,"href":"https:\/\/www.europesays.com\/pt\/wp-json\/wp\/v2\/comments?post=142338"}],"version-history":[{"count":0,"href":"https:\/\/www.europesays.com\/pt\/wp-json\/wp\/v2\/posts\/142338\/revisions"}],"wp:featuredmedia":[{"embeddable":true,"href":"https:\/\/www.europesays.com\/pt\/wp-json\/wp\/v2\/media\/142339"}],"wp:attachment":[{"href":"https:\/\/www.europesays.com\/pt\/wp-json\/wp\/v2\/media?parent=142338"}],"wp:term":[{"taxonomy":"category","embeddable":true,"href":"https:\/\/www.europesays.com\/pt\/wp-json\/wp\/v2\/categories?post=142338"},{"taxonomy":"post_tag","embeddable":true,"href":"https:\/\/www.europesays.com\/pt\/wp-json\/wp\/v2\/tags?post=142338"}],"curies":[{"name":"wp","href":"https:\/\/api.w.org\/{rel}","templated":true}]}}