{"id":142346,"date":"2025-11-06T23:42:15","date_gmt":"2025-11-06T23:42:15","guid":{"rendered":"https:\/\/www.europesays.com\/pt\/142346\/"},"modified":"2025-11-06T23:42:15","modified_gmt":"2025-11-06T23:42:15","slug":"onde-ver-o-santa-clara-x-sporting-para-a-primeira-liga","status":"publish","type":"post","link":"https:\/\/www.europesays.com\/pt\/142346\/","title":{"rendered":"Onde ver o Santa Clara x Sporting para a Primeira Liga?"},"content":{"rendered":"<p>&#8211; Advertisement &#8211;<\/p>\n<p><strong>O Sporting vai aos A\u00e7ores jogar contra o Santa Clara para a jornada 11 da Primeira Liga. Jogo passar\u00e1 na Sport TV 1.<\/strong><\/p>\n<p>O Santa Clara x Sporting ser\u00e1 transmitido na Sport TV 1. Na sequ\u00eancia da<a href=\"https:\/\/bolanarede.pt\/especial-bola-na-rede\/atualidade\/um-deus-grego-e-um-pote-de-magia-a-receita-do-sporting-para-afastar-as-bruxas-e-vencer-o-alverca-por-2-0\/\" target=\"_blank\" rel=\"noreferrer noopener nofollow\"> vit\u00f3ria sobre o Alverca por 2-0 <\/a>na passada sexta-feira e do <a href=\"https:\/\/bolanarede.pt\/especial-bola-na-rede\/atualidade\/sporting-e-juventus-empatam-para-a-champions-league\/\" target=\"_blank\" rel=\"noreferrer noopener nofollow\">empate com a Juventus na Champions League<\/a>, os le\u00f5es entrar\u00e3o em campo para a jornada 11 da Primeira Liga.<\/p>\n<p>O jogo est\u00e1 marcado para este s\u00e1bado pelas 20h30 nos A\u00e7ores. Neste momento, o Sporting est\u00e1 no 2.\u00ba lugar da Primeira Liga, com 25 pontos, enquanto o Santa Clara ocupa de momento o 8.\u00ba posto com 11 pontos. <\/p>\n<p>Rui Borges far\u00e1 a confer\u00eancia de imprensa de antevis\u00e3o nesta sexta-feira, conforme \u00e9 o habitual \u2013 v\u00e9spera do jogo.<\/p>\n","protected":false},"excerpt":{"rendered":"&#8211; Advertisement &#8211; O Sporting vai aos A\u00e7ores jogar contra o Santa Clara para a jornada 11 da&hellip;\n","protected":false},"author":2,"featured_media":142347,"comment_status":"","ping_status":"","sticky":false,"template":"","format":"standard","meta":{"footnotes":""},"categories":[87],"tags":[260,135,32,479,33,423,34,134],"class_list":{"0":"post-142346","1":"post","2":"type-post","3":"status-publish","4":"format-standard","5":"has-post-thumbnail","7":"category-desporto","8":"tag-atualidade","9":"tag-desporto","10":"tag-portugal","11":"tag-primeira-liga","12":"tag-pt","13":"tag-santa-clara","14":"tag-sporting","15":"tag-sports"},"share_on_mastodon":{"url":"https:\/\/pubeurope.com\/@pt\/115505407704152690","error":""},"_links":{"self":[{"href":"https:\/\/www.europesays.com\/pt\/wp-json\/wp\/v2\/posts\/142346","targetHints":{"allow":["GET"]}}],"collection":[{"href":"https:\/\/www.europesays.com\/pt\/wp-json\/wp\/v2\/posts"}],"about":[{"href":"https:\/\/www.europesays.com\/pt\/wp-json\/wp\/v2\/types\/post"}],"author":[{"embeddable":true,"href":"https:\/\/www.europesays.com\/pt\/wp-json\/wp\/v2\/users\/2"}],"replies":[{"embeddable":true,"href":"https:\/\/www.europesays.com\/pt\/wp-json\/wp\/v2\/comments?post=142346"}],"version-history":[{"count":0,"href":"https:\/\/www.europesays.com\/pt\/wp-json\/wp\/v2\/posts\/142346\/revisions"}],"wp:featuredmedia":[{"embeddable":true,"href":"https:\/\/www.europesays.com\/pt\/wp-json\/wp\/v2\/media\/142347"}],"wp:attachment":[{"href":"https:\/\/www.europesays.com\/pt\/wp-json\/wp\/v2\/media?parent=142346"}],"wp:term":[{"taxonomy":"category","embeddable":true,"href":"https:\/\/www.europesays.com\/pt\/wp-json\/wp\/v2\/categories?post=142346"},{"taxonomy":"post_tag","embeddable":true,"href":"https:\/\/www.europesays.com\/pt\/wp-json\/wp\/v2\/tags?post=142346"}],"curies":[{"name":"wp","href":"https:\/\/api.w.org\/{rel}","templated":true}]}}