{"id":142352,"date":"2025-11-06T23:47:08","date_gmt":"2025-11-06T23:47:08","guid":{"rendered":"https:\/\/www.europesays.com\/pt\/142352\/"},"modified":"2025-11-06T23:47:08","modified_gmt":"2025-11-06T23:47:08","slug":"drones-levam-a-encerramento-de-aeroportos-na-belgica-e-suecia-suecia","status":"publish","type":"post","link":"https:\/\/www.europesays.com\/pt\/142352\/","title":{"rendered":"Drones levam a encerramento de aeroportos na B\u00e9lgica e Su\u00e9cia | Su\u00e9cia"},"content":{"rendered":"<p>O tr\u00e1fego foi interrompido nesta quinta-feira no Aeroporto de Gotemburgo-Landvetter, na costa Oeste da Su\u00e9cia, depois de terem sido avistados v\u00e1rios drones nas imedia\u00e7\u00f5es, informaram as autoridades. J\u00e1 na B\u00e9lgica, as opera\u00e7\u00f5es no Aeroporto de <a href=\"https:\/\/www.publico.pt\/2025\/10\/16\/mundo\/noticia\/muro-antidrones-ganha-escala-continental-tornase-projectobandeira-ue-2151091?ref=drones&amp;cx=page__content\" rel=\"nofollow noopener\" target=\"_blank\">Bruxelas<\/a> foram temporariamente suspensas devido ao avistamento de um drone, informou um porta-voz do controlo a\u00e9reo Skeyes, sem especificar quantos aparelhos foram observados.<\/p>\n<p>Nos \u00faltimos meses, o avistamento de <a href=\"http:\/\/xn--aeroporto%20de%20gotemburgo-landvetter%20encerra%20aps%20avistamento%20de%20drones%20na%20sucia-wki44g\/\" rel=\"nofollow\">drones<\/a> tem causado grandes perturba\u00e7\u00f5es em v\u00e1rios pontos da Europa, obrigando ao encerramento tempor\u00e1rio de aeroportos em diversos pa\u00edses. Alguns respons\u00e1veis atribu\u00edram os incidentes a ac\u00e7\u00f5es de guerra h\u00edbridas por parte da R\u00fassia, o que Moscovo nega.<\/p>\n<p>\u201cForam observados v\u00e1rios drones no Aeroporto de Landvetter\u201d, disse um porta-voz da ag\u00eancia de avia\u00e7\u00e3o civil sueca, LFV.<\/p>\n<p>Um porta-voz da pol\u00edcia afirmou que o alerta foi dado \u00e0s 16h41, ap\u00f3s v\u00e1rias pessoas terem relatado <a href=\"https:\/\/www.publico.pt\/2025\/10\/05\/mundo\/noticia\/aeroporto-vilnius-reabre-apos-avistamento-baloes-suspeitos-2149667?ref=drones&amp;cx=page__content\" rel=\"nofollow noopener\" target=\"_blank\">avistamentos suspeitos<\/a> de drones. As autoridades estiveram no local a recolher informa\u00e7\u00f5es e a tentar confirmar o relato. \u201cFoi aberta uma investiga\u00e7\u00e3o por suspeita de sabotagem a\u00e9rea\u201d, acrescentou o porta-voz.<\/p>\n<p>Segundo a operadora aeroportu\u00e1ria Swedavia, o aeroporto de Landvetter \u00e9 o segundo maior da Su\u00e9cia, depois do de Arlanda, em Estocolmo. \u201cO espa\u00e7o a\u00e9reo sobre Landvetter est\u00e1 actualmente fechado devido a ind\u00edcios de um poss\u00edvel <a href=\"https:\/\/www.publico.pt\/2025\/10\/04\/mundo\/noticia\/aeroporto-munique-retoma-trafego-aereo-apos-avistamento-drones-2149597?ref=drones&amp;cx=page__content\" rel=\"nofollow noopener\" target=\"_blank\">drone<\/a>\u201d, afirmou a directora de opera\u00e7\u00f5es da Swedavia, Susanne Norman. \u201cO espa\u00e7o a\u00e9reo permanecer\u00e1 fechado enquanto a pol\u00edcia investiga.\u201d<\/p>\n<p>Na B\u00e9lgica, a imprensa local noticiou que tamb\u00e9m foram vistos drones noutras zonas do pa\u00eds, incluindo numa base militar, sendo que, na ter\u00e7a-feira, os avistamentos de drones j\u00e1 tinham levado ao encerramento de aeroportos e de uma base a\u00e9rea militar, num epis\u00f3dio que a ministra da Defesa belga descreveu como um ataque coordenado e que levou o Governo belga a convocar uma reuni\u00e3o de emerg\u00eancia com ministros e respons\u00e1veis de seguran\u00e7a.<\/p>\n<p>Entretanto, a Alemanha anunciou que as suas for\u00e7as armadas (Bundeswehr) ir\u00e3o apoiar a B\u00e9lgica com meios para combater drones.<\/p>\n<p>Tamb\u00e9m nesta quinta-feira, a pol\u00edcia da Noruega \u2014 pa\u00eds vizinho da Su\u00e9cia \u2014 anunciou o encerramento de uma investiga\u00e7\u00e3o sobre alegados avistamentos que levaram ao encerramento do aeroporto de Oslo em Setembro, por falta de provas de que drones tivessem realmente estado presentes.<\/p>\n<p>Na Dinamarca, v\u00e1rios aeroportos, incluindo o de Copenhaga, tamb\u00e9m foram temporariamente encerrados em Setembro devido a <a href=\"https:\/\/www.publico.pt\/2025\/09\/28\/mundo\/reportagem\/guerra-invisivel-drones-cacar-minas-proteger-cabos-submarinos-2148743\" rel=\"nofollow noopener\" target=\"_blank\">relatos semelhantes<\/a>.<\/p>\n","protected":false},"excerpt":{"rendered":"O tr\u00e1fego foi interrompido nesta quinta-feira no Aeroporto de Gotemburgo-Landvetter, na costa Oeste da Su\u00e9cia, depois de terem&hellip;\n","protected":false},"author":2,"featured_media":142353,"comment_status":"","ping_status":"","sticky":false,"template":"","format":"standard","meta":{"footnotes":""},"categories":[50],"tags":[27,28,837,15,16,14,25,26,21,22,62,12,13,19,20,23,24,839,5928,17,18,29,30,31,636,63,64,65],"class_list":{"0":"post-142352","1":"post","2":"type-post","3":"status-publish","4":"format-standard","5":"has-post-thumbnail","7":"category-mundo","8":"tag-breaking-news","9":"tag-breakingnews","10":"tag-drones","11":"tag-featured-news","12":"tag-featurednews","13":"tag-headlines","14":"tag-latest-news","15":"tag-latestnews","16":"tag-main-news","17":"tag-mainnews","18":"tag-mundo","19":"tag-news","20":"tag-noticias","21":"tag-noticias-principais","22":"tag-noticiasprincipais","23":"tag-principais-noticias","24":"tag-principaisnoticias","25":"tag-russia","26":"tag-suecia","27":"tag-top-stories","28":"tag-topstories","29":"tag-ultimas","30":"tag-ultimas-noticias","31":"tag-ultimasnoticias","32":"tag-uniao-europeia","33":"tag-world","34":"tag-world-news","35":"tag-worldnews"},"share_on_mastodon":{"url":"https:\/\/pubeurope.com\/@pt\/115505426828636574","error":""},"_links":{"self":[{"href":"https:\/\/www.europesays.com\/pt\/wp-json\/wp\/v2\/posts\/142352","targetHints":{"allow":["GET"]}}],"collection":[{"href":"https:\/\/www.europesays.com\/pt\/wp-json\/wp\/v2\/posts"}],"about":[{"href":"https:\/\/www.europesays.com\/pt\/wp-json\/wp\/v2\/types\/post"}],"author":[{"embeddable":true,"href":"https:\/\/www.europesays.com\/pt\/wp-json\/wp\/v2\/users\/2"}],"replies":[{"embeddable":true,"href":"https:\/\/www.europesays.com\/pt\/wp-json\/wp\/v2\/comments?post=142352"}],"version-history":[{"count":0,"href":"https:\/\/www.europesays.com\/pt\/wp-json\/wp\/v2\/posts\/142352\/revisions"}],"wp:featuredmedia":[{"embeddable":true,"href":"https:\/\/www.europesays.com\/pt\/wp-json\/wp\/v2\/media\/142353"}],"wp:attachment":[{"href":"https:\/\/www.europesays.com\/pt\/wp-json\/wp\/v2\/media?parent=142352"}],"wp:term":[{"taxonomy":"category","embeddable":true,"href":"https:\/\/www.europesays.com\/pt\/wp-json\/wp\/v2\/categories?post=142352"},{"taxonomy":"post_tag","embeddable":true,"href":"https:\/\/www.europesays.com\/pt\/wp-json\/wp\/v2\/tags?post=142352"}],"curies":[{"name":"wp","href":"https:\/\/api.w.org\/{rel}","templated":true}]}}