{"id":142354,"date":"2025-11-06T23:48:16","date_gmt":"2025-11-06T23:48:16","guid":{"rendered":"https:\/\/www.europesays.com\/pt\/142354\/"},"modified":"2025-11-06T23:48:16","modified_gmt":"2025-11-06T23:48:16","slug":"mulher-foi-assassinada-no-porto-agressor-ja-foi-detido-observador","status":"publish","type":"post","link":"https:\/\/www.europesays.com\/pt\/142354\/","title":{"rendered":"Mulher foi assassinada no Porto. Agressor j\u00e1 foi detido \u2013 Observador"},"content":{"rendered":"<p>Uma mulher de 38 anos foi assassinada na Pra\u00e7a da Corujeira, no Porto, em plena via p\u00fablica esta quinta-feira de manh\u00e3, tendo o suspeito tentado o suic\u00eddio de seguida, atirando-se do viaduto \u201cPego Negro\u201d, junto \u00e0 rotunda das Areias, e ficado em estado grave, revelou a PSP. O homem foi entretanto detido.<\/p>\n<p>Em comunicado, a PSP revelou que, cerca das 8h20, foi comunicado um desentendimento entre um homem de 39 anos e uma mulher, desconhecendo-se a rela\u00e7\u00e3o entre os dois, tendo o homem \u201c<strong>desferido v\u00e1rias facadas\u201d na v\u00edtima.<\/strong><\/p>\n<p>De imediato foram acionados meios da PSP para o local que ali chegaram pelas 8h27, seguidos dos meios de emerg\u00eancia para socorro da v\u00edtima, que foi transportada para o Hospital de S\u00e3o Jo\u00e3o, no Porto, \u201cvindo a falecer \u00e0s 9h22\u201d.<\/p>\n<p>Pelas 9h05, acrescentou a pol\u00edcia, foi recebida a informa\u00e7\u00e3o de que <strong>o suspeito ter-se-\u00e1 atirado do viaduto \u201cPego Negro\u201d<\/strong>, junto \u00e0 Rotunda das Areias, sendo transportado para o Hospital de S\u00e3o Jo\u00e3o, no Porto, em estado grave.<\/p>\n<p>No momento do crime, o <strong>homem ter\u00e1 tamb\u00e9m ingerido lixivia<\/strong>, antes de se p\u00f4r em fuga, revelou.<\/p>\n<p>A investiga\u00e7\u00e3o deste crime passou para a Pol\u00edcia Judici\u00e1ria.<\/p>\n","protected":false},"excerpt":{"rendered":"Uma mulher de 38 anos foi assassinada na Pra\u00e7a da Corujeira, no Porto, em plena via p\u00fablica esta&hellip;\n","protected":false},"author":2,"featured_media":142355,"comment_status":"","ping_status":"","sticky":false,"template":"","format":"standard","meta":{"footnotes":""},"categories":[10],"tags":[27,28,604,15,16,14,25,26,21,22,3968,12,13,19,20,57,2003,462,32,23,24,1306,33,2004,58,17,18,29,30,31,622],"class_list":{"0":"post-142354","1":"post","2":"type-post","3":"status-publish","4":"format-standard","5":"has-post-thumbnail","7":"category-portugal","8":"tag-breaking-news","9":"tag-breakingnews","10":"tag-crime","11":"tag-featured-news","12":"tag-featurednews","13":"tag-headlines","14":"tag-latest-news","15":"tag-latestnews","16":"tag-main-news","17":"tag-mainnews","18":"tag-mulher","19":"tag-news","20":"tag-noticias","21":"tag-noticias-principais","22":"tag-noticiasprincipais","23":"tag-pau00eds","24":"tag-polu00edcia","25":"tag-porto","26":"tag-portugal","27":"tag-principais-noticias","28":"tag-principaisnoticias","29":"tag-psp","30":"tag-pt","31":"tag-seguranu00e7a","32":"tag-sociedade","33":"tag-top-stories","34":"tag-topstories","35":"tag-ultimas","36":"tag-ultimas-noticias","37":"tag-ultimasnoticias","38":"tag-violu00eancia"},"share_on_mastodon":{"url":"https:\/\/pubeurope.com\/@pt\/115505430750846365","error":""},"_links":{"self":[{"href":"https:\/\/www.europesays.com\/pt\/wp-json\/wp\/v2\/posts\/142354","targetHints":{"allow":["GET"]}}],"collection":[{"href":"https:\/\/www.europesays.com\/pt\/wp-json\/wp\/v2\/posts"}],"about":[{"href":"https:\/\/www.europesays.com\/pt\/wp-json\/wp\/v2\/types\/post"}],"author":[{"embeddable":true,"href":"https:\/\/www.europesays.com\/pt\/wp-json\/wp\/v2\/users\/2"}],"replies":[{"embeddable":true,"href":"https:\/\/www.europesays.com\/pt\/wp-json\/wp\/v2\/comments?post=142354"}],"version-history":[{"count":0,"href":"https:\/\/www.europesays.com\/pt\/wp-json\/wp\/v2\/posts\/142354\/revisions"}],"wp:featuredmedia":[{"embeddable":true,"href":"https:\/\/www.europesays.com\/pt\/wp-json\/wp\/v2\/media\/142355"}],"wp:attachment":[{"href":"https:\/\/www.europesays.com\/pt\/wp-json\/wp\/v2\/media?parent=142354"}],"wp:term":[{"taxonomy":"category","embeddable":true,"href":"https:\/\/www.europesays.com\/pt\/wp-json\/wp\/v2\/categories?post=142354"},{"taxonomy":"post_tag","embeddable":true,"href":"https:\/\/www.europesays.com\/pt\/wp-json\/wp\/v2\/tags?post=142354"}],"curies":[{"name":"wp","href":"https:\/\/api.w.org\/{rel}","templated":true}]}}