{"id":142358,"date":"2025-11-06T23:56:15","date_gmt":"2025-11-06T23:56:15","guid":{"rendered":"https:\/\/www.europesays.com\/pt\/142358\/"},"modified":"2025-11-06T23:56:15","modified_gmt":"2025-11-06T23:56:15","slug":"romena-campea-em-pista-coberta-pelo-benfica-suspensa-por-dois-anos","status":"publish","type":"post","link":"https:\/\/www.europesays.com\/pt\/142358\/","title":{"rendered":"Romena campe\u00e3 em pista coberta pelo Benfica suspensa por dois anos"},"content":{"rendered":"<p style=\"margin-bottom:11px\">A romena Claudia Bobocea, que j\u00e1 representou o Sporting e que em 2024 ajudou o Benfica a vencer o Nacional de clubes em pista coberta, foi suspensa por dois anos, segundo anunciou a Unidade de Integridade do Atletismo (AIU).<\/p>\n<p>Claudia Bobocea foi suspensa por violar o regulamento antidoping, ao dar tr\u00eas falhas de localiza\u00e7\u00e3o no per\u00edodo de um ano, surgindo na lista de puni\u00e7\u00f5es do m\u00eas de outubro.<\/p>\n<p>A atleta romena, que conquistou a medalha de prata nos 1.500 metros dos Europeus em pista coberta em mar\u00e7o de 2023, vai estar suspensa at\u00e9 31 de agosto de 2027 e os resultados obtidos a partir de 13 de agosto de 2023 s\u00e3o anulados.<\/p>\n<p>Neste per\u00edodo, a atleta, que j\u00e1 tinha representado o Sporting, esteve ao servi\u00e7o do Benfica no Nacional de pista coberta em fevereiro de 2024, contribuindo para a vit\u00f3ria final das \u00e1guias\u2019 com 93 pontos, mais tr\u00eas do que o Sporting.<\/p>\n<p>Bobocea triunfou na prova dos 1.500 metros, batendo Patr\u00edcia Silva, com os resultados a inverterem-se nos 800 metros, em que a atleta do Sporting ficou em primeiro e a romena em segundo.<\/p>\n<p>Contactada pela ag\u00eancia Lusa, fonte oficial da Federa\u00e7\u00e3o Portuguesa de Atletismo referiu que j\u00e1 teve conhecimento do caso e que a dire\u00e7\u00e3o vai agora analisar a situa\u00e7\u00e3o, de acordo com os regulamentos.<\/p>\n","protected":false},"excerpt":{"rendered":"A romena Claudia Bobocea, que j\u00e1 representou o Sporting e que em 2024 ajudou o Benfica a vencer&hellip;\n","protected":false},"author":2,"featured_media":142359,"comment_status":"","ping_status":"","sticky":false,"template":"","format":"standard","meta":{"footnotes":""},"categories":[87],"tags":[31468,1866,31467,135,10955,46,1830,31469,31470,32,33,47,134],"class_list":{"0":"post-142358","1":"post","2":"type-post","3":"status-publish","4":"format-standard","5":"has-post-thumbnail","7":"category-desporto","8":"tag-antidoping","9":"tag-atletismo","10":"tag-claudia-bobocea","11":"tag-desporto","12":"tag-doping","13":"tag-maisfutebol","14":"tag-modalidades","15":"tag-nacional-de-clubes","16":"tag-pista-coberta","17":"tag-portugal","18":"tag-pt","19":"tag-pura-paixao","20":"tag-sports"},"share_on_mastodon":{"url":"https:\/\/pubeurope.com\/@pt\/115505462310254962","error":""},"_links":{"self":[{"href":"https:\/\/www.europesays.com\/pt\/wp-json\/wp\/v2\/posts\/142358","targetHints":{"allow":["GET"]}}],"collection":[{"href":"https:\/\/www.europesays.com\/pt\/wp-json\/wp\/v2\/posts"}],"about":[{"href":"https:\/\/www.europesays.com\/pt\/wp-json\/wp\/v2\/types\/post"}],"author":[{"embeddable":true,"href":"https:\/\/www.europesays.com\/pt\/wp-json\/wp\/v2\/users\/2"}],"replies":[{"embeddable":true,"href":"https:\/\/www.europesays.com\/pt\/wp-json\/wp\/v2\/comments?post=142358"}],"version-history":[{"count":0,"href":"https:\/\/www.europesays.com\/pt\/wp-json\/wp\/v2\/posts\/142358\/revisions"}],"wp:featuredmedia":[{"embeddable":true,"href":"https:\/\/www.europesays.com\/pt\/wp-json\/wp\/v2\/media\/142359"}],"wp:attachment":[{"href":"https:\/\/www.europesays.com\/pt\/wp-json\/wp\/v2\/media?parent=142358"}],"wp:term":[{"taxonomy":"category","embeddable":true,"href":"https:\/\/www.europesays.com\/pt\/wp-json\/wp\/v2\/categories?post=142358"},{"taxonomy":"post_tag","embeddable":true,"href":"https:\/\/www.europesays.com\/pt\/wp-json\/wp\/v2\/tags?post=142358"}],"curies":[{"name":"wp","href":"https:\/\/api.w.org\/{rel}","templated":true}]}}