{"id":142362,"date":"2025-11-07T00:00:34","date_gmt":"2025-11-07T00:00:34","guid":{"rendered":"https:\/\/www.europesays.com\/pt\/142362\/"},"modified":"2025-11-07T00:00:34","modified_gmt":"2025-11-07T00:00:34","slug":"governo-vai-afinal-manter-o-valor-do-iuc","status":"publish","type":"post","link":"https:\/\/www.europesays.com\/pt\/142362\/","title":{"rendered":"Governo vai afinal manter o valor do IUC"},"content":{"rendered":"<p>&#13;<br \/>\n&#8220;Perante a circula\u00e7\u00e3o de informa\u00e7\u00f5es falsas, designadamente nas redes sociais, importa esclarecer que o Governo n\u00e3o vai proceder a qualquer aumento do IUC [Imposto \u00danico de Circula\u00e7\u00e3o] para ve\u00edculos anteriores ou posteriores a 2007&#8221;, salienta um esclarecimento divulgado pelo Minist\u00e9rio das Finan\u00e7as.&#13;\n<\/p>\n<p>&#13;<br \/>\nAs altera\u00e7\u00f5es em prepara\u00e7\u00e3o, inclu\u00eddas na Agenda para a Simplifica\u00e7\u00e3o Fiscal apresentada em 16 de janeiro deste ano e que ser\u00e3o apresentadas e discutidas na Assembleia da Rep\u00fablica, &#8220;dizem apenas respeito ao momento do pagamento do imposto e \u00e0 introdu\u00e7\u00e3o da possibilidade de pagamento em presta\u00e7\u00f5es, no caso de valores acima de 100 euros&#8221;, explica. &#13;\n<\/p>\n<p>&#13;<br \/>\nPara o Minist\u00e9rio das Finan\u00e7as, com esta mudan\u00e7a &#8220;facilita-se o cumprimento volunt\u00e1rio, reduz-se o risco de esquecimentos e evita-se a aplica\u00e7\u00e3o de coimas&#8221;.&#13;\n<\/p>\n<p>&#13;<br \/>\nAssim, insiste, &#8220;n\u00e3o s\u00f3 n\u00e3o haver\u00e1 qualquer aumento do IUC como esta medida vai aliviar o esfor\u00e7o financeiro, especialmente para fam\u00edlias com mais do que um ve\u00edculo&#8221;.&#13;\n<\/p>\n<p>&#13;<br \/>\nNa proposta de lei do Or\u00e7amento do Estado para 2026 (OE2026) entregue pelo Governo na Assembleia da Rep\u00fablica, o Governo prop\u00f5e manter o adicional que j\u00e1 se encontra em vigor para o IUC.&#13;<\/p>\n","protected":false},"excerpt":{"rendered":"&#13; &#8220;Perante a circula\u00e7\u00e3o de informa\u00e7\u00f5es falsas, designadamente nas redes sociais, importa esclarecer que o Governo n\u00e3o vai&hellip;\n","protected":false},"author":2,"featured_media":142363,"comment_status":"","ping_status":"","sticky":false,"template":"","format":"standard","meta":{"footnotes":""},"categories":[83],"tags":[88,89,90,14256,31471,32,33],"class_list":{"0":"post-142362","1":"post","2":"type-post","3":"status-publish","4":"format-standard","5":"has-post-thumbnail","7":"category-empresas","8":"tag-business","9":"tag-economy","10":"tag-empresas","11":"tag-iuc","12":"tag-iuc-imposto-unico","13":"tag-portugal","14":"tag-pt"},"share_on_mastodon":{"url":"https:\/\/pubeurope.com\/@pt\/115505478062679981","error":""},"_links":{"self":[{"href":"https:\/\/www.europesays.com\/pt\/wp-json\/wp\/v2\/posts\/142362","targetHints":{"allow":["GET"]}}],"collection":[{"href":"https:\/\/www.europesays.com\/pt\/wp-json\/wp\/v2\/posts"}],"about":[{"href":"https:\/\/www.europesays.com\/pt\/wp-json\/wp\/v2\/types\/post"}],"author":[{"embeddable":true,"href":"https:\/\/www.europesays.com\/pt\/wp-json\/wp\/v2\/users\/2"}],"replies":[{"embeddable":true,"href":"https:\/\/www.europesays.com\/pt\/wp-json\/wp\/v2\/comments?post=142362"}],"version-history":[{"count":0,"href":"https:\/\/www.europesays.com\/pt\/wp-json\/wp\/v2\/posts\/142362\/revisions"}],"wp:featuredmedia":[{"embeddable":true,"href":"https:\/\/www.europesays.com\/pt\/wp-json\/wp\/v2\/media\/142363"}],"wp:attachment":[{"href":"https:\/\/www.europesays.com\/pt\/wp-json\/wp\/v2\/media?parent=142362"}],"wp:term":[{"taxonomy":"category","embeddable":true,"href":"https:\/\/www.europesays.com\/pt\/wp-json\/wp\/v2\/categories?post=142362"},{"taxonomy":"post_tag","embeddable":true,"href":"https:\/\/www.europesays.com\/pt\/wp-json\/wp\/v2\/tags?post=142362"}],"curies":[{"name":"wp","href":"https:\/\/api.w.org\/{rel}","templated":true}]}}