{"id":142370,"date":"2025-11-07T00:05:08","date_gmt":"2025-11-07T00:05:08","guid":{"rendered":"https:\/\/www.europesays.com\/pt\/142370\/"},"modified":"2025-11-07T00:05:08","modified_gmt":"2025-11-07T00:05:08","slug":"a-vista-alegre-agora-tem-accento-e-o-sotaque-e-irresistivelmente-italiano","status":"publish","type":"post","link":"https:\/\/www.europesays.com\/pt\/142370\/","title":{"rendered":"A Vista Alegre agora tem Accento e o sotaque \u00e9, irresistivelmente, italiano"},"content":{"rendered":"<p>Depois de dois s\u00e9culos dedicada \u00e0 porcelana e cristal, a Vista Alegre (VA) est\u00e1 hoje numa nova era em que a tradi\u00e7\u00e3o e a vanguarda convivem em \u00cdlhavo, em que a heran\u00e7a do passado inspira o sentido de futuro. Uma nova era que trouxe a entrada em novos territ\u00f3rios, para se afirmar como uma marca de lifestyle.\u00a0\u00a0<\/p>\n<p>A sua primeira cole\u00e7\u00e3o de mobili\u00e1rio Accento refor\u00e7a, precisamente, esta estrat\u00e9gia e materializa a evolu\u00e7\u00e3o de marca para um universo de lifestyle, com pe\u00e7as criadas com o mesmo rigor t\u00e9cnico, o detalhe manual e a alma com que sempre criou as porcelanas e cristais. Deste encontro entre artes e linguagens est\u00e9ticas, nasce a cole\u00e7\u00e3o que faz um elogio \u00e0 excel\u00eancia artesanal, ao design funcional e \u00e0 beleza intemporal.<\/p>\n<p>Fundada em 1930, a Pininfarina \u00e9 um nome incontorn\u00e1vel quando se fala em design autom\u00f3vel, assinando modelos emblem\u00e1ticos da Ferrari, Lancia, Alfa Romeo, Jaguar, Aston Martin e Maserati. As sete pe\u00e7as lan\u00e7adas pela Vista Alegre revelam, naturalmente, inspira\u00e7\u00e3o nas linhas dos autom\u00f3veis dos anos 50 e 60, da pele cosida \u00e0 m\u00e3o, \u00e0 madeira de freixo, \u00e0s formas puras e envolventes que lembram os interiores dos cl\u00e1ssicos autom\u00f3veis.<\/p>\n<p>A conVERSA \u00e9 com Nuno Barra, administrador da Vista Alegre, com Fabio Calorio, senior vice-presidente da Pininfarina e Nicola Girotti, diretor de design de produto da marca italiana.\u00a0<\/p>\n<p><strong>Como nasce a ideia de juntar mobili\u00e1rio ao universo Vista Alegre?<\/strong><\/p>\n<p>Nuno Barra: A Accento representa uma evolu\u00e7\u00e3o natural na trajet\u00f3ria da Vista Alegre. Ao longo de quase dois s\u00e9culos, a marca tem vindo a ampliar o seu territ\u00f3rio criativo \u2013 da porcelana ao cristal, da arte da mesa ao perfume e ilumina\u00e7\u00e3o \u2013 sempre com a ambi\u00e7\u00e3o de levar o savoir-faire portugu\u00eas a novos territ\u00f3rios do design.<\/p>\n<p>O mobili\u00e1rio surge, assim, como uma extens\u00e3o coerente dessa vis\u00e3o: a cria\u00e7\u00e3o de um universo de lifestyle completo, onde o design, a qualidade artesanal e a emo\u00e7\u00e3o est\u00e9tica se encontram.<\/p>\n<p>A coincid\u00eancia com o bicenten\u00e1rio refor\u00e7ou o simbolismo \u2013 quisemos celebrar 200 anos com um gesto de futuro, um marco que demonstra a capacidade da Vista Alegre de continuar a inovar e a surpreender. Mas esta n\u00e3o \u00e9 uma incurs\u00e3o pontual: \u00e9 uma aposta sustentada, que abre um novo cap\u00edtulo na hist\u00f3ria da marca, a caminho de ser uma marca lifestyle.<\/p>\n<p><strong>E a escolha da Pininfarina? Onde se encontram os dois mundos?<\/strong><\/p>\n<p>NB: A parceria com a Pininfarina nasceu de uma admira\u00e7\u00e3o m\u00fatua. A Vista Alegre reconhece na Pininfarina uma refer\u00eancia mundial em design, inova\u00e7\u00e3o e eleg\u00e2ncia intemporal \u2013 valores que partilhamos profundamente. Apesar de a Pininfarina ser amplamente conhecida pelo design autom\u00f3vel, o seu universo criativo vai muito al\u00e9m disso, abrangendo arquitetura, mobilidade e mobili\u00e1rio de alta gama. O ponto de encontro entre os nossos mundos est\u00e1 precisamente nessa intersec\u00e7\u00e3o entre tradi\u00e7\u00e3o artesanal e inova\u00e7\u00e3o tecnol\u00f3gica, entre o toque humano e a precis\u00e3o do design contempor\u00e2neo.<\/p>\n<p>Para al\u00e9m disso, h\u00e1 tamb\u00e9m um v\u00ednculo hist\u00f3rico mais \u00edntimo \u2013 no s\u00e9culo XX, a Vista Alegre produziu componentes em porcelana para interiores autom\u00f3veis, e membros da fam\u00edlia fundadora estiveram envolvidos na organiza\u00e7\u00e3o de eventos automobil\u00edsticos marcantes, como o Grande Pr\u00e9mio do M\u00f3naco de 1930 e a dire\u00e7\u00e3o do Autom\u00f3vel Clube de Portugal. Juntos, quisemos criar algo inesperado e emocional \u2013 uma cole\u00e7\u00e3o que traduzisse o esp\u00edrito da Vista Alegre, mas atrav\u00e9s de uma linguagem de formas e materiais nova, sofisticada e cosmopolita.<\/p>\n<p><strong>Como foi todo o processo de cria\u00e7\u00e3o entre as duas marcas?\u00a0<\/strong><\/p>\n<p>NB: O ponto de partida foi da Vista Alegre \u2013 o desejo de criar uma cole\u00e7\u00e3o de mobili\u00e1rio que expressasse o ADN da marca, mas reinterpretando-o com uma vis\u00e3o contempor\u00e2nea e internacional.<\/p>\n<p>O di\u00e1logo com a Pininfarina foi desde o in\u00edcio muito natural. Partilh\u00e1mos valores essenciais: a paix\u00e3o pelo detalhe, a obsess\u00e3o pela qualidade e o respeito pela heran\u00e7a de cada marca.<\/p>\n<p>O briefing inicial definia a ambi\u00e7\u00e3o de unir o savoir-faire artesanal portugu\u00eas \u00e0 linguagem fluida e din\u00e2mica do design italiano.<\/p>\n<p>O processo foi profundamente colaborativo: houve um di\u00e1logo constante entre os designers da Pininfarina, a nossa equipa de Marketing e os mestres artes\u00e3os da empresa que os produziu, testando materiais, acabamentos e propor\u00e7\u00f5es at\u00e9 chegar ao equil\u00edbrio perfeito entre inova\u00e7\u00e3o, conforto e identidade.<\/p>\n<p>O resultado \u00e9 uma cole\u00e7\u00e3o que \u00e9 ao mesmo tempo global e profundamente ligada \u00e0s ra\u00edzes da Vista Alegre.<\/p>\n<p><strong>Que mensagem pretendem transmitir aos clientes e ao mercado?<\/strong><\/p>\n<p>NB: A Accento \u00e9 a afirma\u00e7\u00e3o clara da Vista Alegre como marca global de lifestyle de luxo, que oferece uma experi\u00eancia de vida completa e coerente \u2013 da arte de receber \u00e0 arte de habitar.<\/p>\n<p>Queremos mostrar que o design Vista Alegre vai al\u00e9m do objeto: \u00e9 uma atitude est\u00e9tica, uma forma de estar no mundo onde a tradi\u00e7\u00e3o e a modernidade coexistem em harmonia.<\/p>\n<p>Esta cole\u00e7\u00e3o \u00e9 uma celebra\u00e7\u00e3o da beleza intemporal, da criatividade e da excel\u00eancia artesanal portuguesa ao mais alto n\u00edvel internacional.<\/p>\n<p><strong>\u00c9 uma cole\u00e7\u00e3o que refor\u00e7a a posi\u00e7\u00e3o no mercado global de luxo cada vez mais competitivo?<\/strong><\/p>\n<p>NB: Sem d\u00favida. A Vista Alegre j\u00e1 \u00e9 uma marca presente em mais de 70 pa\u00edses, mas esta cole\u00e7\u00e3o refor\u00e7a a sua posi\u00e7\u00e3o num segmento mais abrangente e aspiracional.<\/p>\n<p>A colabora\u00e7\u00e3o com a Pininfarina traz um novo olhar, contempor\u00e2neo e cosmopolita, que refor\u00e7a a relev\u00e2ncia da marca junto de p\u00fablicos internacionais exigentes.<\/p>\n<p>Mais do que competir, procuramos inspirar \u2013 ser uma refer\u00eancia no modo como tradi\u00e7\u00e3o, arte e design podem coexistir com autenticidade e modernidade. Como marca portuguesa que \u00e9.<\/p>\n<p><strong>Qual a vis\u00e3o de futuro para se consolidar como marca de lifestyle e luxo?<\/strong><\/p>\n<p>NB: A vis\u00e3o da Vista Alegre \u00e9 clara: ser uma marca de lifestyle de luxo global, com uma oferta transversal e coerente, que vai da mesa \u00e0 casa, do objeto decorativo ao mobili\u00e1rio e aos acess\u00f3rios de moda.<\/p>\n<p>Continuaremos a investir em colabora\u00e7\u00f5es com nomes de refer\u00eancia do design internacional, mas sempre com a ess\u00eancia portuguesa no centro.<\/p>\n<p>Acreditamos que o futuro do luxo est\u00e1 na autenticidade, na sustentabilidade e na emo\u00e7\u00e3o \u2013 e \u00e9 nessa tr\u00edade que a Vista Alegre continuar\u00e1 a construir o seu caminho, levando a arte e o design portugu\u00eas a novos horizontes.<\/p>\n<p><strong>Como trabalharam a heran\u00e7a e tradi\u00e7\u00e3o da VA, com a vossa vis\u00e3o de design contempor\u00e2neo?<\/strong><\/p>\n<p>Nicola Girotti: A Accento \u00e9 o resultado de uma vis\u00e3o partilhada entre a Pininfarina e a Vista Alegre \u2013 uma fus\u00e3o de heran\u00e7a e inova\u00e7\u00e3o. Abordamos esta colabora\u00e7\u00e3o respeitando o legado de 200 anos da Vista Alegre e traduzindo-o para uma linguagem de design contempor\u00e2nea. A cole\u00e7\u00e3o \u00e9 definida pela eleg\u00e2ncia intemporal, artesanato e uma est\u00e9tica escultural inspirada nas linhas autom\u00f3veis cl\u00e1ssicas.<\/p>\n<p><strong>Quais foram os principais desafios criativos\/t\u00e9cnicos ao incorporar refer\u00eancias de autom\u00f3veis cl\u00e1ssicos em pe\u00e7as de mobili\u00e1rio de luxo?<\/strong><\/p>\n<p>NG: Um dos principais desafios foi adaptar o design autom\u00f3vel \u2013 como linhas din\u00e2micas, costuras de pele e contrastes de materiais \u2013 em m\u00f3veis funcionais sem comprometer o conforto ou a eleg\u00e2ncia. Tivemos de garantir que cada detalhe, desde a curvatura das formas at\u00e9 aos acabamentos, cumprissem os prop\u00f3sitos est\u00e9ticos e ergon\u00f3micos.<\/p>\n<p><strong>Como reunir funcionalidade, est\u00e9tica, artesanato e emo\u00e7\u00e3o numa pe\u00e7a?\u00a0<\/strong><\/p>\n<p>NG: O nosso foco \u00e9 criar uma experi\u00eancia multissensorial. Materiais como madeira de freixo, pele cozida \u00e0 m\u00e3o e pedra Nero Marquina foram escolhidos n\u00e3o apenas pela sua beleza, mas pelo seu desempenho e impacto emocional. O artesanato reflete o nosso ADN autom\u00f3vel, enquanto o design evoca uma sensa\u00e7\u00e3o de movimento e sofistica\u00e7\u00e3o, tornando cada pe\u00e7a funcional e emocionalmente envolvente.<\/p>\n<p><strong>A cole\u00e7\u00e3o reflete a vis\u00e3o da Pininfarina, algo como sem passado, n\u00e3o h\u00e1 futuro?<\/strong><\/p>\n<p>Fabio Calorio: Absolutamente. A Accento incorpora a nossa cren\u00e7a de que o passado e o futuro est\u00e3o profundamente ligados. Cada projeto Pininfarina come\u00e7a com heran\u00e7a \u2013 valores de beleza, artesanato e inova\u00e7\u00e3o \u2013 e evolui para uma express\u00e3o moderna. O patrim\u00f3nio n\u00e3o \u00e9 um limite; \u00e9 uma funda\u00e7\u00e3o. A inova\u00e7\u00e3o ganha significado quando respeita e se baseia no ADN de uma marca.<\/p>\n<p><strong>O que mais vos inspirou na Vista Alegre na cria\u00e7\u00e3o das pe\u00e7as?<\/strong><\/p>\n<p>FC: O dom\u00ednio secular da cer\u00e2mica da Vista Alegre foi uma grande inspira\u00e7\u00e3o. Projetar a primeira cole\u00e7\u00e3o de m\u00f3veis da marca foi uma honra, e quer\u00edamos fazer uma homenagem integrando cer\u00e2mica nas pe\u00e7as. Este detalhe subtil cria um di\u00e1logo entre materiais e \u00e9pocas, juntando pele, madeira e cer\u00e2mica de uma forma que reflete a eleg\u00e2ncia intemporal das duas marcas.<\/p>\n<p><strong>Podemos esperar mais novidades desta colabora\u00e7\u00e3o?<\/strong><\/p>\n<p>FC: Accento \u00e9 apenas o in\u00edcio. O forte alinhamento criativo e de valores entre a Vista Alegre e a Pininfarina abre portas a futuras colabora\u00e7\u00f5es. Vemos um potencial que nos entusiasma, especialmente em \u00e1reas como o imobili\u00e1rio de marcas, onde a Pininfarina est\u00e1 cada vez mais ativa. Quando duas marcas partilham uma paix\u00e3o por design, artesanato e beleza intemporal, novos projetos tornam-se uma evolu\u00e7\u00e3o natural.\u00a0<\/p>\n","protected":false},"excerpt":{"rendered":"Depois de dois s\u00e9culos dedicada \u00e0 porcelana e cristal, a Vista Alegre (VA) est\u00e1 hoje numa nova era&hellip;\n","protected":false},"author":2,"featured_media":142371,"comment_status":"","ping_status":"","sticky":false,"template":"","format":"standard","meta":{"footnotes":""},"categories":[144],"tags":[207,205,206,203,201,202,204,114,115,31472,29310,32,33,31473],"class_list":{"0":"post-142370","1":"post","2":"type-post","3":"status-publish","4":"format-standard","5":"has-post-thumbnail","7":"category-arte-e-design","8":"tag-arte","9":"tag-arte-e-design","10":"tag-artedesign","11":"tag-arts","12":"tag-arts-and-design","13":"tag-artsanddesign","14":"tag-design","15":"tag-entertainment","16":"tag-entretenimento","17":"tag-mobiliario","18":"tag-pininfarina","19":"tag-portugal","20":"tag-pt","21":"tag-vista-alegre"},"share_on_mastodon":{"url":"https:\/\/pubeurope.com\/@pt\/115505497531203827","error":""},"_links":{"self":[{"href":"https:\/\/www.europesays.com\/pt\/wp-json\/wp\/v2\/posts\/142370","targetHints":{"allow":["GET"]}}],"collection":[{"href":"https:\/\/www.europesays.com\/pt\/wp-json\/wp\/v2\/posts"}],"about":[{"href":"https:\/\/www.europesays.com\/pt\/wp-json\/wp\/v2\/types\/post"}],"author":[{"embeddable":true,"href":"https:\/\/www.europesays.com\/pt\/wp-json\/wp\/v2\/users\/2"}],"replies":[{"embeddable":true,"href":"https:\/\/www.europesays.com\/pt\/wp-json\/wp\/v2\/comments?post=142370"}],"version-history":[{"count":0,"href":"https:\/\/www.europesays.com\/pt\/wp-json\/wp\/v2\/posts\/142370\/revisions"}],"wp:featuredmedia":[{"embeddable":true,"href":"https:\/\/www.europesays.com\/pt\/wp-json\/wp\/v2\/media\/142371"}],"wp:attachment":[{"href":"https:\/\/www.europesays.com\/pt\/wp-json\/wp\/v2\/media?parent=142370"}],"wp:term":[{"taxonomy":"category","embeddable":true,"href":"https:\/\/www.europesays.com\/pt\/wp-json\/wp\/v2\/categories?post=142370"},{"taxonomy":"post_tag","embeddable":true,"href":"https:\/\/www.europesays.com\/pt\/wp-json\/wp\/v2\/tags?post=142370"}],"curies":[{"name":"wp","href":"https:\/\/api.w.org\/{rel}","templated":true}]}}