{"id":142375,"date":"2025-11-07T00:13:07","date_gmt":"2025-11-07T00:13:07","guid":{"rendered":"https:\/\/www.europesays.com\/pt\/142375\/"},"modified":"2025-11-07T00:13:07","modified_gmt":"2025-11-07T00:13:07","slug":"lancamento-de-gta-vi-e-adiado-para-19-de-novembro-de-2026","status":"publish","type":"post","link":"https:\/\/www.europesays.com\/pt\/142375\/","title":{"rendered":"Lan\u00e7amento de &#8216;GTA VI&#8217; \u00e9 adiado para 19 de novembro de 2026"},"content":{"rendered":"<p>A nova edi\u00e7\u00e3o do popular videogame &#8220;Grand Theft Auto&#8221;, &#8220;GTA VI&#8221;, inicialmente prevista para o outono de 2025 e depois anunciada para a primavera, foi novamente adiada para 19 de novembro de 2026, anunciou nesta quinta-feira (6) a produtora Rockstar Games.<\/p>\n<p>&#8220;Lamentamos adicionar um pouco mais de tempo \u00e0quilo que j\u00e1 foi uma longa espera, mas esses meses adicionais nos permitir\u00e3o finalizar o jogo com o n\u00edvel de conclus\u00e3o que voc\u00eas esperam e merecem&#8221;, disse a empresa em comunicado publicado nas redes sociais.<\/p>\n<p>Nas transa\u00e7\u00f5es eletr\u00f4nicas ap\u00f3s o fechamento da bolsa de Wall Street, por volta das 16h30 locais (18h30 de Bras\u00edlia), os pre\u00e7os das a\u00e7\u00f5es da controladora da Rockstar Games, Take-Two Interactive, ca\u00edram 8%.<\/p>\n","protected":false},"excerpt":{"rendered":"A nova edi\u00e7\u00e3o do popular videogame &#8220;Grand Theft Auto&#8221;, &#8220;GTA VI&#8221;, inicialmente prevista para o outono de 2025&hellip;\n","protected":false},"author":2,"featured_media":140425,"comment_status":"","ping_status":"","sticky":false,"template":"","format":"standard","meta":{"footnotes":""},"categories":[84],"tags":[1932,109,107,108,235,62,32,33,105,103,104,106,110],"class_list":{"0":"post-142375","1":"post","2":"type-post","3":"status-publish","4":"format-standard","5":"has-post-thumbnail","7":"category-ciencia-e-tecnologia","8":"tag-afp","9":"tag-ciencia","10":"tag-ciencia-e-tecnologia","11":"tag-cienciaetecnologia","12":"tag-estados-unidos","13":"tag-mundo","14":"tag-portugal","15":"tag-pt","16":"tag-science","17":"tag-science-and-technology","18":"tag-scienceandtechnology","19":"tag-technology","20":"tag-tecnologia"},"share_on_mastodon":{"url":"https:\/\/pubeurope.com\/@pt\/115505529021357241","error":""},"_links":{"self":[{"href":"https:\/\/www.europesays.com\/pt\/wp-json\/wp\/v2\/posts\/142375","targetHints":{"allow":["GET"]}}],"collection":[{"href":"https:\/\/www.europesays.com\/pt\/wp-json\/wp\/v2\/posts"}],"about":[{"href":"https:\/\/www.europesays.com\/pt\/wp-json\/wp\/v2\/types\/post"}],"author":[{"embeddable":true,"href":"https:\/\/www.europesays.com\/pt\/wp-json\/wp\/v2\/users\/2"}],"replies":[{"embeddable":true,"href":"https:\/\/www.europesays.com\/pt\/wp-json\/wp\/v2\/comments?post=142375"}],"version-history":[{"count":0,"href":"https:\/\/www.europesays.com\/pt\/wp-json\/wp\/v2\/posts\/142375\/revisions"}],"wp:featuredmedia":[{"embeddable":true,"href":"https:\/\/www.europesays.com\/pt\/wp-json\/wp\/v2\/media\/140425"}],"wp:attachment":[{"href":"https:\/\/www.europesays.com\/pt\/wp-json\/wp\/v2\/media?parent=142375"}],"wp:term":[{"taxonomy":"category","embeddable":true,"href":"https:\/\/www.europesays.com\/pt\/wp-json\/wp\/v2\/categories?post=142375"},{"taxonomy":"post_tag","embeddable":true,"href":"https:\/\/www.europesays.com\/pt\/wp-json\/wp\/v2\/tags?post=142375"}],"curies":[{"name":"wp","href":"https:\/\/api.w.org\/{rel}","templated":true}]}}