{"id":142386,"date":"2025-11-07T00:26:38","date_gmt":"2025-11-07T00:26:38","guid":{"rendered":"https:\/\/www.europesays.com\/pt\/142386\/"},"modified":"2025-11-07T00:26:38","modified_gmt":"2025-11-07T00:26:38","slug":"na-reta-final-da-gravidez-vania-sa-faz-desabafo-surpreendente-nunca-tomei-tanta-coisa-na-minha-vida-secret-story","status":"publish","type":"post","link":"https:\/\/www.europesays.com\/pt\/142386\/","title":{"rendered":"Na reta final da gravidez, V\u00e2nia S\u00e1 faz desabafo surpreendente: \u00abNunca tomei tanta coisa na minha vida\u00bb &#8211; Secret Story"},"content":{"rendered":"<p><strong>V\u00e2nia S\u00e1 est\u00e1 na reta final da gravidez e <a href=\"https:\/\/tvi.iol.pt\/secretstory\/vania-sa\/gravidez\/vania-sa-mostra-imagens-ineditas-do-rosto-da-filha-que-ainda-nao-nasceu-e-sao-uma-fofura\" rel=\"nofollow noopener\" target=\"_blank\">prestes a conhecer a filha, Leonor<\/a><\/strong>. A empres\u00e1ria tem feito v\u00e1rias partilhas sobre esta fase da sua vida e, agora, mostrou algo que surpreendeu os f\u00e3s.<\/p>\n<p>Nesta ter\u00e7a-feira, 4 de novembro, a <strong>ex-concorrente do Secret Story e do Big Brother decidiu mostrar a medica\u00e7\u00e3o que est\u00e1 a tomar<\/strong>, explicando ainda o prop\u00f3sito de cada uma delas.\u00a0<\/p>\n<p>\u00abJuro que nunca tomei tanta coisa na minha vida\u00bb, come\u00e7ou por dizer.<\/p>\n<p>\u00ab<strong>Ferro. <a href=\"https:\/\/tvi.iol.pt\/secretstory\/vania-sa\/filha\/ainda-nao-nasceu-e-ja-e-um-fenomeno-da-internet-a-bebe-mais-popular-de-portugal\" rel=\"nofollow noopener\" target=\"_blank\">A Leonor levou-me o ferro todo<\/a>, estou com o ferro baix\u00edssimo, magn\u00e9sio porque as c\u00e3ibras s\u00e3o imposs\u00edveis<\/strong>, estou a tomar dois, imaginem. Para a minha azia porque n\u00e3o tinha mas agora j\u00e1 tenho, Nausefe tomo sempre para dormir e Gestacare porque a Leonor exige\u00bb, disse.<\/p>\n<p><strong>Veja aqui uma das partilhas:<\/strong><\/p>\n<p style=\"text-align:center\"><img loading=\"lazy\" decoding=\"async\" alt=\"\" height=\"829\" src=\"https:\/\/www.europesays.com\/pt\/wp-content\/uploads\/2025\/11\/690b33e7d34e2bd5c6d3a59c.webp\" width=\"511\"\/><\/p>\n<p>\u00a0<\/p>\n","protected":false},"excerpt":{"rendered":"V\u00e2nia S\u00e1 est\u00e1 na reta final da gravidez e prestes a conhecer a filha, Leonor. A empres\u00e1ria tem&hellip;\n","protected":false},"author":2,"featured_media":142387,"comment_status":"","ping_status":"","sticky":false,"template":"","format":"standard","meta":{"footnotes":""},"categories":[142],"tags":[18706,114,115,18705,2611,32,33,151,13319,18704],"class_list":{"0":"post-142386","1":"post","2":"type-post","3":"status-publish","4":"format-standard","5":"has-post-thumbnail","7":"category-tv","8":"tag-bastidores-secret-story","9":"tag-entertainment","10":"tag-entretenimento","11":"tag-entrevistas-concorrentes-tvi","12":"tag-gravida","13":"tag-portugal","14":"tag-pt","15":"tag-tv","16":"tag-vania-sa","17":"tag-vida-fora-da-casa"},"share_on_mastodon":{"url":"https:\/\/pubeurope.com\/@pt\/115505580272191299","error":""},"_links":{"self":[{"href":"https:\/\/www.europesays.com\/pt\/wp-json\/wp\/v2\/posts\/142386","targetHints":{"allow":["GET"]}}],"collection":[{"href":"https:\/\/www.europesays.com\/pt\/wp-json\/wp\/v2\/posts"}],"about":[{"href":"https:\/\/www.europesays.com\/pt\/wp-json\/wp\/v2\/types\/post"}],"author":[{"embeddable":true,"href":"https:\/\/www.europesays.com\/pt\/wp-json\/wp\/v2\/users\/2"}],"replies":[{"embeddable":true,"href":"https:\/\/www.europesays.com\/pt\/wp-json\/wp\/v2\/comments?post=142386"}],"version-history":[{"count":0,"href":"https:\/\/www.europesays.com\/pt\/wp-json\/wp\/v2\/posts\/142386\/revisions"}],"wp:featuredmedia":[{"embeddable":true,"href":"https:\/\/www.europesays.com\/pt\/wp-json\/wp\/v2\/media\/142387"}],"wp:attachment":[{"href":"https:\/\/www.europesays.com\/pt\/wp-json\/wp\/v2\/media?parent=142386"}],"wp:term":[{"taxonomy":"category","embeddable":true,"href":"https:\/\/www.europesays.com\/pt\/wp-json\/wp\/v2\/categories?post=142386"},{"taxonomy":"post_tag","embeddable":true,"href":"https:\/\/www.europesays.com\/pt\/wp-json\/wp\/v2\/tags?post=142386"}],"curies":[{"name":"wp","href":"https:\/\/api.w.org\/{rel}","templated":true}]}}