{"id":142405,"date":"2025-11-07T00:50:07","date_gmt":"2025-11-07T00:50:07","guid":{"rendered":"https:\/\/www.europesays.com\/pt\/142405\/"},"modified":"2025-11-07T00:50:07","modified_gmt":"2025-11-07T00:50:07","slug":"editora-roncarati-noticias-vivest-em-06-11-2025","status":"publish","type":"post","link":"https:\/\/www.europesays.com\/pt\/142405\/","title":{"rendered":"Editora Roncarati &#8211; Not\u00edcias Vivest, em 06.11.2025"},"content":{"rendered":"<p>\t\t\t\t\t<a href=\"https:\/\/www.editoraroncarati.com.br\/v2\/Artigos-e-Noticias\/Artigos-e-Noticias\/Noticias-Vivest-em-06-11-2025\/Imprimir.html\" title=\"Imprimir\" onclick=\"window.open(this.href,&#039;win2&#039;,&#039;status=no,toolbar=no,scrollbars=yes,titlebar=no,menubar=no,resizable=yes,width=640,height=480,directories=no,location=no&#039;); return false;\" rel=\"nofollow noopener\" target=\"_blank\"><img decoding=\"async\" src=\"https:\/\/www.europesays.com\/pt\/wp-content\/uploads\/2025\/07\/printButton.png\" alt=\"Imprimir\" \/><\/a>\t\t\t\t<\/p>\n<p>\t\t\t\t\t<a href=\"https:\/\/www.editoraroncarati.com.br\/v2\/pdf\/Artigos-e-Noticias\/Artigos-e-Noticias\/Noticias-Vivest-em-06-11-2025.pdf\" title=\"PDF\" onclick=\"window.open(this.href,&#039;win2&#039;,&#039;status=no,toolbar=no,scrollbars=yes,titlebar=no,menubar=no,resizable=yes,width=640,height=480,directories=no,location=no&#039;); return false;\" rel=\"nofollow noopener\" target=\"_blank\"><img decoding=\"async\" src=\"https:\/\/www.europesays.com\/pt\/wp-content\/uploads\/2025\/07\/pdf_button.png\" alt=\"PDF\" \/><\/a>\t\t\t\t<\/p>\n<p>\t<a href=\"https:\/\/www.editoraroncarati.com.br\/v2\/Artigos-e-Noticias\/Artigos-e-Noticias\/Noticias-Vivest-em-06-11-2025.html\/javascript:history.go(-1)\" rel=\"nofollow noopener\" target=\"_blank\">Voltar<\/a><\/p>\n<p style=\"text-align: justify;\">O <strong>economista-chefe<\/strong> da Vivest, <strong>Andr\u00e9 L\u00f3es<\/strong>, foi entrevistado pela jornalista Juliana Rosa no programa <strong>Economia para Voc\u00ea<\/strong>, exibido pela <strong>BandNews TV<\/strong> na noite do dia <strong>30 de outubro, \u00e0s 23h<\/strong>.<\/p>\n<p style=\"text-align: justify;\">Durante a conversa, que teve cerca de 30 minutos de dura\u00e7\u00e3o, L\u00f3es abordou os principais temas da <strong>macroeconomia nacional<\/strong>, com destaque para a rela\u00e7\u00e3o entre <strong>seguran\u00e7a p\u00fablica<\/strong> e os impactos econ\u00f4micos no Pa\u00eds, em raz\u00e3o dos recentes acontecimentos no Rio de Janeiro.<\/p>\n<p style=\"text-align: justify;\">A entrevista foi reexibida na programa\u00e7\u00e3o da BandNews TV, Band e R\u00e1dio BandNews FM, e est\u00e1 dispon\u00edvel na \u00edntegra no YouTube \u2014 <a href=\"https:\/\/www.youtube.com\/watch?v=J502xIyKYWc\" rel=\"nofollow noopener\" target=\"_blank\"><strong>confira aqui<\/strong><\/a>.<\/p>\n<p style=\"text-align: justify;\">Com o fim do ano se aproximando, \u00e9 tempo de refletir: que escolhas queremos fazer hoje para transformar o <strong>futuro<\/strong> da <strong>sa\u00fade <\/strong>e do <strong>bem-estar<\/strong>?<\/p>\n<p style=\"text-align: justify;\">Em novo epis\u00f3dio do <strong>Vivecast<\/strong>, a <strong>geriatra do Hospital Dom Alvarenga, Amanda Fialho<\/strong>, compartilha orienta\u00e7\u00f5es pr\u00e1ticas sobre como <strong>viver bem e com qualidade<\/strong> em todas as fases da vida.<\/p>\n<p style=\"text-align: justify;\">Durante a conversa, ela aborda h\u00e1bitos que contribuem para o envelhecimento saud\u00e1vel, a import\u00e2ncia do cuidado preventivo e a necessidade de olhar para a sa\u00fade f\u00edsica e emocional de forma integrada.<\/p>\n<p style=\"text-align: justify;\"><a href=\"https:\/\/www.youtube.com\/watch?v=Nkzf3HbsV9k\" rel=\"nofollow noopener\" target=\"_blank\"><strong>Clique aqui<\/strong><\/a> para assistir ao epis\u00f3dio completo e saiba como construir uma rotina equilibrada e alcan\u00e7ar a longevidade com bem-estar.<\/p>\n<p style=\"text-align: justify;\">Com a chegada do ver\u00e3o e o aumento das chuvas, cresce tamb\u00e9m a atividade do <strong>mosquito Aedes aegypti<\/strong>, transmissor da <strong>dengue<\/strong>. \u00c9 fundamental conhecer seus h\u00e1bitos: ele se reproduz em qualquer <strong>recipiente que acumule \u00e1gua<\/strong>, como latas, garrafas, pneus, calhas ou pratos de vasos. A preven\u00e7\u00e3o come\u00e7a com elimina\u00e7\u00e3o desses focos, evitando que os ovos eclodam e se transformem em mosquitos.<\/p>\n<p style=\"text-align: justify;\">A dengue pode variar de leve a grave. Na forma cl\u00e1ssica, os <strong>sintomas <\/strong>incluem<strong> febre alta, dores de cabe\u00e7a, cansa\u00e7o, dores musculares e nas articula\u00e7\u00f5es, n\u00e1useas e erup\u00e7\u00f5es na pele<\/strong>. Nos casos mais graves, conhecidos como<strong> febre hemorr\u00e1gica<\/strong>, o quadro pode evoluir rapidamente, exigindo aten\u00e7\u00e3o m\u00e9dica imediata. N\u00e3o h\u00e1 rem\u00e9dio espec\u00edfico, mas a <strong>hidrata\u00e7\u00e3o <\/strong>e o uso de <strong>analg\u00e9sicos <\/strong>e <strong>antit\u00e9rmicos<\/strong>, sempre com orienta\u00e7\u00e3o m\u00e9dica, ajudam no <strong>tratamento<\/strong>.<\/p>\n<p style=\"text-align: justify;\">Al\u00e9m de cuidar da sa\u00fade individual, cada pessoa pode contribuir para a <strong>preven\u00e7\u00e3o coletiva<\/strong>. Revisar a casa e \u00e1reas comuns, eliminar \u00e1gua parada e manter recipientes bem tampados s\u00e3o a\u00e7\u00f5es simples que fazem toda a diferen\u00e7a. Neste ver\u00e3o, redobre a aten\u00e7\u00e3o e proteja a si e aos que est\u00e3o ao seu redor contra a dengue.<\/p>\n<p style=\"text-align: justify;\"><strong>Fonte: <\/strong><a href=\"https:\/\/www.vivest.com.br\/\" rel=\"nofollow noopener\" target=\"_blank\">Vivest<\/a>, em 06.11.2025.<\/p>\n","protected":false},"excerpt":{"rendered":"Voltar O economista-chefe da Vivest, Andr\u00e9 L\u00f3es, foi entrevistado pela jornalista Juliana Rosa no programa Economia para Voc\u00ea,&hellip;\n","protected":false},"author":2,"featured_media":108,"comment_status":"","ping_status":"","sticky":false,"template":"","format":"standard","meta":{"footnotes":""},"categories":[86],"tags":[133,116,32,33,117],"class_list":{"0":"post-142405","1":"post","2":"type-post","3":"status-publish","4":"format-standard","5":"has-post-thumbnail","7":"category-saude","8":"tag-editora-roncarati","9":"tag-health","10":"tag-portugal","11":"tag-pt","12":"tag-saude"},"share_on_mastodon":{"url":"https:\/\/pubeurope.com\/@pt\/115505674564288170","error":""},"_links":{"self":[{"href":"https:\/\/www.europesays.com\/pt\/wp-json\/wp\/v2\/posts\/142405","targetHints":{"allow":["GET"]}}],"collection":[{"href":"https:\/\/www.europesays.com\/pt\/wp-json\/wp\/v2\/posts"}],"about":[{"href":"https:\/\/www.europesays.com\/pt\/wp-json\/wp\/v2\/types\/post"}],"author":[{"embeddable":true,"href":"https:\/\/www.europesays.com\/pt\/wp-json\/wp\/v2\/users\/2"}],"replies":[{"embeddable":true,"href":"https:\/\/www.europesays.com\/pt\/wp-json\/wp\/v2\/comments?post=142405"}],"version-history":[{"count":0,"href":"https:\/\/www.europesays.com\/pt\/wp-json\/wp\/v2\/posts\/142405\/revisions"}],"wp:featuredmedia":[{"embeddable":true,"href":"https:\/\/www.europesays.com\/pt\/wp-json\/wp\/v2\/media\/108"}],"wp:attachment":[{"href":"https:\/\/www.europesays.com\/pt\/wp-json\/wp\/v2\/media?parent=142405"}],"wp:term":[{"taxonomy":"category","embeddable":true,"href":"https:\/\/www.europesays.com\/pt\/wp-json\/wp\/v2\/categories?post=142405"},{"taxonomy":"post_tag","embeddable":true,"href":"https:\/\/www.europesays.com\/pt\/wp-json\/wp\/v2\/tags?post=142405"}],"curies":[{"name":"wp","href":"https:\/\/api.w.org\/{rel}","templated":true}]}}