{"id":142411,"date":"2025-11-07T01:01:24","date_gmt":"2025-11-07T01:01:24","guid":{"rendered":"https:\/\/www.europesays.com\/pt\/142411\/"},"modified":"2025-11-07T01:01:24","modified_gmt":"2025-11-07T01:01:24","slug":"radio-educadora-fm-dois-vizinhos-pr-23","status":"publish","type":"post","link":"https:\/\/www.europesays.com\/pt\/142411\/","title":{"rendered":"R\u00e1dio Educadora FM &#8211; Dois Vizinhos PR."},"content":{"rendered":"<p>\n                            Dados foram divulgados pelo Instituto Brasileiro de Geografia e Estat\u00edstica (IBGE).                         <\/p>\n<p style=\"text-align: justify;\">O Instituto Brasileiro de Geografia e Estat\u00edstica (IBGE) divulgou os <a href=\"https:\/\/censo2022.ibge.gov.br\/nomes\" target=\"_blank\" rel=\"nofollow noopener\">nomes mais populares<\/a> do Brasil de acordo com dados coletados no Censo de 2022. Em todo o pa\u00eds, s\u00e3o quase 130 mil primeiros nomes distintos e 200 mil sobrenomes &#8211; um destaque \u00e9 que o pa\u00eds tem 4,3 mil nomes utilizados por apenas uma pessoa. A forma\u00e7\u00e3o de nomes mais comuns indica, primeiramente, a ascend\u00eancia materna seguida da ascend\u00eancia paterna.<\/p>\n<p style=\"text-align: justify;\">No Brasil, os mais comuns s\u00e3o Maria, Ana, Francisca, Julia e Ant\u00f4nia. Entre os homens Jos\u00e9, Jo\u00e3o, Ant\u00f4nio, Francisco e Pedro enquanto os sobrenomes mais utilizados s\u00e3o Silva, Santos, Oliveira, Souza e Pereira.<\/p>\n<p style=\"text-align: justify;\">Em Dois Vizinhos<\/p>\n<p style=\"text-align: justify;\">No nosso munic\u00edpio, entre as mulheres, o nome mais popular \u00e9 Maria (1.190 pessoas), seguida de Ana (680), J\u00falia (182), Laura (164) e Terezinha (157). Para os homens, o nome mais comum \u00e9 Jo\u00e3o (694), Jos\u00e9 (461), Pedro (336), Ant\u00f4nio (335) e Lucas (328). Os sobrenomes mais utilizados no munic\u00edpio s\u00e3o Silva (3.499), Santos (2.255), Oliveira (1.227), Alves (1.028) e Souza (936).<\/p>\n<p style=\"text-align: justify;\">Fonte: Portal Educadora<\/p>\n","protected":false},"excerpt":{"rendered":"Dados foram divulgados pelo Instituto Brasileiro de Geografia e Estat\u00edstica (IBGE). O Instituto Brasileiro de Geografia e Estat\u00edstica&hellip;\n","protected":false},"author":2,"featured_media":142412,"comment_status":"","ping_status":"","sticky":false,"template":"","format":"standard","meta":{"footnotes":""},"categories":[141],"tags":[3050,3056,3054,3055,3051,3052,114,115,1914,1915,149,150,3053,32,33,766],"class_list":{"0":"post-142411","1":"post","2":"type-post","3":"status-publish","4":"format-standard","5":"has-post-thumbnail","7":"category-musica","8":"tag-am","9":"tag-ao-vivo","10":"tag-dois-vizinhos","11":"tag-doisvizinhos","12":"tag-educadora","13":"tag-educadoradv","14":"tag-entertainment","15":"tag-entretenimento","16":"tag-fm","17":"tag-mp3","18":"tag-music","19":"tag-musica","20":"tag-player","21":"tag-portugal","22":"tag-pt","23":"tag-radio"},"share_on_mastodon":{"url":"https:\/\/pubeurope.com\/@pt\/115505717794664664","error":""},"_links":{"self":[{"href":"https:\/\/www.europesays.com\/pt\/wp-json\/wp\/v2\/posts\/142411","targetHints":{"allow":["GET"]}}],"collection":[{"href":"https:\/\/www.europesays.com\/pt\/wp-json\/wp\/v2\/posts"}],"about":[{"href":"https:\/\/www.europesays.com\/pt\/wp-json\/wp\/v2\/types\/post"}],"author":[{"embeddable":true,"href":"https:\/\/www.europesays.com\/pt\/wp-json\/wp\/v2\/users\/2"}],"replies":[{"embeddable":true,"href":"https:\/\/www.europesays.com\/pt\/wp-json\/wp\/v2\/comments?post=142411"}],"version-history":[{"count":0,"href":"https:\/\/www.europesays.com\/pt\/wp-json\/wp\/v2\/posts\/142411\/revisions"}],"wp:featuredmedia":[{"embeddable":true,"href":"https:\/\/www.europesays.com\/pt\/wp-json\/wp\/v2\/media\/142412"}],"wp:attachment":[{"href":"https:\/\/www.europesays.com\/pt\/wp-json\/wp\/v2\/media?parent=142411"}],"wp:term":[{"taxonomy":"category","embeddable":true,"href":"https:\/\/www.europesays.com\/pt\/wp-json\/wp\/v2\/categories?post=142411"},{"taxonomy":"post_tag","embeddable":true,"href":"https:\/\/www.europesays.com\/pt\/wp-json\/wp\/v2\/tags?post=142411"}],"curies":[{"name":"wp","href":"https:\/\/api.w.org\/{rel}","templated":true}]}}