{"id":142413,"date":"2025-11-07T01:03:10","date_gmt":"2025-11-07T01:03:10","guid":{"rendered":"https:\/\/www.europesays.com\/pt\/142413\/"},"modified":"2025-11-07T01:03:10","modified_gmt":"2025-11-07T01:03:10","slug":"liga-europa-sp-braga-erratico-cai-aos-pes-do-genk-futebol-internacional","status":"publish","type":"post","link":"https:\/\/www.europesays.com\/pt\/142413\/","title":{"rendered":"Liga Europa: Sp. Braga err\u00e1tico cai aos p\u00e9s do Genk | Futebol internacional"},"content":{"rendered":"<p>Oportunidade perdida pelo Sp. Braga, derrotado esta quinta-feira em casa (3-4) pelo Genk, de elevar a fasquia e estabelecer um recorde de quatro triunfos consecutivos no arranque da Liga Europa, o que colocaria a forma\u00e7\u00e3o minhota no topo da tabela da competi\u00e7\u00e3o e numa posi\u00e7\u00e3o invej\u00e1vel para fechar a qualifica\u00e7\u00e3o na desloca\u00e7\u00e3o a Glasgow.<\/p>\n<p>Um desfecho surpreendente, face ao futebol exibido na primeira parte, de uma autoridade e supremacia que o Genk contestou mesmo em cima do intervalo. O que veio a seguir foi uma esp\u00e9cie de viagem a um universo desconhecido, com o Sp. Braga a cometer haraquiri com erros incompreens\u00edveis que entregaram ao Genk as chaves da partida.<\/p>\n<p>Os minutos finais foram de incerteza, com Fran Navarro a reduzir para 3-4, mas o destino estava tra\u00e7ado, com o Genk a reclamar os tr\u00eas pontos.<\/p>\n<p>Antes do descalabro, o Sp. Braga s\u00f3 precisou de 30 minutos e cinco tentativas para ganhar vantagem ante um Genk que procurava agarrar-se a uma t\u00e1bua de salva\u00e7\u00e3o para evitar cair para a zona de elimina\u00e7\u00e3o.<\/p>\n<p>        &#13;<\/p>\n<blockquote class=\"twitter-tweet\" data-media-max-width=\"560\">\n<p lang=\"pt\" dir=\"ltr\">\u00c9 ouvir o ambiente na Pedreira.<a href=\"https:\/\/twitter.com\/hashtag\/DAZNEuropa?src=hash&amp;ref_src=twsrc%5Etfw\" rel=\"nofollow noopener\" target=\"_blank\">#DAZNEuropa<\/a> <a href=\"https:\/\/t.co\/GVfpyjjJIQ\" rel=\"nofollow\">pic.twitter.com\/GVfpyjjJIQ<\/a><\/p>\n<p>\u2014 DAZN Portugal (@DAZNPortugal) <a href=\"https:\/\/twitter.com\/DAZNPortugal\/status\/1986535063287144954?ref_src=twsrc%5Etfw\" rel=\"nofollow noopener\" target=\"_blank\">November 6, 2025<\/a><\/p><\/blockquote>\n<p> &#13;<\/p>\n<p>Os belgas procuraram contrariar o dom\u00ednio da forma\u00e7\u00e3o portuguesa com diferentes desenhos t\u00e1cticos que n\u00e3o surpreenderam os minhotos, marcando uma tend\u00eancia que se acentuou at\u00e9 ao golo de Zalazar, o primeiro do uruguaio na prova, constru\u00eddo por Hornicek. O guarda-redes colocou uma bola directa, a esticar em Jo\u00e3o Moutinho, perto da \u00e1rea do Genk, com o lateral\/ala Nkuba (o primeiro a ser substitu\u00eddo) a deixar a bola nos p\u00e9s de Zalazar, que progrediu e disparou com \u00eaxito.<\/p>\n<p>O Sp. Braga materializava a superioridade, mas falhava na efic\u00e1cia necess\u00e1ria para manietar um advers\u00e1rio bem mais letal, como ficou provado nos descontos, per\u00edodo em que chegou \u00e0 igualdade na sequ\u00eancia de um canto, a fulminar a equipa de Carlos Vicens.<\/p>\n<p>Os bracarenses foram para o intervalo sem perceberem bem como perderam a vantagem e regressaram completamente desligados, sofrendo o segundo logo de entrada, num erro de Gorby na sa\u00edda de jogo, com passe a queimar Lagerbielke e a permitir a arrancada de Sor, que fuzilou Hornicek.<\/p>\n<p>A din\u00e2mica do jogo mudava drasticamente, com o Genk a aproveitar as folgas criadas no sistema &#8220;arsenalista&#8221; com as trocas de Moutinho, Leonardo Lelo e El Ouazzani, criando um par de situa\u00e7\u00f5es que terminaram com o terceiro golo belga. \u00c0 segunda, o sul-coreano Oh Hyun-gyu bateu mesmo Hornicek, criando nova onda de choque na &#8220;Pedreira&#8221;.<\/p>\n<p>Subitamente, o Sp. Braga estava na imin\u00eancia de sofrer a primeira derrota europeia e de falhar uma s\u00e9rie in\u00e9dita de quatro triunfos que o deixaria no topo da classifica\u00e7\u00e3o da fase de Liga, a par de Midtjylland.<\/p>\n<p>Rodrigo Zalazar ainda restaurou a esperan\u00e7a com novo golo a cerca de 20 minutos dos 90. Mas outro erro de Gorby permitiu que os belgas voltassem a colocar a vantagem em dois golos, num aut\u00eantico soco no est\u00f4mago da forma\u00e7\u00e3o portuguesa.<\/p>\n<p>O Sp. Braga n\u00e3o estava, contudo, rendido e Fran Navarro (86&#8242;), depois de remate devolvido pelo ferro e recarga de Lagerbielke, desviou para o 3-4 que aumentou a expectativa nos minutos finais, mas que o Sp. Braga n\u00e3o foi capaz de consumar.<\/p>\n<p>            <script async src=\"https:\/\/platform.twitter.com\/widgets.js\" charset=\"utf-8\"><\/script><\/p>\n","protected":false},"excerpt":{"rendered":"Oportunidade perdida pelo Sp. Braga, derrotado esta quinta-feira em casa (3-4) pelo Genk, de elevar a fasquia e&hellip;\n","protected":false},"author":2,"featured_media":142414,"comment_status":"","ping_status":"","sticky":false,"template":"","format":"standard","meta":{"footnotes":""},"categories":[87],"tags":[2610,135,138,137,32,33,10804,1233,134,2697],"class_list":{"0":"post-142413","1":"post","2":"type-post","3":"status-publish","4":"format-standard","5":"has-post-thumbnail","7":"category-desporto","8":"tag-cronica-de-jogo","9":"tag-desporto","10":"tag-futebol-internacional","11":"tag-liga-europa","12":"tag-portugal","13":"tag-pt","14":"tag-resultados-jogos","15":"tag-sp-braga","16":"tag-sports","17":"tag-uefa"},"share_on_mastodon":{"url":"https:\/\/pubeurope.com\/@pt\/115505725700314507","error":""},"_links":{"self":[{"href":"https:\/\/www.europesays.com\/pt\/wp-json\/wp\/v2\/posts\/142413","targetHints":{"allow":["GET"]}}],"collection":[{"href":"https:\/\/www.europesays.com\/pt\/wp-json\/wp\/v2\/posts"}],"about":[{"href":"https:\/\/www.europesays.com\/pt\/wp-json\/wp\/v2\/types\/post"}],"author":[{"embeddable":true,"href":"https:\/\/www.europesays.com\/pt\/wp-json\/wp\/v2\/users\/2"}],"replies":[{"embeddable":true,"href":"https:\/\/www.europesays.com\/pt\/wp-json\/wp\/v2\/comments?post=142413"}],"version-history":[{"count":0,"href":"https:\/\/www.europesays.com\/pt\/wp-json\/wp\/v2\/posts\/142413\/revisions"}],"wp:featuredmedia":[{"embeddable":true,"href":"https:\/\/www.europesays.com\/pt\/wp-json\/wp\/v2\/media\/142414"}],"wp:attachment":[{"href":"https:\/\/www.europesays.com\/pt\/wp-json\/wp\/v2\/media?parent=142413"}],"wp:term":[{"taxonomy":"category","embeddable":true,"href":"https:\/\/www.europesays.com\/pt\/wp-json\/wp\/v2\/categories?post=142413"},{"taxonomy":"post_tag","embeddable":true,"href":"https:\/\/www.europesays.com\/pt\/wp-json\/wp\/v2\/tags?post=142413"}],"curies":[{"name":"wp","href":"https:\/\/api.w.org\/{rel}","templated":true}]}}