{"id":142416,"date":"2025-11-07T01:08:20","date_gmt":"2025-11-07T01:08:20","guid":{"rendered":"https:\/\/www.europesays.com\/pt\/142416\/"},"modified":"2025-11-07T01:08:20","modified_gmt":"2025-11-07T01:08:20","slug":"leao-xiv-recebe-o-presidente-abbas-prestar-socorro-a-populacao-civil-em-gaza","status":"publish","type":"post","link":"https:\/\/www.europesays.com\/pt\/142416\/","title":{"rendered":"Le\u00e3o XIV recebe o presidente Abbas, prestar socorro \u00e0 popula\u00e7\u00e3o civil em Gaza"},"content":{"rendered":"<p>Le\u00e3o XIV recebeu o presidente do Estado da Palestina, Mahmoud Abbas. Segundo a nota da Sala de Imprensa da Santa S\u00e9, durante a cordial conversa foi destacada a urg\u00eancia de prestar socorro \u00e0 popula\u00e7\u00e3o civil em Gaza e de p\u00f4r fim ao conflito, buscando a perspectiva da solu\u00e7\u00e3o de dois Estados.<\/p>\n<p><b>Vatican News<\/b><\/p>\n<p>O Papa Le\u00e3o XIV recebeu em audi\u00eancia, nesta quinta-feira (06\/11), no Vaticano, o presidente do Estado da Palestina, Mahmoud Abbas, por ocasi\u00e3o do 10\u00ba anivers\u00e1rio do Acordo Global entre a Santa S\u00e9 e o Estado da Palestina (26 de junho de 2015).<\/p>\n<p>     <a href=\"https:\/\/www.vaticannews.va\/pt\/papa\/news\/2025-11\/papa-leao-xiv-recebe-presidente-abbas-palestina-em-6-novembro-25.html\" title=\"Le\u00e3o XIV recebe o presidente palestino Abbas nesta quinta, 6 de novembro, no Vaticano\" rel=\"nofollow noopener\" target=\"_blank\"><\/p>\n<p>        <img decoding=\"async\" src=\"data:image\/gif;base64,R0lGODlhAQABAIAAAAAAAP\/\/\/yH5BAEAAAAALAAAAAABAAEAAAIBRAA7\" data-original=\"https:\/\/www.vaticannews.va\/content\/dam\/vaticannews\/agenzie\/images\/reuters\/2025\/05\/10\/18\/1746895668520.JPG\/_jcr_content\/renditions\/cq5dam.thumbnail.cropped.500.281.jpeg\" alt=\"Le\u00e3o XIV recebe o presidente palestino Abbas nesta quinta, 6 de novembro, no Vaticano\"\/><\/p>\n<p>      <\/a><\/p>\n<p>\n      O encontro no Vaticano ser\u00e1 \u00e0s 10h30 do hor\u00e1rio italiano. \u00c9 o primeiro entre os dois, ap\u00f3s o telefonema em julho sobre aquele per\u00edodo de conflito em Gaza e da viol\u00eancia na &#8230;\n     <\/p>\n<p>De acordo com um comunicado da Sala de Imprensa da Santa S\u00e9, durante a cordial conversa, foi destacada a urg\u00eancia de prestar socorro \u00e0 popula\u00e7\u00e3o civil em Gaza e de p\u00f4r fim ao conflito, buscando a perspectiva da solu\u00e7\u00e3o de dois Estados.<\/p>\n","protected":false},"excerpt":{"rendered":"Le\u00e3o XIV recebeu o presidente do Estado da Palestina, Mahmoud Abbas. Segundo a nota da Sala de Imprensa&hellip;\n","protected":false},"author":2,"featured_media":142417,"comment_status":"","ping_status":"","sticky":false,"template":"","format":"standard","meta":{"footnotes":""},"categories":[50],"tags":[27,28,15,16,14,25,26,21,22,62,12,13,19,20,4628,431,811,23,24,4629,11583,17,18,29,30,31,5598,63,64,65],"class_list":{"0":"post-142416","1":"post","2":"type-post","3":"status-publish","4":"format-standard","5":"has-post-thumbnail","7":"category-mundo","8":"tag-breaking-news","9":"tag-breakingnews","10":"tag-featured-news","11":"tag-featurednews","12":"tag-headlines","13":"tag-latest-news","14":"tag-latestnews","15":"tag-main-news","16":"tag-mainnews","17":"tag-mundo","18":"tag-news","19":"tag-noticias","20":"tag-noticias-principais","21":"tag-noticiasprincipais","22":"tag-oriente-medio","23":"tag-palestina","24":"tag-papa-leao-xiv","25":"tag-principais-noticias","26":"tag-principaisnoticias","27":"tag-santa-se","28":"tag-terra-santa","29":"tag-top-stories","30":"tag-topstories","31":"tag-ultimas","32":"tag-ultimas-noticias","33":"tag-ultimasnoticias","34":"tag-vaticano","35":"tag-world","36":"tag-world-news","37":"tag-worldnews"},"share_on_mastodon":{"url":"https:\/\/pubeurope.com\/@pt\/115505745332392415","error":""},"_links":{"self":[{"href":"https:\/\/www.europesays.com\/pt\/wp-json\/wp\/v2\/posts\/142416","targetHints":{"allow":["GET"]}}],"collection":[{"href":"https:\/\/www.europesays.com\/pt\/wp-json\/wp\/v2\/posts"}],"about":[{"href":"https:\/\/www.europesays.com\/pt\/wp-json\/wp\/v2\/types\/post"}],"author":[{"embeddable":true,"href":"https:\/\/www.europesays.com\/pt\/wp-json\/wp\/v2\/users\/2"}],"replies":[{"embeddable":true,"href":"https:\/\/www.europesays.com\/pt\/wp-json\/wp\/v2\/comments?post=142416"}],"version-history":[{"count":0,"href":"https:\/\/www.europesays.com\/pt\/wp-json\/wp\/v2\/posts\/142416\/revisions"}],"wp:featuredmedia":[{"embeddable":true,"href":"https:\/\/www.europesays.com\/pt\/wp-json\/wp\/v2\/media\/142417"}],"wp:attachment":[{"href":"https:\/\/www.europesays.com\/pt\/wp-json\/wp\/v2\/media?parent=142416"}],"wp:term":[{"taxonomy":"category","embeddable":true,"href":"https:\/\/www.europesays.com\/pt\/wp-json\/wp\/v2\/categories?post=142416"},{"taxonomy":"post_tag","embeddable":true,"href":"https:\/\/www.europesays.com\/pt\/wp-json\/wp\/v2\/tags?post=142416"}],"curies":[{"name":"wp","href":"https:\/\/api.w.org\/{rel}","templated":true}]}}