{"id":142418,"date":"2025-11-07T01:14:10","date_gmt":"2025-11-07T01:14:10","guid":{"rendered":"https:\/\/www.europesays.com\/pt\/142418\/"},"modified":"2025-11-07T01:14:10","modified_gmt":"2025-11-07T01:14:10","slug":"me-chama-de-tudo-menos-de-feia-record","status":"publish","type":"post","link":"https:\/\/www.europesays.com\/pt\/142418\/","title":{"rendered":"\u2018Me chama de tudo, menos de feia!\u2019 \u2013 Record"},"content":{"rendered":"<p><img decoding=\"async\" data-chromatic=\"ignore\" alt=\"\" class=\"c-image\" loading=\"lazy\" src=\"https:\/\/www.europesays.com\/pt\/wp-content\/uploads\/2025\/11\/AUD6UAGDQJEUXD4GGRB5N433EQ.png\"  width=\"2409\" height=\"1313\"\/>Rayane e T\u00e0mires protagonizaram uma briga feia na sede Reprodu\u00e7\u00e3o\/RecordPlus <\/p>\n<p class=\"jarvics:base-text-neutral-high-400 base-text-[calc(theme(fontSize.xs)_*_var(--font-size,_1))] base-font-normal base-font-primary base-text-neutral-low-500 base-text-left\">A tens\u00e3o da Ro\u00e7a deu uma apimentada na rivalidade entre <a href=\"https:\/\/record.r7.com\/a-fazenda\/a-fazenda-17\/peoes\/rayane-figliuzzi\" target=\"_self\" title=\"Rayane Figliuzzi\" rel=\"nofollow noopener\"><b>Rayane Figliuzzi<\/b><\/a> e <a href=\"https:\/\/record.r7.com\/a-fazenda\/a-fazenda-17\/peoes\/tamires-assis\" target=\"_self\" title=\"T&#xE0;mires Ass&#xEE;s\" rel=\"nofollow noopener\"><b>T\u00e0mires Ass\u00ees<\/b><\/a> em <a href=\"https:\/\/record.r7.com\/a-fazenda\/a-fazenda-17\/\" target=\"_self\" rel=\"nofollow noopener\" title=\"https:\/\/record.r7.com\/a-fazenda\/a-fazenda-17\/\"><b>A Fazenda 17<\/b><\/a>! Na tarde desta quinta (6), elas voltaram a bater-boca devido a um esbarr\u00e3o. Confira detalhes!<\/p>\n<ul class=\"b-article-body__list-unordered\">\n<li><b>Quer ficar por dentro de tudo que est\u00e1 acontecendo em\u00a0<\/b><b>A Fazenda 17<\/b><b>?\u00a0<\/b><a href=\"https:\/\/www.whatsapp.com\/channel\/0029Va2cJIR1noz2ahzX0D1N\" target=\"_blank\" rel=\"noreferrer nofollow noopener\" title=\"https:\/\/www.whatsapp.com\/channel\/0029Va2cJIR1noz2ahzX0D1N\"><b>Clique aqui<\/b><\/a><b>\u00a0e fa\u00e7a parte do nosso canal no WhatsApp!<\/b><\/li>\n<\/ul>\n<p class=\"jarvics:base-text-neutral-high-400 base-text-[calc(theme(fontSize.xs)_*_var(--font-size,_1))] base-font-normal base-font-primary base-text-neutral-low-500 base-text-left\">Tudo come\u00e7ou quando Ray foi pegar uma colher na gaveta perto de onde T\u00e0mires cozinhava. A dan\u00e7arina soltou: \u201cVoc\u00ea me bateu aqui na minha perna!\u201d A influenciadora revirou os olhos: \u201cComo \u00e9 chata, insuport\u00e1vel. Boneca de porcelana!\u201d<\/p>\n<p class=\"jarvics:base-text-neutral-high-400 base-text-[calc(theme(fontSize.xs)_*_var(--font-size,_1))] base-font-normal base-font-primary base-text-neutral-low-500 base-text-left\">Aproveitando a deixa, T\u00e0mires disparou: \u201cDaqui a pouco voc\u00ea j\u00e1 est\u00e1 vazando, e vai se despedir. Vai tu, sua cara de atriz porn\u00f4. Sai fora, rid\u00edcula. Tem educa\u00e7\u00e3o, n\u00e3o?\u201d<\/p>\n<p class=\"jarvics:base-text-neutral-high-400 base-text-[calc(theme(fontSize.xs)_*_var(--font-size,_1))] base-font-normal base-font-primary base-text-neutral-low-500 base-text-left\">Desse momento em diante, a discuss\u00e3o virou barraco: \u201cFoi sem querer, bicho ruim\u201d, explicou Ray, mas a advers\u00e1ria n\u00e3o acreditou: \u201c171! Sempre quer bater nos outros, n\u00e9, 171?\u201d<\/p>\n<p class=\"jarvics:base-text-neutral-high-400 base-text-[calc(theme(fontSize.xs)_*_var(--font-size,_1))] base-font-normal base-font-primary base-text-neutral-low-500 base-text-left\">Ray ficou nervosa e chamou a rival de \u201cot\u00e1ria\u201d e \u201cbunda de avi\u00e3o\u201d. J\u00e1 T\u00e0mires, disse que a influenciadora vai vazar do programa. Elas se encararam bem de perto, e Ray falou: \u201cVoc\u00ea precisa falar do outro para sobreviver. Deve falar isso do outro para sobreviver. Bafo de atum!\u201d T\u00e0mires rebateu: \u201cAgressiva. Me bateu de novo hoje. Al\u00e9m de ser feia, voc\u00ea \u00e9 nojenta. Olha para voc\u00ea sem maquiagem.\u201d <\/p>\n<p class=\"jarvics:base-text-neutral-high-400 base-text-[calc(theme(fontSize.xs)_*_var(--font-size,_1))] base-font-normal base-font-primary base-text-neutral-low-500 base-text-left\">Enquanto os xingamentos estavam rolando, Ray n\u00e3o ligou, mas quando foi chamada de feia, ficou inconformada: \u201cAmor, me chama de tudo, menos de feia!\u201d<\/p>\n<p class=\"jarvics:base-text-neutral-high-400 base-text-[calc(theme(fontSize.xs)_*_var(--font-size,_1))] base-font-normal base-font-primary base-text-neutral-low-500 base-text-left\">T\u00e0mires engatou nos xingamentos: \u201cSe sente ofendida, n\u00e9? Sua rid\u00edcula! Voc\u00ea \u00e9 feia de alma, tu \u00e9 uma escura por dentro.\u201d<\/p>\n<p><b>Assista:<\/b><\/p>\n<p class=\"jarvics:base-text-neutral-high-400 base-text-[calc(theme(fontSize.xs)_*_var(--font-size,_1))] base-font-normal base-font-primary base-text-neutral-low-500 base-text-left\">Acha que acabou? Nada disso! Elas se encontraram na \u00e1rea dos animais e veio mais barraco. T\u00e0mires soltou: \u201cNa alma n\u00e3o tem cirurgia pl\u00e1stica, quem \u00e9 trevosa, \u00e9 trevosa!\u201d. E Ray alegou que a advers\u00e1ria tenta imitar Isabelle Nogueira: \u201cNunca ser\u00e1!\u201d <\/p>\n<p class=\"jarvics:base-text-neutral-high-400 base-text-[calc(theme(fontSize.xs)_*_var(--font-size,_1))] base-font-normal base-font-primary base-text-neutral-low-500 base-text-left\">Haja f\u00f4lego para tanta briga, hein?<\/p>\n<p class=\"jarvics:base-text-neutral-high-400 base-text-[calc(theme(fontSize.xs)_*_var(--font-size,_1))] base-font-normal base-font-primary base-text-neutral-low-500 base-text-left\">Fique ligado! <a href=\"https:\/\/record.r7.com\/a-fazenda\/a-fazenda-17\/\" rel=\"nofollow noopener\" title=\"https:\/\/record.r7.com\/a-fazenda\/a-fazenda-17\/\" target=\"_blank\"><b>A Fazenda 17<\/b><\/a> vai ao ar de segunda a domingo, \u00e0s 22h30, na tela da <a href=\"https:\/\/record.r7.com\/\" rel=\"nofollow noopener\" target=\"_blank\"><b>RECORD<\/b><\/a>. Assine o <a href=\"https:\/\/www.recordplus.com\/home\" rel=\"nofollow noopener\" title=\"https:\/\/www.recordplus.com\/home\" target=\"_blank\"><b>RecordPlus<\/b><\/a> e tenha acesso \u00e0s c\u00e2meras 24 horas.<\/p>\n<p><b>Wallas Arrais detona ex-amiga e rival na delega\u00e7\u00e3o de A Fazenda: \u2018Para aprender\u2019<\/b><\/p>\n<p class=\"jarvics:base-text-neutral-high-400 base-text-[calc(theme(fontSize.xxs)_*_var(--font-size,_1))] base-font-semibold base-font-primary base-text-neutral-low-500 base-text-left\">O Fazendeiro Wallas Arrais colocou sua vers\u00e3o debochada para delegar as fun\u00e7\u00f5es dos pe\u00f5es! O mandachuva aproveitou os embates para designar os rivais para as piores tarefas de A Fazenda 17. Rolou treta e careta, se liga!<\/p>\n","protected":false},"excerpt":{"rendered":"Rayane e T\u00e0mires protagonizaram uma briga feia na sede Reprodu\u00e7\u00e3o\/RecordPlus A tens\u00e3o da Ro\u00e7a deu uma apimentada na&hellip;\n","protected":false},"author":2,"featured_media":142419,"comment_status":"","ping_status":"","sticky":false,"template":"","format":"standard","meta":{"footnotes":""},"categories":[145],"tags":[657,211,210,114,115,32,33,15359,24066],"class_list":{"0":"post-142418","1":"post","2":"type-post","3":"status-publish","4":"format-standard","5":"has-post-thumbnail","7":"category-celebridades","8":"tag-a-fazenda","9":"tag-celebridades","10":"tag-celebrities","11":"tag-entertainment","12":"tag-entretenimento","13":"tag-portugal","14":"tag-pt","15":"tag-rayane-figliuzzi","16":"tag-tamires-assis"},"share_on_mastodon":{"url":"https:\/\/pubeurope.com\/@pt\/115505769139634022","error":""},"_links":{"self":[{"href":"https:\/\/www.europesays.com\/pt\/wp-json\/wp\/v2\/posts\/142418","targetHints":{"allow":["GET"]}}],"collection":[{"href":"https:\/\/www.europesays.com\/pt\/wp-json\/wp\/v2\/posts"}],"about":[{"href":"https:\/\/www.europesays.com\/pt\/wp-json\/wp\/v2\/types\/post"}],"author":[{"embeddable":true,"href":"https:\/\/www.europesays.com\/pt\/wp-json\/wp\/v2\/users\/2"}],"replies":[{"embeddable":true,"href":"https:\/\/www.europesays.com\/pt\/wp-json\/wp\/v2\/comments?post=142418"}],"version-history":[{"count":0,"href":"https:\/\/www.europesays.com\/pt\/wp-json\/wp\/v2\/posts\/142418\/revisions"}],"wp:featuredmedia":[{"embeddable":true,"href":"https:\/\/www.europesays.com\/pt\/wp-json\/wp\/v2\/media\/142419"}],"wp:attachment":[{"href":"https:\/\/www.europesays.com\/pt\/wp-json\/wp\/v2\/media?parent=142418"}],"wp:term":[{"taxonomy":"category","embeddable":true,"href":"https:\/\/www.europesays.com\/pt\/wp-json\/wp\/v2\/categories?post=142418"},{"taxonomy":"post_tag","embeddable":true,"href":"https:\/\/www.europesays.com\/pt\/wp-json\/wp\/v2\/tags?post=142418"}],"curies":[{"name":"wp","href":"https:\/\/api.w.org\/{rel}","templated":true}]}}