{"id":142428,"date":"2025-11-07T01:21:15","date_gmt":"2025-11-07T01:21:15","guid":{"rendered":"https:\/\/www.europesays.com\/pt\/142428\/"},"modified":"2025-11-07T01:21:15","modified_gmt":"2025-11-07T01:21:15","slug":"ministerio-da-saude-disponibiliza-novos-tratamentos-para-cancer-de-mama-e-de-reto","status":"publish","type":"post","link":"https:\/\/www.europesays.com\/pt\/142428\/","title":{"rendered":"Minist\u00e9rio da Sa\u00fade disponibiliza novos tratamentos para c\u00e2ncer de mama e de reto"},"content":{"rendered":"<p>O Minist\u00e9rio da Sa\u00fade vai incorporar dois novos tratamentos contra o c\u00e2ncer. Ambos v\u00e3o aumentar a qualidade e expectativa de vida de pacientes com c\u00e2ncer de mama e de reto.<\/p>\n<p><strong>As duas portarias -assinadas pelo Minist\u00e9rio da Sa\u00fade e pela Sboc (Sociedade Brasileira de Oncologia Cl\u00ednica) no in\u00edcio do 26\u00b0 Congresso Brasileiro de Oncologia Cl\u00ednica, que acontece no Rio de Janeiro de 6 a 8 de novembro- ser\u00e3o publicadas nesta sexta-feira (7), no Di\u00e1rio Oficial da Uni\u00e3o.<\/strong><\/p>\n<p>A hormonioterapia com abemaciclibe, que j\u00e1 era disponibilizada no SUS (Sistema \u00danico de Sa\u00fade) para o tratamento do c\u00e2ncer de mama avan\u00e7ado ou metast\u00e1tico, ap\u00f3s recomenda\u00e7\u00e3o da Conitec (Comiss\u00e3o Nacional de Incorpora\u00e7\u00e3o de Tecnologias), ser\u00e1 indicada a pessoas com a doen\u00e7a em est\u00e1gio inicial e alto risco de met\u00e1stase.<\/p>\n<p><strong style=\"border-color: #e5e7eb; font-weight: bolder; color: #1f2937; font-style: normal; text-align: start; background-color: #f9fafb; text-decoration-color: initial;\">LEIA TAMB\u00c9M:\u00a0<a style=\"border-color: #e5e7eb; color: #3366ff; text-decoration: inherit;\" href=\"https:\/\/www.jornaldocomercio.com\/ge2\/noticias\/2025\/10\/1221858-outubro-rosa-tambem-e-compromisso-para-empresas.html\" target=\"_blank\" rel=\"noopener noreferrer nofollow\">Outubro rosa tamb\u00e9m \u00e9 compromisso para empresas<\/a><\/strong><\/p>\n<p>Segundo Mozart Julio Tabosa Sales, secret\u00e1rio de Aten\u00e7\u00e3o Especializada \u00e0 Sa\u00fade do Minist\u00e9rio da Sa\u00fade, o medicamento ser\u00e1 disponibilizado neste m\u00eas por meio de Apac (Autoriza\u00e7\u00e3o de Procedimento de Alta Complexidade) descentralizado.<\/p>\n<p>&#8220;Os prestadores Cacons [Centros de Assist\u00eancia de Alta Complexidade em Oncologia] e Unacons [Unidades de Assist\u00eancia de Alta Complexidade em Oncologia] do pa\u00eds j\u00e1 estar\u00e3o autorizados a fazer a compra desse medicamento e ser\u00e3o pagos e ressacidos ao final do tratamento no valor estabelecido na portaria. Ap\u00f3s a negocia\u00e7\u00e3o em torno do Minist\u00e9rio da Sa\u00fade, do Departamento de C\u00e2ncer e da Secretaria-Executiva, chegou-se a um pre\u00e7o bastante razo\u00e1vel com a redu\u00e7\u00e3o importante que permite gerar a oferta em todo o Brasil.&#8221; O valor n\u00e3o foi informado \u00e0 reportagem.<\/p>\n<p>&#8220;Faremos a compra descentralizada durante seis meses. Quando tivermos a perspectiva do n\u00famero de doses necess\u00e1rias vamos fazer a compra centralizada de distribui\u00e7\u00e3o do medicamento&#8221;, explica.<\/p>\n<p>LEIA TAMB\u00c9M:\u00a0<a style=\"border-color: #e5e7eb; color: #3366ff; text-decoration: inherit;\" href=\"https:\/\/www.jornaldocomercio.com\/geral\/2025\/11\/1224418-novembro-azul-corte-essa-vergonha.html\" target=\"_blank\" rel=\"noopener noreferrer nofollow\">Novembro Azul: Corte essa vergonha<\/a><\/p>\n<p>O abemaciclibe controla o avan\u00e7o da doen\u00e7a e proporciona estabilidade dentro do per\u00edodo de sobreviv\u00eancia. Ele diminui a mortalidade por c\u00e2ncer de mama em cinco anos.<\/p>\n<p>O Minist\u00e9rio da Sa\u00fade ter\u00e1 180 dias para efetivar a oferta do medicamento no SUS, contados a partir da data de publica\u00e7\u00e3o da Portaria.<\/p>\n<p>&#8220;Os inibidores de ciclina em c\u00e2ncer de mama dobram a sobrevida livre de progress\u00e3o. \u00c9 uma tecnologia incorporada globalmente que tem significativo impacto no tempo e qualidade de vida dos pacientes, adia in\u00edcio de quimioterapia e era uma defasagem relevante do SUS em rela\u00e7\u00e3o ao privado&#8221;, afirma Ang\u00e9lica Nogueira, presidente da Sboc.<\/p>\n<p>A radioabla\u00e7\u00e3o estar\u00e1 dispon\u00edvel a partir de dezembro. A decis\u00e3o de incorpora\u00e7\u00e3o do procedimento -que utiliza energia de radiofrequ\u00eancia para aquecer e destruir c\u00e9lulas de tumores- foi tomada em mar\u00e7o de 2024, ap\u00f3s parecer favor\u00e1vel da Conitec, mas houve demora na implementa\u00e7\u00e3o por quest\u00f5es que envolvem financiamento.<\/p>\n<p>O tratamento \u00e9 indicado a pacientes com met\u00e1stases hep\u00e1ticas n\u00e3o oper\u00e1veis ou com alto risco cir\u00fargico, cujos tumores tenham tamanho de at\u00e9 quatro cent\u00edmetros.<\/p>\n<p>Para Jos\u00e9 Barreto Campello Carvalheira, diretor do Decan (Departamento de Aten\u00e7\u00e3o ao C\u00e2ncer) na Secretaria de Aten\u00e7\u00e3o Especializada \u00e0 Sa\u00fade do Minist\u00e9rio da Sa\u00fade, \u00e9 um avan\u00e7o no tratamento do c\u00e2ncer colorretal.<\/p>\n<p>&#8220;Voc\u00ea passa a ter possibilidade de cura quando n\u00e3o cabe cirurgia. A radioabla\u00e7\u00e3o \u00e9 um dos primeiros procedimentos da radiologia intervencionista que entra dentro do tratamento oncol\u00f3gico&#8221;, diz Jos\u00e9 Barreto.<\/p>\n<p>&#8220;O an\u00fancio dessas incorpora\u00e7\u00f5es na abertura do Congresso da Sociedade Brasileira de Oncologia Cl\u00ednica, em que o tema \u00e9 de inova\u00e7\u00e3o a servi\u00e7o do acesso, s\u00e3o de um enorme significado. A nossa miss\u00e3o \u00e9 trabalhar pelo acesso aos tratamentos que podem mudar a qualidade de vida de um n\u00famero cada vez maior de pacientes. Isso \u00e9 fruto de um trabalho colaborativo e coordenado, onde o objetivo maior \u00e9 mudar o cen\u00e1rio da desigualdade no acesso aos tratamentos oncol\u00f3gicos&#8221;, diz Ang\u00e9lica.<\/p>\n<p>A rep\u00f3rter viajou a convite da Sboc (Sociedade Brasileira de Oncologia Cl\u00ednica).<\/p>\n","protected":false},"excerpt":{"rendered":"O Minist\u00e9rio da Sa\u00fade vai incorporar dois novos tratamentos contra o c\u00e2ncer. Ambos v\u00e3o aumentar a qualidade e&hellip;\n","protected":false},"author":2,"featured_media":142429,"comment_status":"","ping_status":"","sticky":false,"template":"","format":"standard","meta":{"footnotes":""},"categories":[86],"tags":[31476,12013,31474,31475,116,4570,32,33,31477,2946,117,31478,4483,16946],"class_list":{"0":"post-142428","1":"post","2":"type-post","3":"status-publish","4":"format-standard","5":"has-post-thumbnail","7":"category-saude","8":"tag-abemaciclibe","9":"tag-conitec","10":"tag-cu00e2ncer-de-mama","11":"tag-cu00e2ncer-de-reto","12":"tag-health","13":"tag-ministu00e9rio-da-sau00fade","14":"tag-portugal","15":"tag-pt","16":"tag-radioablau00e7u00e3o","17":"tag-sau00fade","18":"tag-saude","19":"tag-sboc","20":"tag-sus","21":"tag-tratamentos"},"share_on_mastodon":{"url":"https:\/\/pubeurope.com\/@pt\/115505796405677255","error":""},"_links":{"self":[{"href":"https:\/\/www.europesays.com\/pt\/wp-json\/wp\/v2\/posts\/142428","targetHints":{"allow":["GET"]}}],"collection":[{"href":"https:\/\/www.europesays.com\/pt\/wp-json\/wp\/v2\/posts"}],"about":[{"href":"https:\/\/www.europesays.com\/pt\/wp-json\/wp\/v2\/types\/post"}],"author":[{"embeddable":true,"href":"https:\/\/www.europesays.com\/pt\/wp-json\/wp\/v2\/users\/2"}],"replies":[{"embeddable":true,"href":"https:\/\/www.europesays.com\/pt\/wp-json\/wp\/v2\/comments?post=142428"}],"version-history":[{"count":0,"href":"https:\/\/www.europesays.com\/pt\/wp-json\/wp\/v2\/posts\/142428\/revisions"}],"wp:featuredmedia":[{"embeddable":true,"href":"https:\/\/www.europesays.com\/pt\/wp-json\/wp\/v2\/media\/142429"}],"wp:attachment":[{"href":"https:\/\/www.europesays.com\/pt\/wp-json\/wp\/v2\/media?parent=142428"}],"wp:term":[{"taxonomy":"category","embeddable":true,"href":"https:\/\/www.europesays.com\/pt\/wp-json\/wp\/v2\/categories?post=142428"},{"taxonomy":"post_tag","embeddable":true,"href":"https:\/\/www.europesays.com\/pt\/wp-json\/wp\/v2\/tags?post=142428"}],"curies":[{"name":"wp","href":"https:\/\/api.w.org\/{rel}","templated":true}]}}