{"id":142436,"date":"2025-11-07T01:32:07","date_gmt":"2025-11-07T01:32:07","guid":{"rendered":"https:\/\/www.europesays.com\/pt\/142436\/"},"modified":"2025-11-07T01:32:07","modified_gmt":"2025-11-07T01:32:07","slug":"terra-forte-rosa-maria-faz-revelacao-bombastica-nao-e-verdade-novelas","status":"publish","type":"post","link":"https:\/\/www.europesays.com\/pt\/142436\/","title":{"rendered":"Terra Forte- Rosa Maria faz revela\u00e7\u00e3o bomb\u00e1stica: \u00abN\u00e3o \u00e9 verdade\u00bb &#8211; Novelas"},"content":{"rendered":"<p>Em \u00abTerra Forte\u00bb, Flor (Benedita Pereira) fica surpresa pela m\u00e3e lhe contar que ela ligou do cruzeiro dois dias antes de desaparecer a dizer-lhe que tinha desistido da ideia de fugir para Manuel (Ant\u00f3nio Capelo) n\u00e3o fazer mal a Sammy (Jos\u00e9 Fidalgo), indo regressar a casa, sendo por isso que tem a certeza de que alguma coisa m\u00e1 lhe aconteceu para ela ter ca\u00eddo para o mar no navio. Rosinha (Francisca Salgado) e Dudu (Tom\u00e1s Taborda) ouvem tudo escondidos. \u00a0<\/p>\n","protected":false},"excerpt":{"rendered":"Em \u00abTerra Forte\u00bb, Flor (Benedita Pereira) fica surpresa pela m\u00e3e lhe contar que ela ligou do cruzeiro dois&hellip;\n","protected":false},"author":2,"featured_media":142437,"comment_status":"","ping_status":"","sticky":false,"template":"","format":"standard","meta":{"footnotes":""},"categories":[142],"tags":[160,166,114,115,157,167,164,2931,161,158,165,159,32,33,156,18614,163,151,162],"class_list":{"0":"post-142436","1":"post","2":"type-post","3":"status-publish","4":"format-standard","5":"has-post-thumbnail","7":"category-tv","8":"tag-ana-guiomar","9":"tag-cristina-ferreira","10":"tag-entertainment","11":"tag-entretenimento","12":"tag-festa-e-festa","13":"tag-ficcao","14":"tag-jose-fidalgo","15":"tag-novela","16":"tag-novelas","17":"tag-para-sempre","18":"tag-pedro-sousa","19":"tag-pedro-teixeira","20":"tag-portugal","21":"tag-pt","22":"tag-queridos-papas","23":"tag-terra-forte","24":"tag-tiago-teotonio-pereira","25":"tag-tv","26":"tag-tvi"},"share_on_mastodon":{"url":"https:\/\/pubeurope.com\/@pt\/115505839640784533","error":""},"_links":{"self":[{"href":"https:\/\/www.europesays.com\/pt\/wp-json\/wp\/v2\/posts\/142436","targetHints":{"allow":["GET"]}}],"collection":[{"href":"https:\/\/www.europesays.com\/pt\/wp-json\/wp\/v2\/posts"}],"about":[{"href":"https:\/\/www.europesays.com\/pt\/wp-json\/wp\/v2\/types\/post"}],"author":[{"embeddable":true,"href":"https:\/\/www.europesays.com\/pt\/wp-json\/wp\/v2\/users\/2"}],"replies":[{"embeddable":true,"href":"https:\/\/www.europesays.com\/pt\/wp-json\/wp\/v2\/comments?post=142436"}],"version-history":[{"count":0,"href":"https:\/\/www.europesays.com\/pt\/wp-json\/wp\/v2\/posts\/142436\/revisions"}],"wp:featuredmedia":[{"embeddable":true,"href":"https:\/\/www.europesays.com\/pt\/wp-json\/wp\/v2\/media\/142437"}],"wp:attachment":[{"href":"https:\/\/www.europesays.com\/pt\/wp-json\/wp\/v2\/media?parent=142436"}],"wp:term":[{"taxonomy":"category","embeddable":true,"href":"https:\/\/www.europesays.com\/pt\/wp-json\/wp\/v2\/categories?post=142436"},{"taxonomy":"post_tag","embeddable":true,"href":"https:\/\/www.europesays.com\/pt\/wp-json\/wp\/v2\/tags?post=142436"}],"curies":[{"name":"wp","href":"https:\/\/api.w.org\/{rel}","templated":true}]}}