{"id":142438,"date":"2025-11-07T01:34:11","date_gmt":"2025-11-07T01:34:11","guid":{"rendered":"https:\/\/www.europesays.com\/pt\/142438\/"},"modified":"2025-11-07T01:34:11","modified_gmt":"2025-11-07T01:34:11","slug":"a-versao-descartada-de-toy-story-revelada-30-anos-depois-da-estreia","status":"publish","type":"post","link":"https:\/\/www.europesays.com\/pt\/142438\/","title":{"rendered":"A vers\u00e3o descartada de &#8216;Toy Story&#8217; revelada 30 anos depois da estreia"},"content":{"rendered":"<p>Em 18 de junho de 2026, o quinto filme da franquia de \u2018<a href=\"https:\/\/recreio.com.br\/tags\/toy-story\" target=\"_blank\" rel=\"noopener nofollow\">Toy Story<\/a>\u2018 chegar\u00e1 \u00e0s telonas! A nova produ\u00e7\u00e3o, comandada por <strong>Andrew Stanton<\/strong> no roteiro e dire\u00e7\u00e3o e produzida por <strong>Jessica Choi<\/strong>, deve retomar a hist\u00f3ria dos brinquedos agora sob os cuidados de Bonnie, prometendo inserir a tecnologia como um novo \u201cinimigo\u201d dos protagonistas.<\/p>\n<p>Dirigido por <strong>John Lasseter<\/strong> e lan\u00e7ado originalmente em 1995, o longa original revolucionou a produ\u00e7\u00e3o das anima\u00e7\u00f5es ao se tornar o primeiro filme totalmente criado por computa\u00e7\u00e3o gr\u00e1fica. A produ\u00e7\u00e3o tamb\u00e9m deu in\u00edcio a uma das franquias mais premiadas e lucrativas da Pixar, consolidando os personagens dublados por<strong> Tom Hanks<\/strong> e <strong>Tim Allen<\/strong> como \u00edcones do universo animado.<\/p>\n<p> Interpretando <a href=\"https:\/\/recreio.com.br\/noticias\/entretenimento\/woody-diferente-e-novos-personagens-novas-imagens-de-toy-story-5-repercutem-nas-redes-sociais.phtml\" target=\"_blank\" rel=\"noopener nofollow\">Woody<\/a> e Buzz h\u00e1 mais de tr\u00eas d\u00e9cadas, os atores relembraram em entrevista recente que o sucesso da saga poderia ter seguido um rumo completamente diferente, caso uma vers\u00e3o inicial da hist\u00f3ria n\u00e3o tivesse sido descartada.<\/p>\n<p> Vers\u00e3o descartada <\/p>\n<p>Durante participa\u00e7\u00e3o no programa de <a href=\"https:\/\/en.wikipedia.org\/wiki\/Stephen_Colbert\" target=\"_blank\" rel=\"noopener nofollow\"><strong>Stephen Colbert<\/strong><\/a>, o int\u00e9rprete do cowboy revelou que uma primeira vers\u00e3o completa de \u2018Toy Story\u2019 chegou a ser finalizada, mas acabou rejeitada pela Walt Disney Animation. O corte, com cerca de 80 minutos, foi gravado antes da vers\u00e3o definitiva que chegou aos cinemas. <\/p>\n<blockquote>\n<p>\u201cNa verdade, s\u00e3o mais de 30 anos, porque Tim Allen, eu e todos os envolvidos gravamos um filme de cerca de 80 minutos que foram completamente descartados\u201d, contou o ator.<\/p>\n<\/blockquote>\n<p>Segundo <a href=\"https:\/\/www.instagram.com\/tomhanks\/?hl=en\" target=\"_blank\" rel=\"noopener nofollow\"><strong>Hanks<\/strong><\/a>, essa vers\u00e3o original refletia o desejo dos executivos da Disney de transformar o longa em uma com\u00e9dia com improvisos e provoca\u00e7\u00f5es entre os protagonistas. <\/p>\n<blockquote>\n<p>\u201cAs pessoas que dirigiam o est\u00fadio \u2014 n\u00e3o a Pixar, o pessoal de l\u00e1 \u00e9 \u00f3timo \u2014 diziam: \u2018\u00c9 uma anima\u00e7\u00e3o, vamos fazer com que eles sejam espirituosos, improvisem, se insultem e inventem coisas bobas\u2019. E fizemos isso por um tempo. Sinceramente, n\u00e3o funcionou. N\u00e3o era nada Toy Story. N\u00e3o era o que a Pixar queria\u201d, explicou.<\/p>\n<\/blockquote>\n<p>Com o fracasso dessa abordagem, a <a href=\"https:\/\/www.pixar.com\/\" target=\"_blank\" rel=\"noopener nofollow\">Pixar<\/a> decidiu reiniciar todo o processo de produ\u00e7\u00e3o, o que levou cerca de dois anos e meio at\u00e9 o resultado final, valendo a pena o esfor\u00e7o ao que \u2018Toy Story\u2019 arrecadou mais de US$ 373 milh\u00f5es mundialmente e deu in\u00edcio a uma das franquias mais prestigiadas e duradouras da hist\u00f3ria do cinema.<\/p>\n<p>\t                                            <script async src=\"\/\/www.instagram.com\/embed.js\"><\/script><\/p>\n","protected":false},"excerpt":{"rendered":"Em 18 de junho de 2026, o quinto filme da franquia de \u2018Toy Story\u2018 chegar\u00e1 \u00e0s telonas! A&hellip;\n","protected":false},"author":2,"featured_media":142439,"comment_status":"","ping_status":"","sticky":false,"template":"","format":"standard","meta":{"footnotes":""},"categories":[140],"tags":[1415,10195,1579,114,115,147,148,146,11381,32,33,15142],"class_list":{"0":"post-142438","1":"post","2":"type-post","3":"status-publish","4":"format-standard","5":"has-post-thumbnail","7":"category-filmes","8":"tag-animacao","9":"tag-animacoes","10":"tag-disney","11":"tag-entertainment","12":"tag-entretenimento","13":"tag-film","14":"tag-filmes","15":"tag-movies","16":"tag-pixar","17":"tag-portugal","18":"tag-pt","19":"tag-toy-story"},"share_on_mastodon":{"url":"https:\/\/pubeurope.com\/@pt\/115505847532909702","error":""},"_links":{"self":[{"href":"https:\/\/www.europesays.com\/pt\/wp-json\/wp\/v2\/posts\/142438","targetHints":{"allow":["GET"]}}],"collection":[{"href":"https:\/\/www.europesays.com\/pt\/wp-json\/wp\/v2\/posts"}],"about":[{"href":"https:\/\/www.europesays.com\/pt\/wp-json\/wp\/v2\/types\/post"}],"author":[{"embeddable":true,"href":"https:\/\/www.europesays.com\/pt\/wp-json\/wp\/v2\/users\/2"}],"replies":[{"embeddable":true,"href":"https:\/\/www.europesays.com\/pt\/wp-json\/wp\/v2\/comments?post=142438"}],"version-history":[{"count":0,"href":"https:\/\/www.europesays.com\/pt\/wp-json\/wp\/v2\/posts\/142438\/revisions"}],"wp:featuredmedia":[{"embeddable":true,"href":"https:\/\/www.europesays.com\/pt\/wp-json\/wp\/v2\/media\/142439"}],"wp:attachment":[{"href":"https:\/\/www.europesays.com\/pt\/wp-json\/wp\/v2\/media?parent=142438"}],"wp:term":[{"taxonomy":"category","embeddable":true,"href":"https:\/\/www.europesays.com\/pt\/wp-json\/wp\/v2\/categories?post=142438"},{"taxonomy":"post_tag","embeddable":true,"href":"https:\/\/www.europesays.com\/pt\/wp-json\/wp\/v2\/tags?post=142438"}],"curies":[{"name":"wp","href":"https:\/\/api.w.org\/{rel}","templated":true}]}}