{"id":142440,"date":"2025-11-07T01:35:26","date_gmt":"2025-11-07T01:35:26","guid":{"rendered":"https:\/\/www.europesays.com\/pt\/142440\/"},"modified":"2025-11-07T01:35:26","modified_gmt":"2025-11-07T01:35:26","slug":"grimaldo-benfica-fez-um-grande-jogo-e-vai-ganhar-o-campeonato","status":"publish","type":"post","link":"https:\/\/www.europesays.com\/pt\/142440\/","title":{"rendered":"Grimaldo: \u00abBenfica fez um grande jogo e vai ganhar o campeonato\u00bb"},"content":{"rendered":"<p style=\"margin-bottom:11px\"><strong>Grimaldo, capit\u00e3o do Bayer Leverkusen e ex-Benfica, falou \u00e0 flash da Sport tv ap\u00f3s o triunfo na Luz, na quarta jornada da fase liga da Champions (1-0).<\/strong><\/p>\n<p>\u00abEstou contente pela vit\u00f3ria, foi um jogo muito dif\u00edcil para n\u00f3s. Na primeira parte n\u00e3o conseguimos pressionar. Mas tivemos as nossas oportunidades e, na segunda parte, fizemos o golo da vit\u00f3ria e soubemos sofrer.\u00bb<\/p>\n<p>\u00abO Benfica joga bem, hoje fizeram um grande jogo. Acredito que v\u00e3o ganhar o campeonato. Estou sempre a torcer pelo Benfica, tento acompanhar todos os jogos.\u00bb<\/p>\n<p>\u00abRegresso? Vamos ver. No futebol tudo pode acontecer. Tenho uma rela\u00e7\u00e3o muito boa com o presidente Rui Costa.\u00bb<\/p>\n","protected":false},"excerpt":{"rendered":"Grimaldo, capit\u00e3o do Bayer Leverkusen e ex-Benfica, falou \u00e0 flash da Sport tv ap\u00f3s o triunfo na Luz,&hellip;\n","protected":false},"author":2,"featured_media":142441,"comment_status":"","ping_status":"","sticky":false,"template":"","format":"standard","meta":{"footnotes":""},"categories":[87],"tags":[4136,51,5043,135,14805,7706,1003,46,41,32,33,47,134],"class_list":{"0":"post-142440","1":"post","2":"type-post","3":"status-publish","4":"format-standard","5":"has-post-thumbnail","7":"category-desporto","8":"tag-bayer-leverkusen","9":"tag-benfica","10":"tag-champions","11":"tag-desporto","12":"tag-grimaldo","13":"tag-liga-campeoes","14":"tag-liga-dos-campeoes","15":"tag-maisfutebol","16":"tag-mercado-de-transferencias","17":"tag-portugal","18":"tag-pt","19":"tag-pura-paixao","20":"tag-sports"},"share_on_mastodon":{"url":"https:\/\/pubeurope.com\/@pt\/115505851511305665","error":""},"_links":{"self":[{"href":"https:\/\/www.europesays.com\/pt\/wp-json\/wp\/v2\/posts\/142440","targetHints":{"allow":["GET"]}}],"collection":[{"href":"https:\/\/www.europesays.com\/pt\/wp-json\/wp\/v2\/posts"}],"about":[{"href":"https:\/\/www.europesays.com\/pt\/wp-json\/wp\/v2\/types\/post"}],"author":[{"embeddable":true,"href":"https:\/\/www.europesays.com\/pt\/wp-json\/wp\/v2\/users\/2"}],"replies":[{"embeddable":true,"href":"https:\/\/www.europesays.com\/pt\/wp-json\/wp\/v2\/comments?post=142440"}],"version-history":[{"count":0,"href":"https:\/\/www.europesays.com\/pt\/wp-json\/wp\/v2\/posts\/142440\/revisions"}],"wp:featuredmedia":[{"embeddable":true,"href":"https:\/\/www.europesays.com\/pt\/wp-json\/wp\/v2\/media\/142441"}],"wp:attachment":[{"href":"https:\/\/www.europesays.com\/pt\/wp-json\/wp\/v2\/media?parent=142440"}],"wp:term":[{"taxonomy":"category","embeddable":true,"href":"https:\/\/www.europesays.com\/pt\/wp-json\/wp\/v2\/categories?post=142440"},{"taxonomy":"post_tag","embeddable":true,"href":"https:\/\/www.europesays.com\/pt\/wp-json\/wp\/v2\/tags?post=142440"}],"curies":[{"name":"wp","href":"https:\/\/api.w.org\/{rel}","templated":true}]}}