{"id":142451,"date":"2025-11-07T01:47:10","date_gmt":"2025-11-07T01:47:10","guid":{"rendered":"https:\/\/www.europesays.com\/pt\/142451\/"},"modified":"2025-11-07T01:47:10","modified_gmt":"2025-11-07T01:47:10","slug":"sexta-na-tv-frankenstein-fujimoto-e-outros-fenomenos-televisao","status":"publish","type":"post","link":"https:\/\/www.europesays.com\/pt\/142451\/","title":{"rendered":"Sexta na TV: Frankenstein, Fujimoto e outros fen\u00f3menos | Televis\u00e3o"},"content":{"rendered":"<p>CINEMA<\/p>\n<p dir=\"ltr\"><strong><a href=\"https:\/\/cinecartaz.publico.pt\/filme\/arma-mortifera-156734\" rel=\"nofollow noopener\" target=\"_blank\">Arma Mort\u00edfera<\/a><\/strong><br \/><strong>Cinemundo, 20h40<\/strong><\/p>\n<p dir=\"ltr\">As sextas-feiras de Novembro passam a contar com os quatros filmes da saga policial realizada por Richard Donner que, nos anos 1980 e 1990, fez sucesso pela din\u00e2mica, pela ac\u00e7\u00e3o e pelo sentido c\u00f3mico da dupla formada pelo agente de narc\u00f3ticos Martin Riggs (Mel Gibson), de comportamento inconstante e tend\u00eancias suicidas, e Roger Murtaugh (Danny Glover), o veterano detective de homic\u00eddios destacado para trabalhar com ele. O ciclo arranca esta noite com o filme original, de 1987, que nos leva ao momento em que o duo se formou (com relut\u00e2ncia).<\/p>\n<p dir=\"ltr\"><strong><a href=\"https:\/\/cinecartaz.publico.pt\/Filme\/189380_o-assassinio-de-jesse-james-pelo-cobarde-robert-ford\" rel=\"nofollow noopener\" target=\"_blank\">O Assass\u00ednio de Jesse James pelo Cobarde Robert Ford<\/a><\/strong><br \/><strong>AXN Movies, 21h10<\/strong><\/p>\n<p dir=\"ltr\">Quem ter\u00e1 sido realmente Jesse James (Brad Pitt, numa interpreta\u00e7\u00e3o nomeada para o \u00d3scar), um dos mais famosos bandidos americanos? E quem foi Robert Ford (Casey Affleck), o jovem que, com apenas 19 anos, o alvejou pelas costas, abatendo a lenda que dez estados n\u00e3o tinham sido capazes de capturar? Andrew Dominik realiza e escreve este filme sobre a sua hist\u00f3ria, tendo como base o livro de Ron Hansen.<\/p>\n<p dir=\"ltr\"><strong>Frankenstein<\/strong><br \/><strong>Netflix, streaming<\/strong><\/p>\n<p dir=\"ltr\">Depois de, em 2022, ter feito um <a href=\"https:\/\/cinecartaz.publico.pt\/filme\/pinocchio-409035\" target=\"_blank\" rel=\"nofollow noopener\">Pin\u00f3quio <\/a>em anima\u00e7\u00e3o, o mexicano Guillermo Del Toro atira-se a uma adapta\u00e7\u00e3o de Mary Shelley: a hist\u00f3ria do jovem m\u00e9dico cujas experi\u00eancias culminam num monstro feito a partir de fragmentos de cad\u00e1veres. Oscar Isaac d\u00e1 vida ao criador; Jacob Elordi, \u00e0 criatura. Mia Goth, Christoph Waltz, Charles Dance e Ralph Ineson s\u00e3o outros nomes no elenco. O filme estreou-se no Festival de Cinema de Veneza, onde competiu pelo Le\u00e3o de Ouro e de onde trouxe o Fanheart3 Award &#8211; Graffetta d\u2019Oro.<\/p>\n<p>S\u00c9RIES<\/p>\n<p dir=\"ltr\"><strong>Tatsuki Fujimoto 17-26<\/strong><br \/><strong>Prime Video, streaming <\/strong><\/p>\n<p dir=\"ltr\">Hist\u00f3rias independentes do criador de manga Tatsuki Fujimoto ganham vida nesta antologia de curtas anime sa\u00edda de seis est\u00fadios, pelas m\u00e3os de sete realizadores que d\u00e3o o seu cunho. Os n\u00fameros do t\u00edtulo s\u00e3o indicativos do intervalo das idades que o artista japon\u00eas tinha quando as produziu \u2013 ou seja, correspondem a trabalhos iniciais do autor de Chainsaw Man.<\/p>\n<p><strong>Cora\u00e7\u00f5es Negros<\/strong><br \/><strong>RTP2, 22h01<\/strong><\/p>\n<p dir=\"ltr\">A s\u00e9rie militar volta a ocupar os ser\u00f5es da RTP2 (seis epis\u00f3dios, de segunda a sexta), agora com a segunda temporada. A ac\u00e7\u00e3o incide sobre o combate das for\u00e7as especiais francesas ao autoproclamado Estado Isl\u00e2mico e, nos epis\u00f3dios que a\u00ed v\u00eam, \u201caprofunda o lado humano e psicol\u00f3gico dos soldados de elite do Grupo 45, confrontados com dilemas morais, lealdades postas \u00e0 prova e as consequ\u00eancias devastadoras do conflito moderno\u201d, explica a RTP.<\/p>\n<p dir=\"ltr\"><strong>Maxton Hall &#8211; Um Mundo Entre N\u00f3s<\/strong><br \/><strong>Prime Video, streaming<\/strong><\/p>\n<p dir=\"ltr\">Entra na segunda temporada \u2013 j\u00e1 com a terceira a caminho \u2013 a s\u00e9rie alem\u00e3 que verte para a televis\u00e3o o romance Save Me, de Mona Kasten, uma trama de paix\u00e3o e interesses passada numa escola de elite, onde uma bolseira (Harriet Herbig-Matten) descobre um segredo, o herdeiro milion\u00e1rio tenta silenci\u00e1-la e o resultado \u00e9 uma fa\u00edsca arrebatadora.<\/p>\n<p>DOCUMENT\u00c1RIOS<\/p>\n<p><strong>Do Prato ao Oceano<\/strong><br \/><strong>RTP2, 20h37<\/strong><\/p>\n<p dir=\"ltr\">Cientistas, activistas, empres\u00e1rios e pol\u00edticos mobilizam-se para a conserva\u00e7\u00e3o dos oceanos e explicam como um bom contributo pode estar nas escolhas que fazemos diariamente na nossa alimenta\u00e7\u00e3o.<\/p>\n<p dir=\"ltr\"><strong>Estreitos, Entre a Terra e o Mar<\/strong><br \/><strong>Odisseia, 22h30<\/strong><\/p>\n<p dir=\"ltr\">Pas-de-Calais, Magalh\u00e3es, Gibraltar e Malaca s\u00e3o os estreitos visitados por uma nova s\u00e9rie documental que se foca na biodiversidade destes locais de caracter\u00edsticas espec\u00edficas. Os quatro epis\u00f3dios saem semanalmente, a partir de desta sexta-feira (e, no s\u00e1bado, tamb\u00e9m em streaming, no AMC Selekt).<\/p>\n<p><strong>The Vallecas File<\/strong><br \/><strong>HBO Max, streaming<\/strong><\/p>\n<p dir=\"ltr\">Estreia. O \u201cpoltergeist mais famoso e medi\u00e1tico de Espanha\u201d \u2013 assim o apresenta a plataforma \u2013 \u00e9 alvo de tr\u00eas epis\u00f3dios que exploram esse caso t\u00e3o tr\u00e1gico quanto fascinante que, mais de 30 anos passados, permanece inexplic\u00e1vel e sem resolu\u00e7\u00e3o por parte das autoridades madrilenas. A fam\u00edlia que o atravessou ajuda a contar essa \u201chist\u00f3ria ver\u00eddica onde o paranormal e o psicol\u00f3gico se entrela\u00e7am\u201d, ligada \u00e0 morte da jovem Estefan\u00eda Guti\u00e9rrez L\u00e1zaro, em 1991, depois de ter realizado sess\u00f5es de espiritualismo com um tabuleiro ouija.<\/p>\n<p>        &#13;<\/p>\n<p>&#13;<br \/>\n                &#13;\n            <\/p>\n<p>&#13;<\/p>\n","protected":false},"excerpt":{"rendered":"CINEMA Arma Mort\u00edferaCinemundo, 20h40 As sextas-feiras de Novembro passam a contar com os quatros filmes da saga policial&hellip;\n","protected":false},"author":2,"featured_media":142452,"comment_status":"","ping_status":"","sticky":false,"template":"","format":"standard","meta":{"footnotes":""},"categories":[142],"tags":[470,4768,1413,1414,114,115,294,32,33,291,941,940,218,151],"class_list":{"0":"post-142451","1":"post","2":"type-post","3":"status-publish","4":"format-standard","5":"has-post-thumbnail","7":"category-tv","8":"tag-cinema","9":"tag-cinema-de-animacao","10":"tag-cultura-ipsilon","11":"tag-documentario","12":"tag-entertainment","13":"tag-entretenimento","14":"tag-lazer","15":"tag-portugal","16":"tag-pt","17":"tag-relaxar","18":"tag-series","19":"tag-streaming","20":"tag-televisao","21":"tag-tv"},"share_on_mastodon":{"url":"https:\/\/pubeurope.com\/@pt\/115505898663749418","error":""},"_links":{"self":[{"href":"https:\/\/www.europesays.com\/pt\/wp-json\/wp\/v2\/posts\/142451","targetHints":{"allow":["GET"]}}],"collection":[{"href":"https:\/\/www.europesays.com\/pt\/wp-json\/wp\/v2\/posts"}],"about":[{"href":"https:\/\/www.europesays.com\/pt\/wp-json\/wp\/v2\/types\/post"}],"author":[{"embeddable":true,"href":"https:\/\/www.europesays.com\/pt\/wp-json\/wp\/v2\/users\/2"}],"replies":[{"embeddable":true,"href":"https:\/\/www.europesays.com\/pt\/wp-json\/wp\/v2\/comments?post=142451"}],"version-history":[{"count":0,"href":"https:\/\/www.europesays.com\/pt\/wp-json\/wp\/v2\/posts\/142451\/revisions"}],"wp:featuredmedia":[{"embeddable":true,"href":"https:\/\/www.europesays.com\/pt\/wp-json\/wp\/v2\/media\/142452"}],"wp:attachment":[{"href":"https:\/\/www.europesays.com\/pt\/wp-json\/wp\/v2\/media?parent=142451"}],"wp:term":[{"taxonomy":"category","embeddable":true,"href":"https:\/\/www.europesays.com\/pt\/wp-json\/wp\/v2\/categories?post=142451"},{"taxonomy":"post_tag","embeddable":true,"href":"https:\/\/www.europesays.com\/pt\/wp-json\/wp\/v2\/tags?post=142451"}],"curies":[{"name":"wp","href":"https:\/\/api.w.org\/{rel}","templated":true}]}}