{"id":142455,"date":"2025-11-07T01:50:08","date_gmt":"2025-11-07T01:50:08","guid":{"rendered":"https:\/\/www.europesays.com\/pt\/142455\/"},"modified":"2025-11-07T01:50:08","modified_gmt":"2025-11-07T01:50:08","slug":"eis-o-ranking-uefa-depois-dos-desaires-do-fc-porto-e-do-braga-na-europa-league","status":"publish","type":"post","link":"https:\/\/www.europesays.com\/pt\/142455\/","title":{"rendered":"Eis o Ranking UEFA depois dos desaires do FC Porto e do Braga na Europa League"},"content":{"rendered":"<p>&#8211; Advertisement &#8211;<\/p>\n<p>O dia n\u00e3o foi positivo para o Ranking UEFA de Portugal. O <a href=\"https:\/\/bolanarede.pt\/nacional\/porto\/surpresa-fc-porto-empata-com-utrecht-que-pontua-pela-primeira-vez-nesta-europa-league\/\" target=\"_blank\" rel=\"noreferrer noopener nofollow\">empate do FC Porto<\/a> aliado \u00e0 <a href=\"https:\/\/bolanarede.pt\/especial-bola-na-rede\/atualidade\/golos-golos-e-mais-golos-braga-perde-com-o-genk-e-sofre-primeira-derrota-nesta-europa-league\/\" target=\"_blank\" rel=\"noreferrer noopener nofollow\">derrota do Braga <\/a>trouxeram apenas 0.200 pontos para as contas portuguesas, valor abaixo da B\u00e9lgica e pr\u00f3ximo ao dos Pa\u00edses Baixos. <\/p>\n<p>Os Pa\u00edses Baixos e a B\u00e9lgica n\u00e3o viveram dias 100% positivos, mas aproximaram-se do registo portugu\u00eas, num dia em que os clubes portugueses defrontaram advers\u00e1rios diretos. Os Pa\u00edses Baixos estiveram pior que Portugal e somaram apenas 0.167 pontos. J\u00e1 a B\u00e9lgica acrescentou 0.400 pontos ao seu percurso.<\/p>\n<p>Com estes resultados, eis a divis\u00e3o de pontos na luta direta.<\/p>\n<ul class=\"wp-block-list\">\n<li>6.\u00ba: Pa\u00edses Baixos, 64.033<\/li>\n<li>7.\u00ba: Portugal: 60.666<\/li>\n<li>8.\u00ba: B\u00e9lgica: 56.950<\/li>\n<\/ul>\n<p><img fetchpriority=\"high\" decoding=\"async\" width=\"819\" height=\"1024\" src=\"data:image\/svg+xml,%3Csvg%20xmlns=\" http:=\"\" alt=\"Ranking UEFA\" class=\"wp-image-452924 ewww_webp_lazy_load\" data-lazy- data-lazy- data-lazy-src=\"https:\/\/www.europesays.com\/pt\/wp-content\/uploads\/2025\/11\/Ranking-UEFA-1-819x1024.jpg\" data-lazy-src-webp=\"https:\/\/www.europesays.com\/pt\/wp-content\/uploads\/2025\/11\/Ranking-UEFA-1-819x1024.jpg.webp\" data-lazy-srcset-webp=\"https:\/\/www.europesays.com\/pt\/wp-content\/uploads\/2025\/11\/Ranking-UEFA-1-819x1024.jpg.webp 819w, https:\/\/binny-bolanarede.b-cdn.net\/wp-content\/uploads\/2025\/11\/Ranking-UEFA-1-240x300.jpg.webp 240w, https:\/\/binny-bolanarede.b-cdn.net\/wp-content\/uploads\/2025\/11\/Ranking-UEFA-1-768x960.jpg.webp 768w, https:\/\/binny-bolanarede.b-cdn.net\/wp-content\/uploads\/2025\/11\/Ranking-UEFA-1-1229x1536.jpg.webp 1229w, https:\/\/binny-bolanarede.b-cdn.net\/wp-content\/uploads\/2025\/11\/Ranking-UEFA-1-150x188.jpg.webp 150w, https:\/\/binny-bolanarede.b-cdn.net\/wp-content\/uploads\/2025\/11\/Ranking-UEFA-1-300x375.jpg.webp 300w, https:\/\/binny-bolanarede.b-cdn.net\/wp-content\/uploads\/2025\/11\/Ranking-UEFA-1-696x870.jpg.webp 696w, https:\/\/binny-bolanarede.b-cdn.net\/wp-content\/uploads\/2025\/11\/Ranking-UEFA-1-1068x1335.jpg.webp 1068w, https:\/\/binny-bolanarede.b-cdn.net\/wp-content\/uploads\/2025\/11\/Ranking-UEFA-1.jpg.webp 1536w\"\/>Fonte: Football Ranking<\/p>\n","protected":false},"excerpt":{"rendered":"&#8211; Advertisement &#8211; O dia n\u00e3o foi positivo para o Ranking UEFA de Portugal. O empate do FC&hellip;\n","protected":false},"author":2,"featured_media":142456,"comment_status":"","ping_status":"","sticky":false,"template":"","format":"standard","meta":{"footnotes":""},"categories":[87],"tags":[260,1912,135,478,9925,282,32,33,9453,134],"class_list":{"0":"post-142455","1":"post","2":"type-post","3":"status-publish","4":"format-standard","5":"has-post-thumbnail","7":"category-desporto","8":"tag-atualidade","9":"tag-braga","10":"tag-desporto","11":"tag-destaques-bnr","12":"tag-europa-league","13":"tag-fc-porto","14":"tag-portugal","15":"tag-pt","16":"tag-ranking-uefa","17":"tag-sports"},"share_on_mastodon":{"url":"https:\/\/pubeurope.com\/@pt\/115505910531156257","error":""},"_links":{"self":[{"href":"https:\/\/www.europesays.com\/pt\/wp-json\/wp\/v2\/posts\/142455","targetHints":{"allow":["GET"]}}],"collection":[{"href":"https:\/\/www.europesays.com\/pt\/wp-json\/wp\/v2\/posts"}],"about":[{"href":"https:\/\/www.europesays.com\/pt\/wp-json\/wp\/v2\/types\/post"}],"author":[{"embeddable":true,"href":"https:\/\/www.europesays.com\/pt\/wp-json\/wp\/v2\/users\/2"}],"replies":[{"embeddable":true,"href":"https:\/\/www.europesays.com\/pt\/wp-json\/wp\/v2\/comments?post=142455"}],"version-history":[{"count":0,"href":"https:\/\/www.europesays.com\/pt\/wp-json\/wp\/v2\/posts\/142455\/revisions"}],"wp:featuredmedia":[{"embeddable":true,"href":"https:\/\/www.europesays.com\/pt\/wp-json\/wp\/v2\/media\/142456"}],"wp:attachment":[{"href":"https:\/\/www.europesays.com\/pt\/wp-json\/wp\/v2\/media?parent=142455"}],"wp:term":[{"taxonomy":"category","embeddable":true,"href":"https:\/\/www.europesays.com\/pt\/wp-json\/wp\/v2\/categories?post=142455"},{"taxonomy":"post_tag","embeddable":true,"href":"https:\/\/www.europesays.com\/pt\/wp-json\/wp\/v2\/tags?post=142455"}],"curies":[{"name":"wp","href":"https:\/\/api.w.org\/{rel}","templated":true}]}}