{"id":142460,"date":"2025-11-07T01:58:26","date_gmt":"2025-11-07T01:58:26","guid":{"rendered":"https:\/\/www.europesays.com\/pt\/142460\/"},"modified":"2025-11-07T01:58:26","modified_gmt":"2025-11-07T01:58:26","slug":"es-burra-polemica-na-miss-universo-com-insultos-protestos-e-policia-no-hotel-das-candidatas","status":"publish","type":"post","link":"https:\/\/www.europesays.com\/pt\/142460\/","title":{"rendered":"&#8220;\u00c9s burra&#8221;. Pol\u00e9mica na Miss Universo com insultos, protestos e pol\u00edcia no hotel das candidatas"},"content":{"rendered":"<p data-remotead-prev-elm=\"true\" data-remotead-elm-id=\"inread\">O ambiente no Miss Universo 2025, a decorrer em Banguecoque, est\u00e1 longe do glamour habitual. Durante um encontro oficial transmitido em direto no Facebook do concurso, o diretor executivo tailand\u00eas Nawat Itsaragrisil perdeu a compostura e insultou a Miss M\u00e9xico, F\u00e1tima Bosch, chamando-lhe &#8220;burra&#8221; perante dezenas de candidatas.<\/p>\n<p>A modelo tentou defender-se, dizendo que tinha &#8220;voz&#8221; e exigindo respeito, mas o respons\u00e1vel respondeu de forma agressiva e chegou a chamar a seguran\u00e7a para a retirar da sala. &#8220;N\u00e3o foi respeitoso&#8221;, afirmou Bosch mais tarde \u00e0 imprensa local, acrescentando que o executivo a tratou &#8220;como se fosse uma crian\u00e7a&#8221;.<\/p>\n<p data-remotead-prev-elm=\"true\" data-remotead-elm-id=\"centro1\">O epis\u00f3dio, presenciado por cerca de setenta e cinco participantes, levou v\u00e1rias misses a abandonar a sala em protesto, entre elas a atual Miss Universo, a dinamarquesa Victoria Kj\u00e6r Theilvig.<\/p>\n<p><img decoding=\"async\" class=\"ngx-body\" guid=\"93a136aa-638d-493e-ba47-45b02e43b90e\" src=\"https:\/\/www.europesays.com\/pt\/wp-content\/uploads\/2025\/11\/1762480706_819_image.jpg\" width=\"100%\"\/>V\u00e1rias concorrentes abandonaram a sala em protesto durante o encontro com o diretor tailand\u00eas, entre elas a atual Miss Universo, a dinamarquesa Victoria Kj\u00e6r Theilvig (Foto de Rungroj Yongrit \/ EPA<\/p>\n<p>&#8220;Isto \u00e9 sobre os direitos das mulheres&#8221;, declarou a jovem de 25 anos, acrescentando: &#8220;Destruir outra rapariga \u00e9 mais do que desrespeitoso. \u00c9 por isso que peguei no meu casaco e sa\u00ed.&#8221;<\/p>\n<p>Organiza\u00e7\u00e3o condena comportamento<\/p>\n<p data-remotead-prev-elm=\"true\" data-remotead-elm-id=\"centro2\">A Miss Universe Organization (MUO) reagiu de imediato, classificando o comportamento de Nawat Itsaragrisil como &#8220;malicioso&#8221; e &#8220;inaceit\u00e1vel&#8221;. O presidente da MUO, Raul Rocha, afirmou em comunicado que o diretor &#8220;humilhou, insultou e demonstrou uma total falta de respeito&#8221; pela concorrente mexicana, tendo cometido o &#8220;grave abuso de chamar a seguran\u00e7a para intimidar uma mulher indefesa&#8221;.<\/p>\n<p>Rocha confirmou ainda o envio de uma comitiva internacional para assumir a gest\u00e3o do evento e limitar o papel do executivo tailand\u00eas.<\/p>\n<p>&#8220;O Miss Universo \u00e9 uma plataforma de empoderamento feminino. As vozes destas mulheres merecem ser ouvidas&#8221;, sublinhou.<\/p>\n<p data-remotead-prev-elm=\"true\" data-remotead-elm-id=\"centro3\">A pol\u00e9mica ocorre ap\u00f3s v\u00e1rias diverg\u00eancias entre o novo CEO do concurso, o guatemalteco Mario B\u00facaro, e Nawat Itsaragrisil, que tamb\u00e9m dirige o Miss Grand International.<\/p>\n<p>Pol\u00edcia chamada ao hotel antes da reuni\u00e3o<\/p>\n<p>Dias antes do incidente, a tens\u00e3o j\u00e1 era vis\u00edvel. O organizador tailand\u00eas chamou a pol\u00edcia ao hotel onde as candidatas est\u00e3o hospedadas, depois de descobrir que uma plataforma de apostas online das Filipinas &#8211; proibida na Tail\u00e2ndia &#8211; figurava entre os patrocinadores do evento sem o seu conhecimento.<\/p>\n<p>As autoridades apreenderam o material promocional e levaram duas pessoas para prestar declara\u00e7\u00f5es. O caso aumentou o desconforto entre os organizadores e criou alvoro\u00e7o entre as concorrentes, que assistiram \u00e0 chegada da pol\u00edcia ao local.<\/p>\n<p>Camila Vitorino representa Portugal<\/p>\n<p data-remotead-prev-elm=\"true\" data-remotead-elm-id=\"centro4\">Entre as concorrentes que permanecem no concurso est\u00e1 a portuguesa Camila Vitorino, eleita Miss Universo Portugal 2025 no dia 14 de junho, durante a gala final do Miss &amp; Mrs Portugal, realizada no Centro de Neg\u00f3cios Transfronteiri\u00e7o de Elvas.<\/p>\n<p>A jovem setubalense recebeu a coroa das m\u00e3os da antecessora Andreia Correia e prepara-se agora para representar Portugal na final do Miss Universo 2025, marcada para 21 de novembro, em Banguecoque, na Tail\u00e2ndia, onde j\u00e1 tem estado em foco.<\/p>\n<p>Mesmo mantendo-se \u00e0 margem, Camila ficou incomodada com o incidente, revelou ao JN o diretor da delega\u00e7\u00e3o portuguesa, Ricardo Monteverde. &#8220;A Camila ficou perplexa, n\u00e3o gostou. Praticamente todas as meninas estavam com um ar estupefacto, quase sem rea\u00e7\u00f5es. Houve um grupo pequeno que abandonou a sala em defesa da Miss M\u00e9xico&#8221;, relatou..<\/p>\n<p data-remotead-prev-elm=\"true\" data-remotead-elm-id=\"centro5\">Segundo o diretor, a equipa portuguesa acompanhou a situa\u00e7\u00e3o &#8220;minuto a minuto&#8221;, procurando orientar a candidata. &#8220;O restante grupo acabou por ser mantido na sala, o que foi uma decis\u00e3o sensata. Ontem,, o pr\u00f3prio Nawat pediu desculpa a todas as candidatas, reconhecendo que agiu sob grande press\u00e3o&#8221;, explicou.<\/p>\n<p>Apesar do epis\u00f3dio, garante que Camila &#8220;est\u00e1 super integrada&#8221; e focada na competi\u00e7\u00e3o: &#8220;Ela est\u00e1 bem, partilha momentos com as colegas. S\u00e3o mulheres maduras, que entendem cada momento e continuam com o seu trabalho.&#8221;<\/p>\n<p>Ricardo e tamb\u00e9m Let\u00edcia Silva, os respons\u00e1veis da delega\u00e7\u00e3o portuguesa viajam para Banguecoque no dia 17 para acompanharem os \u00faltimos dias do concurso, cuja final est\u00e1 marcada para 21 de novembro. &#8220;Durante a concentra\u00e7\u00e3o, elas n\u00e3o podem receber visitas, mas tentamos estar por perto &#8211; nem que seja s\u00f3 para ela ver que estamos ali. \u00c9 um apoio importante&#8221;, concluiu Monteverde.<\/p>\n","protected":false},"excerpt":{"rendered":"O ambiente no Miss Universo 2025, a decorrer em Banguecoque, est\u00e1 longe do glamour habitual. Durante um encontro&hellip;\n","protected":false},"author":2,"featured_media":142461,"comment_status":"","ping_status":"","sticky":false,"template":"","format":"standard","meta":{"footnotes":""},"categories":[8],"tags":[27,28,15,16,14,25,26,21,22,1872,31479,12,13,19,20,2771,32,23,24,33,927,17,18,29,30,31],"class_list":{"0":"post-142460","1":"post","2":"type-post","3":"status-publish","4":"format-standard","5":"has-post-thumbnail","7":"category-principais-noticias","8":"tag-breaking-news","9":"tag-breakingnews","10":"tag-featured-news","11":"tag-featurednews","12":"tag-headlines","13":"tag-latest-news","14":"tag-latestnews","15":"tag-main-news","16":"tag-mainnews","17":"tag-mexico","18":"tag-miss-universo","19":"tag-news","20":"tag-noticias","21":"tag-noticias-principais","22":"tag-noticiasprincipais","23":"tag-polemica","24":"tag-portugal","25":"tag-principais-noticias","26":"tag-principaisnoticias","27":"tag-pt","28":"tag-tailandia","29":"tag-top-stories","30":"tag-topstories","31":"tag-ultimas","32":"tag-ultimas-noticias","33":"tag-ultimasnoticias"},"share_on_mastodon":{"url":"https:\/\/pubeurope.com\/@pt\/115505942891159997","error":""},"_links":{"self":[{"href":"https:\/\/www.europesays.com\/pt\/wp-json\/wp\/v2\/posts\/142460","targetHints":{"allow":["GET"]}}],"collection":[{"href":"https:\/\/www.europesays.com\/pt\/wp-json\/wp\/v2\/posts"}],"about":[{"href":"https:\/\/www.europesays.com\/pt\/wp-json\/wp\/v2\/types\/post"}],"author":[{"embeddable":true,"href":"https:\/\/www.europesays.com\/pt\/wp-json\/wp\/v2\/users\/2"}],"replies":[{"embeddable":true,"href":"https:\/\/www.europesays.com\/pt\/wp-json\/wp\/v2\/comments?post=142460"}],"version-history":[{"count":0,"href":"https:\/\/www.europesays.com\/pt\/wp-json\/wp\/v2\/posts\/142460\/revisions"}],"wp:featuredmedia":[{"embeddable":true,"href":"https:\/\/www.europesays.com\/pt\/wp-json\/wp\/v2\/media\/142461"}],"wp:attachment":[{"href":"https:\/\/www.europesays.com\/pt\/wp-json\/wp\/v2\/media?parent=142460"}],"wp:term":[{"taxonomy":"category","embeddable":true,"href":"https:\/\/www.europesays.com\/pt\/wp-json\/wp\/v2\/categories?post=142460"},{"taxonomy":"post_tag","embeddable":true,"href":"https:\/\/www.europesays.com\/pt\/wp-json\/wp\/v2\/tags?post=142460"}],"curies":[{"name":"wp","href":"https:\/\/api.w.org\/{rel}","templated":true}]}}