{"id":142462,"date":"2025-11-07T01:59:23","date_gmt":"2025-11-07T01:59:23","guid":{"rendered":"https:\/\/www.europesays.com\/pt\/142462\/"},"modified":"2025-11-07T01:59:23","modified_gmt":"2025-11-07T01:59:23","slug":"adriane-galisteu-comenta-privilegio-de-xuxa-em-velorio-de-senna-eu-nao-queria-competir-a-dor","status":"publish","type":"post","link":"https:\/\/www.europesays.com\/pt\/142462\/","title":{"rendered":"Adriane Galisteu comenta \u2018privil\u00e9gio\u2019 de Xuxa em vel\u00f3rio de Senna: \u2018Eu n\u00e3o queria competir a dor\u2019"},"content":{"rendered":"<p class=\"headlines\">Adriane Galisteu lembra namoro com Ayrton Senna em document\u00e1rio da HBO Max; veja trailer<\/p>\n<p>1:30<\/p>\n<p><img  loading=\"lazy\" class=\"thumb lazy-load-img\"\/><\/p>\n<p class=\"description\">&#8216;Meu Ayrton por Adriane Galisteu&#8217; traz vers\u00e3o da apresentadora ap\u00f3s pol\u00eamica com s\u00e9rie da Netflix.  Cr\u00e9dito: HBO Max<\/p>\n<p data-component-name=\"paragraph\" class=\"styles__ParagraphStyled-sc-6adecn-0 gsLklW  \">As controversas de uma suposta diferen\u00e7a de tratamento de <a href=\"https:\/\/www.estadao.com.br\/tudo-sobre\/adriane-galisteu\/?srsltid=AfmBOorOsVjIqqgttrgYVGUeqM-kCLni336DS3YFthpe0H9F6NGYWvK9\" target=\"_blank\" rel=\"noreferrer nofollow noopener\" title=\"https:\/\/www.estadao.com.br\/tudo-sobre\/adriane-galisteu\/?srsltid=AfmBOorOsVjIqqgttrgYVGUeqM-kCLni336DS3YFthpe0H9F6NGYWvK9\"><strong>Adriane Galisteu<\/strong><\/a>, ent\u00e3o namorada de <a href=\"https:\/\/www.estadao.com.br\/tudo-sobre\/ayrton-senna\/?srsltid=AfmBOoqa7Qo2OECQWsKDdHETScPbjCrtxeR7cQXa9EO_GgVKYylBfiee\" target=\"_blank\" rel=\"noreferrer nofollow noopener\" title=\"https:\/\/www.estadao.com.br\/tudo-sobre\/ayrton-senna\/?srsltid=AfmBOoqa7Qo2OECQWsKDdHETScPbjCrtxeR7cQXa9EO_GgVKYylBfiee\"><strong>Ayrton Senna<\/strong><\/a>, e <a href=\"https:\/\/www.estadao.com.br\/tudo-sobre\/xuxa-maria-da-graca-xuxa-meneghel\/?srsltid=AfmBOooLZWtJC8O4RkaLeV46PAvVo1l8u_mZCAtrvKzMIWmGyjTIBP3g\" target=\"_blank\" rel=\"noreferrer nofollow noopener\" title=\"https:\/\/www.estadao.com.br\/tudo-sobre\/xuxa-maria-da-graca-xuxa-meneghel\/?srsltid=AfmBOooLZWtJC8O4RkaLeV46PAvVo1l8u_mZCAtrvKzMIWmGyjTIBP3g\"><strong>Xuxa<\/strong><\/a>, ex-namorada do piloto, durante o vel\u00f3rio do atleta foram abordadas na nova s\u00e9rie documental Meu Ayrton por Adriane Galisteu, que estreou na <a href=\"https:\/\/www.estadao.com.br\/tudo-sobre\/hbo-max\/?srsltid=AfmBOopZ3Wd0o-AAPKtg8uCyDs1gWKT_8J2zacZOsjD4ZGW8kEHohoD8\" target=\"_blank\" rel=\"noreferrer nofollow noopener\" title=\"https:\/\/www.estadao.com.br\/tudo-sobre\/hbo-max\/?srsltid=AfmBOopZ3Wd0o-AAPKtg8uCyDs1gWKT_8J2zacZOsjD4ZGW8kEHohoD8\"><strong>HBO Max<\/strong><\/a> na quinta, 6. O momento foi relembrado no segundo epis\u00f3dio.<\/p>\n<p>\u201cEu n\u00e3o troquei de roupa. Eu passei a noite com a mesma roupa\u201d, narrou a apresentadora sobre a ocasi\u00e3o. \u201cE eu lembro de achar todo mundo muito elegante. Eu estava muito mal vestido, estava com roupa de quem estava em um vel\u00f3rio \u00e0 noite inteira.\u201d<\/p>\n<p>Adriane diz que, durante o vel\u00f3rio, sentiu falta de abra\u00e7os e de \u201cchorar no ombro de algu\u00e9m\u201d. \u201cEra tudo muito contido, uma coisa distante, tudo muito silencioso\u201d, disse.<\/p>\n<p><img  loading=\"lazy\" class=\"lazy-load-img\"\/><\/p>\n<p>Adriane Galisteu durante o vel\u00f3rio do piloto Ayrton Senna.\u00a0Foto:  M\u00f4nica Zarattini\/Estad\u00e3o<\/p>\n<p data-component-name=\"paragraph\" class=\"styles__ParagraphStyled-sc-6adecn-0 gsLklW  \">\u00c0 \u00e9poca, a cerim\u00f4nia foi organizada com adesivos que davam acesso a determinados pontos da Assembleia Legislativa de S\u00e3o Paulo (ALESP), onde ocorreu o vel\u00f3rio. A apresentadora n\u00e3o recebeu o adesivo que dava acesso ao lugar ao lado da fam\u00edlia do piloto e pr\u00f3ximo ao caix\u00e3o.<\/p>\n<p data-component-name=\"paragraph\" class=\"styles__ParagraphStyled-sc-6adecn-0 gsLklW  \">A m\u00e3e do atleta, tempos depois, deixou que Adriane se aproximasse do caix\u00e3o, mas a apresentadora n\u00e3o estava junto \u00e0 fam\u00edlia de Senna. Xuxa, por\u00e9m, permaneceu ao lado dos pais do piloto.<\/p>\n<p data-component-name=\"paragraph\" class=\"styles__ParagraphStyled-sc-6adecn-0 gsLklW  \">\u201cEstava todo mundo sofrendo muito e eu n\u00e3o queria competir a minha dor com ningu\u00e9m, mas uma dor genu\u00edna e profunda era da m\u00e3e que tinha perdido um filho. M\u00e3e n\u00e3o se pode julgar\u201d, comentou Adriane na s\u00e9rie.<\/p>\n<p data-component-name=\"paragraph\" class=\"styles__ParagraphStyled-sc-6adecn-0 gsLklW  \">A apresentadora narrou ter se encontrado com a m\u00e3e de Senna, Neyde, ap\u00f3s a cerim\u00f4nia ao ir buscar seus pertences no apartamento em que vivia com o piloto em S\u00e3o Paulo. Na sa\u00edda do pr\u00e9dio, as duas se abra\u00e7aram e choraram.<\/p>\n<p data-component-name=\"paragraph\" class=\"styles__ParagraphStyled-sc-6adecn-0 gsLklW  \">Meu Ayrton por Adriane Galisteu chegou a convidar a fam\u00edlia do piloto e Xuxa para uma participa\u00e7\u00e3o na s\u00e9rie. Os convites foram recusados, sob a alega\u00e7\u00e3o de \u201ccompromissos contratuais\u201d.<\/p>\n<p data-component-name=\"paragraph\" class=\"styles__ParagraphStyled-sc-6adecn-0 gsLklW  \">O document\u00e1rio aborda esse e outros momentos do namoro entre a apresentadora e Senna. A produ\u00e7\u00e3o chegou ap\u00f3s controv\u00e9rsias de Senna, s\u00e9rie da Netflix que deu pouco tempo de tela para a personagem de Adriane.<\/p>\n<p data-component-name=\"paragraph\" class=\"styles__ParagraphStyled-sc-6adecn-0 gsLklW  \">\u201cEu comecei a perceber uma for\u00e7a das pessoas na rua, de uma gera\u00e7\u00e3o que n\u00e3o acompanhou a minha hist\u00f3ria, uma gera\u00e7\u00e3o mais jovem, que queria saber mais da vida dele\u201d, comentou Adriane em entrevista por telefone ao <strong>Estad\u00e3o<\/strong>. <a href=\"https:\/\/www.estadao.com.br\/cultura\/series\/adriane-galisteu-revive-historia-com-senna-em-serie-com-temas-sensiveis-conto-de-fadas-as-avessas\/\" target=\"_blank\" rel=\"nofollow noopener\" title=\"https:\/\/www.estadao.com.br\/cultura\/series\/adriane-galisteu-revive-historia-com-senna-em-serie-com-temas-sensiveis-conto-de-fadas-as-avessas\/\"><strong>Leia a entrevista e saiba mais sobre o document\u00e1rio aqui<\/strong><\/a>.<\/p>\n","protected":false},"excerpt":{"rendered":"Adriane Galisteu lembra namoro com Ayrton Senna em document\u00e1rio da HBO Max; veja trailer 1:30 &#8216;Meu Ayrton por&hellip;\n","protected":false},"author":2,"featured_media":142463,"comment_status":"","ping_status":"","sticky":false,"template":"","format":"standard","meta":{"footnotes":""},"categories":[145],"tags":[3433,3434,211,210,114,115,32,33,1711],"class_list":{"0":"post-142462","1":"post","2":"type-post","3":"status-publish","4":"format-standard","5":"has-post-thumbnail","7":"category-celebridades","8":"tag-adriane-galisteu","9":"tag-ayrton-senna","10":"tag-celebridades","11":"tag-celebrities","12":"tag-entertainment","13":"tag-entretenimento","14":"tag-portugal","15":"tag-pt","16":"tag-sample"},"share_on_mastodon":{"url":"https:\/\/pubeurope.com\/@pt\/115505945820553294","error":""},"_links":{"self":[{"href":"https:\/\/www.europesays.com\/pt\/wp-json\/wp\/v2\/posts\/142462","targetHints":{"allow":["GET"]}}],"collection":[{"href":"https:\/\/www.europesays.com\/pt\/wp-json\/wp\/v2\/posts"}],"about":[{"href":"https:\/\/www.europesays.com\/pt\/wp-json\/wp\/v2\/types\/post"}],"author":[{"embeddable":true,"href":"https:\/\/www.europesays.com\/pt\/wp-json\/wp\/v2\/users\/2"}],"replies":[{"embeddable":true,"href":"https:\/\/www.europesays.com\/pt\/wp-json\/wp\/v2\/comments?post=142462"}],"version-history":[{"count":0,"href":"https:\/\/www.europesays.com\/pt\/wp-json\/wp\/v2\/posts\/142462\/revisions"}],"wp:featuredmedia":[{"embeddable":true,"href":"https:\/\/www.europesays.com\/pt\/wp-json\/wp\/v2\/media\/142463"}],"wp:attachment":[{"href":"https:\/\/www.europesays.com\/pt\/wp-json\/wp\/v2\/media?parent=142462"}],"wp:term":[{"taxonomy":"category","embeddable":true,"href":"https:\/\/www.europesays.com\/pt\/wp-json\/wp\/v2\/categories?post=142462"},{"taxonomy":"post_tag","embeddable":true,"href":"https:\/\/www.europesays.com\/pt\/wp-json\/wp\/v2\/tags?post=142462"}],"curies":[{"name":"wp","href":"https:\/\/api.w.org\/{rel}","templated":true}]}}