{"id":142464,"date":"2025-11-07T02:02:28","date_gmt":"2025-11-07T02:02:28","guid":{"rendered":"https:\/\/www.europesays.com\/pt\/142464\/"},"modified":"2025-11-07T02:02:28","modified_gmt":"2025-11-07T02:02:28","slug":"quem-e-paulo-mendes-o-raul-de-tres-gracas","status":"publish","type":"post","link":"https:\/\/www.europesays.com\/pt\/142464\/","title":{"rendered":"Quem \u00e9 Paulo Mendes, o Raul de Tr\u00eas Gra\u00e7as"},"content":{"rendered":"<p>                        <img width=\"944\" height=\"531\" src=\"https:\/\/www.europesays.com\/pt\/wp-content\/uploads\/2025\/11\/elenco-tres-gracas-8-944x531.jpg\" class=\"attachment-custom-large size-custom-large article-featured-image\" alt=\"\" fetchpriority=\"high\" decoding=\"async\"  \/><\/p>\n<p>Raul Dantas (Paulo Mendes) (Foto: Divulga\u00e7\u00e3o, Globo)<\/p>\n<p>Em Tr\u00eas Gra\u00e7as, Raul (Paulo Mendes) est\u00e1 triplamente encrencado. Vai ser pai do filho de Jo\u00e9lly (Alana Cabral), tem d\u00edvidas para pagar a Bagd\u00e1 (Xam\u00e3) e ainda por cima tem que lidar com Arminda (Grazi Massafera), uma m\u00e3e para l\u00e1 de problem\u00e1tica.<\/p>\n<p>Continua depois da publicidade<\/p>\n<p>Com Bagd\u00e1 invadindo a mans\u00e3o, Raul vai ter mais problemas ainda e vai achar que est\u00e1 vivendo um pesadelo na vida real. Isso que Arminda nem descobriu ainda que ele engravidou Jo\u00e9lly e que ela e Gerluce (Sophie Charlotte) ser\u00e3o av\u00f3s da mesma crian\u00e7a.<\/p>\n<p>Conhe\u00e7a todo o elenco de Tr\u00eas Gra\u00e7as, a pr\u00f3xima novela das nove da Globo1<\/p>\n<p>VoltarAvan\u00e7ar<\/p>\n<p><img loading=\"lazy\" decoding=\"async\" width=\"1200\" height=\"675\" data-id=\"7696073\" src=\"https:\/\/www.europesays.com\/pt\/wp-content\/uploads\/2025\/11\/elenco-tres-gracas-8.jpg\" alt=\"\" class=\"wp-image-7696073\"  \/><\/p>\n<p>Raul Dantas (Paulo Mendes) (Foto: Divulga\u00e7\u00e3o, Globo)<\/p>\n<p><img loading=\"lazy\" decoding=\"async\" width=\"1200\" height=\"675\" data-id=\"7696076\" src=\"https:\/\/www.europesays.com\/pt\/wp-content\/uploads\/2025\/11\/elenco-tres-gracas.jpg\" alt=\"elenco tr\u00eas gra\u00e7as\" class=\"wp-image-7696076\"  \/><\/p>\n<p>Gerluce Maria das Gra\u00e7as (Sophie Charlotte) (Foto: Divulga\u00e7\u00e3o, Globo)<\/p>\n<p><img loading=\"lazy\" decoding=\"async\" width=\"1200\" height=\"675\" data-id=\"7696072\" src=\"https:\/\/www.europesays.com\/pt\/wp-content\/uploads\/2025\/11\/elenco-tres-gracas-7.jpg\" alt=\"\" class=\"wp-image-7696072\"  \/><\/p>\n<p>Arminda de Melo Dantas (Grazi Massafera) (Foto: Divulga\u00e7\u00e3o, Globo)<\/p>\n<p><img loading=\"lazy\" decoding=\"async\" width=\"1200\" height=\"675\" data-id=\"7696032\" src=\"https:\/\/www.europesays.com\/pt\/wp-content\/uploads\/2025\/11\/elenco-tres-gracas-11.jpg\" alt=\"elenco tr\u00eas gra\u00e7as\" class=\"wp-image-7696032\"  \/><\/p>\n<p>Santiago Ferette (Murilo Ben\u00edcio) (Foto: Divulga\u00e7\u00e3o, Globo)<\/p>\n<p><img loading=\"lazy\" decoding=\"async\" width=\"1200\" height=\"675\" data-id=\"7696036\" src=\"https:\/\/www.europesays.com\/pt\/wp-content\/uploads\/2025\/11\/elenco-tres-gracas-15.jpg\" alt=\"\" class=\"wp-image-7696036\"  \/><\/p>\n<p>Paulinho Reitz (Romulo Estrela) (Foto: Divulga\u00e7\u00e3o, Globo)<\/p>\n<p><img loading=\"lazy\" decoding=\"async\" width=\"1200\" height=\"675\" data-id=\"7696065\" src=\"https:\/\/www.europesays.com\/pt\/wp-content\/uploads\/2025\/11\/elenco-tres-gracas-2.jpg\" alt=\"elenco tr\u00eas gra\u00e7as\" class=\"wp-image-7696065\"  \/><\/p>\n<p>L\u00edgia Maria das Gra\u00e7as (Dira Paes) (Foto: Divulga\u00e7\u00e3o, Globo)<\/p>\n<p><img loading=\"lazy\" decoding=\"async\" width=\"1200\" height=\"675\" data-id=\"7696067\" src=\"https:\/\/www.europesays.com\/pt\/wp-content\/uploads\/2025\/11\/elenco-tres-gracas-3.jpg\" alt=\"elenco tr\u00eas gra\u00e7as\" class=\"wp-image-7696067\"  \/><\/p>\n<p>Jo\u00e9lly Maria das Gra\u00e7as (Alana Cabral) (Foto: Divulga\u00e7\u00e3o, Globo)<\/p>\n<p><img loading=\"lazy\" decoding=\"async\" width=\"1200\" height=\"675\" data-id=\"7696033\" src=\"https:\/\/www.europesays.com\/pt\/wp-content\/uploads\/2025\/11\/elenco-tres-gracas-12.jpg\" alt=\"elenco tr\u00eas gra\u00e7as\" class=\"wp-image-7696033\"  \/><\/p>\n<p>Zenilda Ferette (Andr\u00e9ia Horta) (Foto: Divulga\u00e7\u00e3o, Globo)<\/p>\n<p><img loading=\"lazy\" decoding=\"async\" width=\"1200\" height=\"675\" data-id=\"7696035\" src=\"https:\/\/www.europesays.com\/pt\/wp-content\/uploads\/2025\/11\/elenco-tres-gracas-14.jpg\" alt=\"\" class=\"wp-image-7696035\"  \/><\/p>\n<p>Leonardo Ferette (Pedro Novaes) (Foto: Divulga\u00e7\u00e3o, Globo)<\/p>\n<p><img loading=\"lazy\" decoding=\"async\" width=\"1200\" height=\"675\" data-id=\"7696069\" src=\"https:\/\/www.europesays.com\/pt\/wp-content\/uploads\/2025\/11\/elenco-tres-gracas-4.jpg\" alt=\"elenco tr\u00eas gra\u00e7as\" class=\"wp-image-7696069\"  \/><\/p>\n<p>Viviane (Gabriela Loran) (Foto: Divulga\u00e7\u00e3o, Globo)<\/p>\n<p><img loading=\"lazy\" decoding=\"async\" width=\"1200\" height=\"675\" data-id=\"7696074\" src=\"https:\/\/www.europesays.com\/pt\/wp-content\/uploads\/2025\/11\/elenco-tres-gracas-9.jpg\" alt=\"elenco tr\u00eas gra\u00e7as\" class=\"wp-image-7696074\"  \/><\/p>\n<p>Josefa Melo (Arlete Salles) (Foto: Divulga\u00e7\u00e3o, Globo)<\/p>\n<p><img loading=\"lazy\" decoding=\"async\" width=\"1200\" height=\"675\" data-id=\"7696034\" src=\"https:\/\/www.europesays.com\/pt\/wp-content\/uploads\/2025\/11\/elenco-tres-gracas-13.jpg\" alt=\"\" class=\"wp-image-7696034\"  \/><\/p>\n<p>Lorena Ferette (Alanis Guillen) (Foto: Divulga\u00e7\u00e3o, Globo)<\/p>\n<p><img loading=\"lazy\" decoding=\"async\" width=\"1200\" height=\"675\" data-id=\"7696070\" src=\"https:\/\/www.europesays.com\/pt\/wp-content\/uploads\/2025\/11\/elenco-tres-gracas-5.jpg\" alt=\"elenco tr\u00eas gra\u00e7as\" class=\"wp-image-7696070\"  \/><\/p>\n<p>Joaquim (Marcos Palmeira (Foto: Divulga\u00e7\u00e3o, Globo)<\/p>\n<p><img loading=\"lazy\" decoding=\"async\" width=\"1200\" height=\"675\" data-id=\"7696045\" src=\"https:\/\/www.europesays.com\/pt\/wp-content\/uploads\/2025\/11\/elenco-tres-gracas-18.jpg\" alt=\"\" class=\"wp-image-7696045\"  \/><\/p>\n<p>Samira (Fernanda Vasconcellos) (Foto: Divulga\u00e7\u00e3o, Globo)<\/p>\n<p><img loading=\"lazy\" decoding=\"async\" width=\"1200\" height=\"675\" data-id=\"7696050\" src=\"https:\/\/www.europesays.com\/pt\/wp-content\/uploads\/2025\/11\/elenco-tres-gracas-19.jpg\" alt=\"elenco tr\u00eas gra\u00e7as\" class=\"wp-image-7696050\"  \/><\/p>\n<p>X\u00eanica (Carla Marins) (Foto: Divulga\u00e7\u00e3o, Globo)<\/p>\n<p><img loading=\"lazy\" decoding=\"async\" width=\"1200\" height=\"675\" data-id=\"7696018\" src=\"https:\/\/www.europesays.com\/pt\/wp-content\/uploads\/2025\/11\/elenco-tres-gracas-35.jpg\" alt=\"elenco tr\u00eas gra\u00e7as\" class=\"wp-image-7696018\"  \/><\/p>\n<p>Bagd\u00e1 (Xam\u00e3) (Foto: Divulga\u00e7\u00e3o, Globo)<\/p>\n<p><img loading=\"lazy\" decoding=\"async\" width=\"1200\" height=\"675\" data-id=\"7696019\" src=\"https:\/\/www.europesays.com\/pt\/wp-content\/uploads\/2025\/11\/elenco-tres-gracas-36.jpg\" alt=\"\" class=\"wp-image-7696019\"  \/><\/p>\n<p>Jorginho Ninja (Juliano Cazarr\u00e9) (Foto: Divulga\u00e7\u00e3o, Globo)<\/p>\n<p><img loading=\"lazy\" decoding=\"async\" width=\"1200\" height=\"675\" data-id=\"7696026\" src=\"https:\/\/www.europesays.com\/pt\/wp-content\/uploads\/2025\/11\/elenco-tres-gracas-27.jpg\" alt=\"\" class=\"wp-image-7696026\"  \/><\/p>\n<p>Kasper Damatta (Miguel Falabella) (Foto: Divulga\u00e7\u00e3o, Globo)<\/p>\n<p><img loading=\"lazy\" decoding=\"async\" width=\"1200\" height=\"675\" data-id=\"7696025\" src=\"https:\/\/www.europesays.com\/pt\/wp-content\/uploads\/2025\/11\/elenco-tres-gracas-26.jpg\" alt=\"elenco tr\u00eas gra\u00e7as\" class=\"wp-image-7696025\"  \/><\/p>\n<p>Jo\u00e3o Rubens (Samuel de Assis) (Foto: Divulga\u00e7\u00e3o, Globo)<\/p>\n<p><img loading=\"lazy\" decoding=\"async\" width=\"1200\" height=\"675\" data-id=\"7696027\" src=\"https:\/\/www.europesays.com\/pt\/wp-content\/uploads\/2025\/11\/elenco-tres-gracas-28.jpg\" alt=\"elenco tr\u00eas gra\u00e7as\" class=\"wp-image-7696027\"  \/><\/p>\n<p>Maggye (Mell Muzillo) (Foto: Divulga\u00e7\u00e3o, Globo)<\/p>\n<p><img loading=\"lazy\" decoding=\"async\" width=\"1200\" height=\"675\" data-id=\"7696020\" src=\"https:\/\/www.europesays.com\/pt\/wp-content\/uploads\/2025\/11\/elenco-tres-gracas-37.jpg\" alt=\"elenco tr\u00eas gra\u00e7as\" class=\"wp-image-7696020\"  \/><\/p>\n<p>Misael (Belo) (Foto: Divulga\u00e7\u00e3o, Globo)<\/p>\n<p><img loading=\"lazy\" decoding=\"async\" width=\"1200\" height=\"675\" data-id=\"7696029\" src=\"https:\/\/www.europesays.com\/pt\/wp-content\/uploads\/2025\/11\/elenco-tres-gracas-29.jpg\" alt=\"\" class=\"wp-image-7696029\"  \/><\/p>\n<p>Luc\u00e9lia (Daphne Bozaski) (Foto: Divulga\u00e7\u00e3o, Globo)<\/p>\n<p><img loading=\"lazy\" decoding=\"async\" width=\"1200\" height=\"675\" data-id=\"7696037\" src=\"https:\/\/www.europesays.com\/pt\/wp-content\/uploads\/2025\/11\/elenco-tres-gracas-16.jpg\" alt=\"elenco tr\u00eas gra\u00e7as\" class=\"wp-image-7696037\"  \/><\/p>\n<p>Eduarda Fragoso, a \u201cJuquinha\u201d (Gabriela Medvedovsky) (Foto: Divulga\u00e7\u00e3o, Globo)<\/p>\n<p><img loading=\"lazy\" decoding=\"async\" width=\"1200\" height=\"675\" data-id=\"7696071\" src=\"https:\/\/www.europesays.com\/pt\/wp-content\/uploads\/2025\/11\/elenco-tres-gracas-6.jpg\" alt=\"\" class=\"wp-image-7696071\"  \/><\/p>\n<p>Gilmar (Amaury Lorenzo) (Foto: Divulga\u00e7\u00e3o, Globo)<\/p>\n<p><img loading=\"lazy\" decoding=\"async\" width=\"1200\" height=\"675\" data-id=\"7696062\" src=\"https:\/\/www.europesays.com\/pt\/wp-content\/uploads\/2025\/11\/elenco-tres-gracas-22.jpg\" alt=\"elenco tr\u00eas gra\u00e7as\" class=\"wp-image-7696062\"  \/><\/p>\n<p>Herculano (Leandro Lima) e Lena (Barbara Reis) (Foto: Divulga\u00e7\u00e3o, Globo)<\/p>\n<p><img loading=\"lazy\" decoding=\"async\" width=\"1200\" height=\"675\" data-id=\"7696014\" src=\"https:\/\/www.europesays.com\/pt\/wp-content\/uploads\/2025\/11\/elenco-tres-gracas-32.jpg\" alt=\"elenco tr\u00eas gra\u00e7as\" class=\"wp-image-7696014\"  \/><\/p>\n<p>Pastor Alb\u00e9rico (Enrique Diaz) (Foto: Divulga\u00e7\u00e3o, Globo)<\/p>\n<p><img loading=\"lazy\" decoding=\"async\" width=\"1200\" height=\"675\" data-id=\"7696021\" src=\"https:\/\/www.europesays.com\/pt\/wp-content\/uploads\/2025\/11\/elenco-tres-gracas-38.jpg\" alt=\"\" class=\"wp-image-7696021\"  \/><\/p>\n<p>Jos\u00e9 Maria (T\u00falio Starling)  (Foto: Divulga\u00e7\u00e3o, Globo)<\/p>\n<p><img loading=\"lazy\" decoding=\"async\" width=\"1200\" height=\"675\" data-id=\"7696023\" src=\"https:\/\/www.europesays.com\/pt\/wp-content\/uploads\/2025\/11\/elenco-tres-gracas-24.jpg\" alt=\"elenco tr\u00eas gra\u00e7as\" class=\"wp-image-7696023\"  \/><\/p>\n<p>(Foto: Divulga\u00e7\u00e3o, Globo)<\/p>\n<p><img loading=\"lazy\" decoding=\"async\" width=\"1200\" height=\"675\" data-id=\"7696041\" src=\"https:\/\/www.europesays.com\/pt\/wp-content\/uploads\/2025\/11\/elenco-tres-gracas-17.jpg\" alt=\"\" class=\"wp-image-7696041\"  \/><\/p>\n<p>Jairo Barroso (Andr\u00e9 Mattos) (Foto: Divulga\u00e7\u00e3o, Globo)<\/p>\n<p><img loading=\"lazy\" decoding=\"async\" width=\"1200\" height=\"675\" data-id=\"7696058\" src=\"https:\/\/www.europesays.com\/pt\/wp-content\/uploads\/2025\/11\/elenco-tres-gracas-21.jpg\" alt=\"elenco tr\u00eas gra\u00e7as\" class=\"wp-image-7696058\"  \/><\/p>\n<p>Edilberto (Julio Rocha)  (Foto: Divulga\u00e7\u00e3o, Globo)<\/p>\n<p><img loading=\"lazy\" decoding=\"async\" width=\"1200\" height=\"675\" data-id=\"7696024\" src=\"https:\/\/www.europesays.com\/pt\/wp-content\/uploads\/2025\/11\/elenco-tres-gracas-25.jpg\" alt=\"elenco tr\u00eas gra\u00e7as\" class=\"wp-image-7696024\"  \/><\/p>\n<p>Chica (Rejane Faria)  e (C\u00e9lio (Ot\u00e1vio Muller) Foto: Divulga\u00e7\u00e3o, Globo)<\/p>\n<p><img loading=\"lazy\" decoding=\"async\" width=\"1200\" height=\"675\" data-id=\"7696022\" src=\"https:\/\/www.europesays.com\/pt\/wp-content\/uploads\/2025\/11\/elenco-tres-gracas-23.jpg\" alt=\"\" class=\"wp-image-7696022\"  \/><\/p>\n<p>Rivaldo (Augusto Madeira) (Foto: Divulga\u00e7\u00e3o, Globo)<\/p>\n<p><img loading=\"lazy\" decoding=\"async\" width=\"1200\" height=\"675\" data-id=\"7696054\" src=\"https:\/\/www.europesays.com\/pt\/wp-content\/uploads\/2025\/11\/elenco-tres-gracas-20.jpg\" alt=\"elenco tr\u00eas gra\u00e7as\" class=\"wp-image-7696054\"  \/><\/p>\n<p>Macedo (Rodrigo Garc\u00eda)  (Foto: Divulga\u00e7\u00e3o, Globo)<\/p>\n<p><img loading=\"lazy\" decoding=\"async\" width=\"1200\" height=\"675\" data-id=\"7696015\" src=\"https:\/\/www.europesays.com\/pt\/wp-content\/uploads\/2025\/11\/elenco-tres-gracas-33.jpg\" alt=\"\" class=\"wp-image-7696015\"  \/><\/p>\n<p>Kellen Cristina (Luiza Rosa) (Foto: Divulga\u00e7\u00e3o, Globo)<\/p>\n<p><img loading=\"lazy\" decoding=\"async\" width=\"1200\" height=\"675\" data-id=\"7696016\" src=\"https:\/\/www.europesays.com\/pt\/wp-content\/uploads\/2025\/11\/elenco-tres-gracas-34.jpg\" alt=\"elenco tr\u00eas gra\u00e7as\" class=\"wp-image-7696016\"  \/><\/p>\n<p>J\u00fanior (Guthierry Sotero) (Foto: Divulga\u00e7\u00e3o, Globo)<\/p>\n<p><img loading=\"lazy\" decoding=\"async\" width=\"1200\" height=\"675\" data-id=\"7696013\" src=\"https:\/\/www.europesays.com\/pt\/wp-content\/uploads\/2025\/11\/elenco-tres-gracas-31.jpg\" alt=\"elenco tr\u00eas gra\u00e7as\" class=\"wp-image-7696013\"  \/><\/p>\n<p>Alem\u00e3o (Lucas Righi)  (Foto: Divulga\u00e7\u00e3o, Globo)<\/p>\n<p><img loading=\"lazy\" decoding=\"async\" width=\"1200\" height=\"675\" data-id=\"7696031\" src=\"https:\/\/www.europesays.com\/pt\/wp-content\/uploads\/2025\/11\/elenco-tres-gracas-30.jpg\" alt=\"\" class=\"wp-image-7696031\"  \/><\/p>\n<p>Vand\u00edlson (Vinicius Teixeira) (Foto: Divulga\u00e7\u00e3o, Globo)<\/p>\n<p><img fetchpriority=\"high\" loading=\"lazy\" decoding=\"async\" width=\"1200\" height=\"675\" data-id=\"7696075\" src=\"https:\/\/www.europesays.com\/pt\/wp-content\/uploads\/2025\/11\/elenco-tres-gracas-10.jpg\" alt=\"elenco tr\u00eas gra\u00e7as\" class=\"wp-image-7696075\"  \/><\/p>\n<p>Claudia (Lorrana Moussinho) (Foto: Divulga\u00e7\u00e3o, Globo)<\/p>\n<p>Quem \u00e9 Paulo Mendes, ator que faz o Raul em Tr\u00eas Gra\u00e7as<\/p>\n<p>Paulo Mendes \u00e9 ator, dublador, tem 21 anos e nasceu no Rio de Janeiro, no dia 2 de junho de 2004. Come\u00e7ou a carreira como dublador de filmes e s\u00e9ries. J\u00e1 fez alguns espet\u00e1culos tamb\u00e9m como cantor, incluindo Gera\u00e7\u00e3o Glee, o musical em Londres, no ano de 2022.<\/p>\n<p>Em 2023, come\u00e7a a carreira na televis\u00e3o. O primeiro papel foi na s\u00e9rie original do Globoplay, Os Outros, como Rog\u00e9rio, filho da personagem de Adriana Esteves. No mesmo ano fez sua estreia em novelas, como o Lu\u00eds Carneiro Evaristo de Amor Perfeito, novela das 18h.<\/p>\n<p>Continua depois da publicidade<\/p>\n<p>Em seguida, foi escalado para a primeira novela das 21h, com o Tom\u00e1s de Mania de Voc\u00ea (2024). Na trama, interpretava um personagem parecido com o atual, que tamb\u00e9m engravidava uma jovem. Em 2025, \u00e9 escolhido para viver o Raul de Tr\u00eas Gra\u00e7as, filho da vil\u00e3 e com fun\u00e7\u00e3o importante na hist\u00f3ria.<\/p>\n<p><strong><a href=\"https:\/\/www.nsctotal.com.br\/noticias\/quem-e-alana-cabral-atriz-que-faz-a-joelly-de-tres-gracas\" target=\"_blank\" rel=\"noreferrer noopener nofollow\">Quem \u00e9 Alana Cabral, atriz que faz a Jo\u00e9lly de Tr\u00eas Gra\u00e7as<\/a><\/strong><\/p>\n","protected":false},"excerpt":{"rendered":"Raul Dantas (Paulo Mendes) (Foto: Divulga\u00e7\u00e3o, Globo) Em Tr\u00eas Gra\u00e7as, Raul (Paulo Mendes) est\u00e1 triplamente encrencado. Vai ser&hellip;\n","protected":false},"author":2,"featured_media":142465,"comment_status":"","ping_status":"","sticky":false,"template":"","format":"standard","meta":{"footnotes":""},"categories":[142],"tags":[114,115,32,33,151,543],"class_list":{"0":"post-142464","1":"post","2":"type-post","3":"status-publish","4":"format-standard","5":"has-post-thumbnail","7":"category-tv","8":"tag-entertainment","9":"tag-entretenimento","10":"tag-portugal","11":"tag-pt","12":"tag-tv","13":"tag-ver-ouvir-ler"},"share_on_mastodon":{"url":"https:\/\/pubeurope.com\/@pt\/115505958217617871","error":""},"_links":{"self":[{"href":"https:\/\/www.europesays.com\/pt\/wp-json\/wp\/v2\/posts\/142464","targetHints":{"allow":["GET"]}}],"collection":[{"href":"https:\/\/www.europesays.com\/pt\/wp-json\/wp\/v2\/posts"}],"about":[{"href":"https:\/\/www.europesays.com\/pt\/wp-json\/wp\/v2\/types\/post"}],"author":[{"embeddable":true,"href":"https:\/\/www.europesays.com\/pt\/wp-json\/wp\/v2\/users\/2"}],"replies":[{"embeddable":true,"href":"https:\/\/www.europesays.com\/pt\/wp-json\/wp\/v2\/comments?post=142464"}],"version-history":[{"count":0,"href":"https:\/\/www.europesays.com\/pt\/wp-json\/wp\/v2\/posts\/142464\/revisions"}],"wp:featuredmedia":[{"embeddable":true,"href":"https:\/\/www.europesays.com\/pt\/wp-json\/wp\/v2\/media\/142465"}],"wp:attachment":[{"href":"https:\/\/www.europesays.com\/pt\/wp-json\/wp\/v2\/media?parent=142464"}],"wp:term":[{"taxonomy":"category","embeddable":true,"href":"https:\/\/www.europesays.com\/pt\/wp-json\/wp\/v2\/categories?post=142464"},{"taxonomy":"post_tag","embeddable":true,"href":"https:\/\/www.europesays.com\/pt\/wp-json\/wp\/v2\/tags?post=142464"}],"curies":[{"name":"wp","href":"https:\/\/api.w.org\/{rel}","templated":true}]}}