{"id":142466,"date":"2025-11-07T02:04:10","date_gmt":"2025-11-07T02:04:10","guid":{"rendered":"https:\/\/www.europesays.com\/pt\/142466\/"},"modified":"2025-11-07T02:04:10","modified_gmt":"2025-11-07T02:04:10","slug":"programacao-de-cinema-portal-engeplus-2","status":"publish","type":"post","link":"https:\/\/www.europesays.com\/pt\/142466\/","title":{"rendered":"Programa\u00e7\u00e3o de Cinema &#8211; Portal Engeplus"},"content":{"rendered":"<ol>\n<li><a href=\"https:\/\/news.google.com\/rss\/articles\/CBMidkFVX3lxTE0tVTQwOUtUMnpHaFZ5UjJQSGZTUDQxMWJPVEdCNHVTTmpUSVphYlI3UDNBb2ZaRXAzbFlTUnE2TjBJMThyalgxY3RXdzhJRXZaX0pSNlBXS0lpUHpLSXExVW1LY18zS2s2ZkFHX05SNGVjUmY3ekE?oc=5\" target=\"_blank\" rel=\"nofollow noopener\">Programa\u00e7\u00e3o de Cinema<\/a>&nbsp;&nbsp;Portal Engeplus<\/li>\n<li><a href=\"https:\/\/news.google.com\/rss\/articles\/CBMi1gFBVV95cUxNc3g0Uko1ZWVqY291QnE2YWdDVkxKaDFqRktLNVBIM0s1ZUJNdjZmdjM2d0pDcjNSSHFxeUllWlZnZHd0RWJhMnpRNXJiRGlKU05JWi1ER2R6QVZ0VGpYZGVsN2p6ZW11Szc4STY5WEt0c1d2YzBRZGc3RkY5TVJkS0xxdHhsVkIzRm5FckNrd3E5a3NFZHJ2V3BBWVFrMnRjSTE4WTI2Qk92djFjcDdFWDJIM0lHa3FWZmduTWFZdnJJRmVmWHExRWROdUNmeTlDVUtBYktB?oc=5\" target=\"_blank\" rel=\"nofollow noopener\">Confira a programa\u00e7\u00e3o dos cinemas desta sexta-feira, dia 7 de novembro de 2025<\/a>&nbsp;&nbsp;Correio do Povo<\/li>\n<li><a href=\"https:\/\/news.google.com\/rss\/articles\/CBMilwFBVV95cUxPRHZfXzBiRFVJUFpSTnl2TEZpOEJGUmxSdlJkNDRiUFNQRzNMenZsR0l4WEdKQzRMUmZyVXB3TlRVY2R1aHZLTkkyaVJpb19UQVhBQmlmOVNzVUpIWXR1R0EwTEh5ajZkelZPcnNQRDRBY3E3WERPYWFiLXhzQ3hFWHVabm5vODAxNGViX2ZwVVc5TFhid1dR0gGfAUFVX3lxTFBmUWxOenVZMldSVmt6YmtnYkE0MmgwNVR5ZEN3OWszY25SajJBcGdFNUxka2ZJcVpLcUxSQnd3UWVhdFRUUENLWEFhejlqQjZwREd4WUpMRXZtT1JtQWsycTBtREtMblFVd0xUaWd0clFINlU0R2VxODFOdDZ2TlljRzdqRUNjb3MweU5rSVZpUlpPTUU3dVkwNzBNTXU3Zw?oc=5\" target=\"_blank\" rel=\"nofollow noopener\">Confira a programa\u00e7\u00e3o dos cinemas em Juiz de Fora entre os dias 6 e 12 de novembro<\/a>&nbsp;&nbsp;Tribuna de Minas<\/li>\n<li><a href=\"https:\/\/news.google.com\/rss\/articles\/CBMihAFBVV95cUxOUmNhTkREMjFKWGw3ZXBGTVhKQkFmUmZzNTBEZktSN2ZRdEVuc1lrRHpNaTVQVEFUZS0wS0FSQ3B3M2dEN1FRNjJ0emdNY2h3em9zUlFaMF9mWVNPLXQ3Y0xpLV9ZRnJLT2pkMWx0eEdXS0VadFBfUDBuYlFkRzJfNUt0dzE?oc=5\" target=\"_blank\" rel=\"nofollow noopener\">Programa\u00e7\u00e3o de cinema em BH: veja os filmes em cartaz (06\/11 a 12\/11)<\/a>&nbsp;&nbsp;BHAZ<\/li>\n<li><a href=\"https:\/\/news.google.com\/rss\/articles\/CBMirwFBVV95cUxORmtITHdCM2dNQ0NKMGhJYVlxOUJPaktwWHdFYk5lYlFfazhlYmU5M0RkMTNCV3c2TFg1andZX0txZllrR2tIWDJObk91bkxYRTRyWjVrQU9TakJ4TTEtSXNOUHVWT1lScm9udnZYc2NqQWdfcXAydnlkWHJVY2Z4WGlmSWVsRHc5NlhCbVhjbGJDdjRSZWZtZGZHTF9nWDROU1FqQ1BJdFR6alVKQ09J0gG0AUFVX3lxTE55MUNNYngySkF2bWQ1RVg0dHIzTXgzXzlidWZfZ0FhRFYzbmF0am4wTnRKcG9KZ3d5SFFpaXRydDRlMUthcEtzZXRWQ0FmWlF2bzV4RTU2LTlkQjJTMzFZSGN2ZWFEX0ZiQTUwVGZlcVJvblFJbGg3X0ZTUzhHaDhDa0RXWm8zNlE5anhrMGRBUUgwNDRXSXJLdlEyMmgyN2hDN0RRNU1BeEtrOTVqeFZ2czZjWA?oc=5\" target=\"_blank\" rel=\"nofollow noopener\">Veja o que estreia nos cinemas de S\u00e3o Carlos nesta semana &#8211; ACidade ON S\u00e3o Carlos<\/a>&nbsp;&nbsp;ACidade ON<\/li>\n<\/ol>\n","protected":false},"excerpt":{"rendered":"Programa\u00e7\u00e3o de Cinema&nbsp;&nbsp;Portal Engeplus Confira a programa\u00e7\u00e3o dos cinemas desta sexta-feira, dia 7 de novembro de 2025&nbsp;&nbsp;Correio do&hellip;\n","protected":false},"author":2,"featured_media":142467,"comment_status":"","ping_status":"","sticky":false,"template":"","format":"standard","meta":{"footnotes":""},"categories":[140],"tags":[470,114,115,147,148,146,32,28565,33],"class_list":{"0":"post-142466","1":"post","2":"type-post","3":"status-publish","4":"format-standard","5":"has-post-thumbnail","7":"category-filmes","8":"tag-cinema","9":"tag-entertainment","10":"tag-entretenimento","11":"tag-film","12":"tag-filmes","13":"tag-movies","14":"tag-portugal","15":"tag-programacao-de-cinema","16":"tag-pt"},"share_on_mastodon":{"url":"","error":""},"_links":{"self":[{"href":"https:\/\/www.europesays.com\/pt\/wp-json\/wp\/v2\/posts\/142466","targetHints":{"allow":["GET"]}}],"collection":[{"href":"https:\/\/www.europesays.com\/pt\/wp-json\/wp\/v2\/posts"}],"about":[{"href":"https:\/\/www.europesays.com\/pt\/wp-json\/wp\/v2\/types\/post"}],"author":[{"embeddable":true,"href":"https:\/\/www.europesays.com\/pt\/wp-json\/wp\/v2\/users\/2"}],"replies":[{"embeddable":true,"href":"https:\/\/www.europesays.com\/pt\/wp-json\/wp\/v2\/comments?post=142466"}],"version-history":[{"count":0,"href":"https:\/\/www.europesays.com\/pt\/wp-json\/wp\/v2\/posts\/142466\/revisions"}],"wp:featuredmedia":[{"embeddable":true,"href":"https:\/\/www.europesays.com\/pt\/wp-json\/wp\/v2\/media\/142467"}],"wp:attachment":[{"href":"https:\/\/www.europesays.com\/pt\/wp-json\/wp\/v2\/media?parent=142466"}],"wp:term":[{"taxonomy":"category","embeddable":true,"href":"https:\/\/www.europesays.com\/pt\/wp-json\/wp\/v2\/categories?post=142466"},{"taxonomy":"post_tag","embeddable":true,"href":"https:\/\/www.europesays.com\/pt\/wp-json\/wp\/v2\/tags?post=142466"}],"curies":[{"name":"wp","href":"https:\/\/api.w.org\/{rel}","templated":true}]}}