{"id":142484,"date":"2025-11-07T02:32:18","date_gmt":"2025-11-07T02:32:18","guid":{"rendered":"https:\/\/www.europesays.com\/pt\/142484\/"},"modified":"2025-11-07T02:32:18","modified_gmt":"2025-11-07T02:32:18","slug":"meghan-markle-volta-a-representacao-sete-anos-apos-deixar-a-carreira-de-atriz","status":"publish","type":"post","link":"https:\/\/www.europesays.com\/pt\/142484\/","title":{"rendered":"Meghan Markle volta \u00e0 representa\u00e7\u00e3o sete anos ap\u00f3s deixar a carreira de atriz"},"content":{"rendered":"<p data-remotead-prev-elm=\"true\" data-remotead-elm-id=\"inread\">Meghan Markle voltou a fazer aquilo que a tornou conhecida. A duquesa de Sussex, de 44 anos, foi vista no in\u00edcio da semana num est\u00fadio em Pasadena, na Calif\u00f3rnia, durante as filmagens da com\u00e9dia &#8220;Close Personal Friends&#8221;.<\/p>\n<p>Segundo o jornal brit\u00e2nico &#8220;The Sun&#8221;, Meghan tem uma pequena participa\u00e7\u00e3o no filme, produzido pela Amazon-MGM Studios, e interpreta-se a si pr\u00f3pria. Uma fonte citada pela revista &#8220;People&#8221; revelou que a antiga atriz &#8220;estava muito descontra\u00edda e feliz, apresentou-se a toda a equipa e mostrou-se doce e acess\u00edvel&#8221;.<\/p>\n<p>A longa-metragem conta ainda com Brie Larson, Lily Collins, Jack Quaid e Henry Golding no elenco principal. A hist\u00f3ria acompanha um casal que, durante umas f\u00e9rias em Santa B\u00e1rbara, acaba por fazer amizade com um casal famoso, um enredo que faz lembrar a pr\u00f3pria vida dos duques de Sussex, que vivem em Montecito, na mesma regi\u00e3o.<\/p>\n<p>&#8220;Um momento marcante&#8221; na vida da duquesa<\/p>\n<p data-remotead-prev-elm=\"true\" data-remotead-elm-id=\"centro1\">O papel em &#8220;Close Personal Friends&#8221; marca o regresso de Meghan Markle \u00e0 representa\u00e7\u00e3o, sete anos depois de se ter despedido da s\u00e9rie &#8220;Suits&#8221;, onde deu vida \u00e0 personagem Rachel Zane. Pouco antes do casamento com o pr\u00edncipe Harry, em 2018, Meghan anunciou que deixaria a carreira de atriz, dizendo que n\u00e3o via essa decis\u00e3o &#8220;como uma perda, mas como uma mudan\u00e7a&#8221;.<\/p>\n<p>Numa entrevista \u00e0 BBC, explicou que, depois de sete temporadas, sentiu que &#8220;tinha fechado um ciclo&#8221; e queria dedicar-se a novos projetos em conjunto com o marido. J\u00e1 em 2022, quando questionada pela revista &#8220;Variety&#8221; sobre um eventual regresso, foi perent\u00f3ria: &#8220;Terminei a minha carreira na representa\u00e7\u00e3o. Nunca digas nunca, mas a minha inten\u00e7\u00e3o \u00e9, absolutamente, n\u00e3o voltar.&#8221;<\/p>\n<p>Ainda assim, uma fonte pr\u00f3xima da produ\u00e7\u00e3o disse ao &#8220;The Sun&#8221; que este convite &#8220;chegou no momento certo&#8221; e que representa &#8220;um regresso ao que Meghan sempre gostou de fazer&#8221;.<\/p>\n<p data-remotead-prev-elm=\"true\" data-remotead-elm-id=\"centro2\">Desde que deixou as fun\u00e7\u00f5es oficiais na Casa Real brit\u00e2nica, Meghan Markle tem mantido uma presen\u00e7a regular no ecr\u00e3, sobretudo atrav\u00e9s da produtora Archewell, criada com o pr\u00edncipe Harry.<\/p>\n<p>Em parceria com a Netflix, o casal lan\u00e7ou document\u00e1rios e o programa de lifestyle &#8220;With Love, Meghan&#8221;, onde a duquesa recebe amigos em casa para partilhar receitas, rotinas e dicas de bem-estar. Est\u00e1 j\u00e1 confirmado um epis\u00f3dio especial de Natal a estrear em dezembro.<\/p>\n","protected":false},"excerpt":{"rendered":"Meghan Markle voltou a fazer aquilo que a tornou conhecida. A duquesa de Sussex, de 44 anos, foi&hellip;\n","protected":false},"author":2,"featured_media":142485,"comment_status":"","ping_status":"","sticky":false,"template":"","format":"standard","meta":{"footnotes":""},"categories":[145],"tags":[813,8662,211,210,114,115,2595,710,32,33],"class_list":{"0":"post-142484","1":"post","2":"type-post","3":"status-publish","4":"format-standard","5":"has-post-thumbnail","7":"category-celebridades","8":"tag-atriz","9":"tag-california","10":"tag-celebridades","11":"tag-celebrities","12":"tag-entertainment","13":"tag-entretenimento","14":"tag-hollywood","15":"tag-meghan-markle","16":"tag-portugal","17":"tag-pt"},"share_on_mastodon":{"url":"https:\/\/pubeurope.com\/@pt\/115506075562347718","error":""},"_links":{"self":[{"href":"https:\/\/www.europesays.com\/pt\/wp-json\/wp\/v2\/posts\/142484","targetHints":{"allow":["GET"]}}],"collection":[{"href":"https:\/\/www.europesays.com\/pt\/wp-json\/wp\/v2\/posts"}],"about":[{"href":"https:\/\/www.europesays.com\/pt\/wp-json\/wp\/v2\/types\/post"}],"author":[{"embeddable":true,"href":"https:\/\/www.europesays.com\/pt\/wp-json\/wp\/v2\/users\/2"}],"replies":[{"embeddable":true,"href":"https:\/\/www.europesays.com\/pt\/wp-json\/wp\/v2\/comments?post=142484"}],"version-history":[{"count":0,"href":"https:\/\/www.europesays.com\/pt\/wp-json\/wp\/v2\/posts\/142484\/revisions"}],"wp:featuredmedia":[{"embeddable":true,"href":"https:\/\/www.europesays.com\/pt\/wp-json\/wp\/v2\/media\/142485"}],"wp:attachment":[{"href":"https:\/\/www.europesays.com\/pt\/wp-json\/wp\/v2\/media?parent=142484"}],"wp:term":[{"taxonomy":"category","embeddable":true,"href":"https:\/\/www.europesays.com\/pt\/wp-json\/wp\/v2\/categories?post=142484"},{"taxonomy":"post_tag","embeddable":true,"href":"https:\/\/www.europesays.com\/pt\/wp-json\/wp\/v2\/tags?post=142484"}],"curies":[{"name":"wp","href":"https:\/\/api.w.org\/{rel}","templated":true}]}}