{"id":142492,"date":"2025-11-07T02:46:16","date_gmt":"2025-11-07T02:46:16","guid":{"rendered":"https:\/\/www.europesays.com\/pt\/142492\/"},"modified":"2025-11-07T02:46:16","modified_gmt":"2025-11-07T02:46:16","slug":"adriane-galisteu-relembra-noticia-da-morte-de-ayrton-senna","status":"publish","type":"post","link":"https:\/\/www.europesays.com\/pt\/142492\/","title":{"rendered":"Adriane Galisteu relembra not\u00edcia da morte de Ayrton Senna"},"content":{"rendered":"<p>A apresentadora Adriane Galisteu relembrou como recebeu a not\u00edcia da morte de Ayrton Senna. O momento foi narrado por ela no segundo epis\u00f3dio da s\u00e9rie documental Meu Ayrton por Adriane Galisteu, que estreou na HBO Max nesta quinta (6\/11).<\/p>\n<p>Adriane estava em Algarve, em Portugal, no dia 1\u00ba de maio de 1994. Senna corria em \u00cdmola, na It\u00e1lia. A apresentadora disse que pediu para que o piloto n\u00e3o corresse por conta de um acidente envolvendo um piloto austr\u00edaco, Roland Ratzenberger, um dia antes da morte do \u00eddolo brasileiro.<\/p>\n<p>&#8220;Eu acho que ele poderia n\u00e3o ter corrido&#8221;, disse Adriane. &#8220;Isso foi motivo de discuss\u00e3o. Ele ficou bravo comigo no telefone, porque ele tamb\u00e9m j\u00e1 estava bravo com tudo o que estava acontecendo. Foi a primeira vez que ele me telefonou dez minutos antes da corrida come\u00e7ar. Isso era uma coisa imposs\u00edvel de acontecer&#8221;, disse.<\/p>\n<p>Adriane contou que chegou a ver o fat\u00eddico acidente pela televis\u00e3o. &#8220;Por infantilidade ou ignor\u00e2ncia, me deu um &#8216;al\u00edvio&#8217;. Eu pensei: &#8216;Que bom, ele vai chegar mais cedo em casa'&#8221;, disse ela, que narrou ter entrado no banho logo em seguida. De repente, a apresentadora afirmou que come\u00e7ou a ouvir toques de telefone, fax e de pessoas tocando sua campainha. Ao atender o telefone, a m\u00e3e de Adriane lhe disse: &#8220;S\u00f3 um milagre&#8221;.<\/p>\n<p>&#8220;Para mim, ele era imortal. Para mim, ele morreria de velhice&#8221;, comentou a apresentadora. Ela chegou a fazer uma &#8220;mala&#8221; com roupas do piloto por pensar que Senna ficaria internado por alguns dias no hospital.<\/p>\n<p>Ao entrar no avi\u00e3o a caminho de \u00cdmola, Adriane foi chamada na torre de controle do aeroporto. Luiza, mulher do empres\u00e1rio Braguinha, grande amigo do piloto, atendeu ao telefonema. Braguinha pediu para que as duas n\u00e3o fossem \u00e0 It\u00e1lia, j\u00e1 que a fam\u00edlia &#8220;n\u00e3o queria Adriane l\u00e1&#8221; e informou a morte de Senna.<\/p>\n<p>&#8220;Eu perguntei: &#8216;Braga, como ele est\u00e1?&#8217;. Ele falou: &#8216;Ele n\u00e3o est\u00e1. Ele morreu'&#8221;, narrou a apresentadora. A pedido da fam\u00edlia, Adriane e Luiza tiveram de deixar a casa do piloto em Algarve.<\/p>\n<p>&#8220;Meu Ayrton por Adriane Galisteu&#8221; aborda esse e outros momentos do namoro entre a apresentadora e Senna. O document\u00e1rio chegou ap\u00f3s controv\u00e9rsias de &#8220;Senna&#8221;, s\u00e9rie da Netflix que deu pouco tempo de tela para a personagem de Adriane.<\/p>\n<p>&#8220;Eu comecei a perceber uma for\u00e7a das pessoas na rua, de uma gera\u00e7\u00e3o que n\u00e3o acompanhou a minha hist\u00f3ria, uma gera\u00e7\u00e3o mais jovem, que queria saber mais da vida dele&#8221;, comentou Adriane em entrevista por telefone ao Estad\u00e3o. <strong>(Estad\u00e3o Conte\u00fado)<\/strong><\/p>\n<p>\u00a0<\/p>\n","protected":false},"excerpt":{"rendered":"A apresentadora Adriane Galisteu relembrou como recebeu a not\u00edcia da morte de Ayrton Senna. O momento foi narrado&hellip;\n","protected":false},"author":2,"featured_media":142493,"comment_status":"","ping_status":"","sticky":false,"template":"","format":"standard","meta":{"footnotes":""},"categories":[145],"tags":[3433,3434,211,210,114,115,32,33,31484],"class_list":{"0":"post-142492","1":"post","2":"type-post","3":"status-publish","4":"format-standard","5":"has-post-thumbnail","7":"category-celebridades","8":"tag-adriane-galisteu","9":"tag-ayrton-senna","10":"tag-celebridades","11":"tag-celebrities","12":"tag-entertainment","13":"tag-entretenimento","14":"tag-portugal","15":"tag-pt","16":"tag-senna"},"share_on_mastodon":{"url":"https:\/\/pubeurope.com\/@pt\/115506130651476442","error":""},"_links":{"self":[{"href":"https:\/\/www.europesays.com\/pt\/wp-json\/wp\/v2\/posts\/142492","targetHints":{"allow":["GET"]}}],"collection":[{"href":"https:\/\/www.europesays.com\/pt\/wp-json\/wp\/v2\/posts"}],"about":[{"href":"https:\/\/www.europesays.com\/pt\/wp-json\/wp\/v2\/types\/post"}],"author":[{"embeddable":true,"href":"https:\/\/www.europesays.com\/pt\/wp-json\/wp\/v2\/users\/2"}],"replies":[{"embeddable":true,"href":"https:\/\/www.europesays.com\/pt\/wp-json\/wp\/v2\/comments?post=142492"}],"version-history":[{"count":0,"href":"https:\/\/www.europesays.com\/pt\/wp-json\/wp\/v2\/posts\/142492\/revisions"}],"wp:featuredmedia":[{"embeddable":true,"href":"https:\/\/www.europesays.com\/pt\/wp-json\/wp\/v2\/media\/142493"}],"wp:attachment":[{"href":"https:\/\/www.europesays.com\/pt\/wp-json\/wp\/v2\/media?parent=142492"}],"wp:term":[{"taxonomy":"category","embeddable":true,"href":"https:\/\/www.europesays.com\/pt\/wp-json\/wp\/v2\/categories?post=142492"},{"taxonomy":"post_tag","embeddable":true,"href":"https:\/\/www.europesays.com\/pt\/wp-json\/wp\/v2\/tags?post=142492"}],"curies":[{"name":"wp","href":"https:\/\/api.w.org\/{rel}","templated":true}]}}