{"id":142494,"date":"2025-11-07T02:53:40","date_gmt":"2025-11-07T02:53:40","guid":{"rendered":"https:\/\/www.europesays.com\/pt\/142494\/"},"modified":"2025-11-07T02:53:40","modified_gmt":"2025-11-07T02:53:40","slug":"real-madrid-proximo-de-chegar-a-acordo-verbal-para-contratar-reforco-a-custo-zero-em-2026","status":"publish","type":"post","link":"https:\/\/www.europesays.com\/pt\/142494\/","title":{"rendered":"Real Madrid pr\u00f3ximo de chegar a acordo verbal para contratar refor\u00e7o a custo zero em 2026"},"content":{"rendered":"<p>&#8211; Advertisement &#8211;<\/p>\n<p>O Real Madrid aproxima-se da contrata\u00e7\u00e3o de Dayot Upamecano. De acordo com o Footmercato, o central e o emblema espanhol est\u00e3o pr\u00f3ximos de um acordo verbal para a chegada do defesa aos merengues.<\/p>\n<p>O neg\u00f3cio n\u00e3o est\u00e1 fechado e, s\u00f3 a partir do dia 1 de janeiro, \u00e9 que um pr\u00e9-contrato pode ser assinado. Ainda assim, o Real Madrid distanciou-se <a href=\"https:\/\/bolanarede.pt\/especial-bola-na-rede\/atualidade\/as-4-opcoes-para-o-futuro-de-dayot-upamecano-com-um-treinador-portugues-em-cima-da-mesa\/\" target=\"_blank\" rel=\"noreferrer noopener nofollow\">dos concorrentes<\/a> e est\u00e1 na pole position neste momento. Recorde-se que o sonho do central passa, precisamente, <a href=\"https:\/\/bolanarede.pt\/especial-bola-na-rede\/atualidade\/dayot-upamecano-esta-em-final-de-contrato-com-o-bayern-munique-e-ja-definiu-proximo-passo-da-carreira\/\" target=\"_blank\" rel=\"noreferrer noopener nofollow\">por rumar ao conjunto espanhol.<\/a><\/p>\n<p>O Bayern Munique ainda n\u00e3o desistiu de renovar contrato com Dayot Upamecano, cujo v\u00ednculo atual termina no final da \u00e9poca. O defesa de 27 anos soma 14 jogos pelo clube nesta temporada. <\/p>\n<blockquote class=\"twitter-tweet\" data-width=\"550\" data-dnt=\"true\">\n<p lang=\"fr\" dir=\"ltr\">\ud83d\udea8\ud83d\udd34\ud83c\uddeb\ud83c\uddf7 <a href=\"https:\/\/twitter.com\/hashtag\/Bundesliga?src=hash&amp;ref_src=twsrc%5Etfw\" rel=\"nofollow noopener\" target=\"_blank\">#Bundesliga<\/a> |<\/p>\n<p>\ud83d\udd10 Le Real Madrid et Dayot Upamecano sont proches d&#8217;un accord verbal<\/p>\n<p>\u2757\ufe0fLe Real Madrid est pour le moment en p\u00f4le position pour recruter l&#8217;international francais<\/p>\n<p>\u27a1\ufe0f Le Bayern Munich tente toujours de le prolonger. Le PSG suit sa situation de pr\u00e8s.\u2026 <a href=\"https:\/\/t.co\/uW4NLffuDv\" rel=\"nofollow\">pic.twitter.com\/uW4NLffuDv<\/a><\/p>\n<p>\u2014 Santi Aouna (@Santi_J_FM) <a href=\"https:\/\/twitter.com\/Santi_J_FM\/status\/1986100535049572787?ref_src=twsrc%5Etfw\" rel=\"nofollow noopener\" target=\"_blank\">November 5, 2025<\/a><\/p><\/blockquote>\n<p><script async src=\"https:\/\/platform.twitter.com\/widgets.js\" charset=\"utf-8\"><\/script><\/p>\n","protected":false},"excerpt":{"rendered":"&#8211; Advertisement &#8211; O Real Madrid aproxima-se da contrata\u00e7\u00e3o de Dayot Upamecano. De acordo com o Footmercato, o&hellip;\n","protected":false},"author":2,"featured_media":142495,"comment_status":"","ping_status":"","sticky":false,"template":"","format":"standard","meta":{"footnotes":""},"categories":[87],"tags":[260,2438,1848,31485,135,5705,32,33,2007,134],"class_list":{"0":"post-142494","1":"post","2":"type-post","3":"status-publish","4":"format-standard","5":"has-post-thumbnail","7":"category-desporto","8":"tag-atualidade","9":"tag-bayern-munique","10":"tag-bundesliga","11":"tag-dayot-upamecano","12":"tag-desporto","13":"tag-la-liga","14":"tag-portugal","15":"tag-pt","16":"tag-real-madrid","17":"tag-sports"},"share_on_mastodon":{"url":"https:\/\/pubeurope.com\/@pt\/115506158973551513","error":""},"_links":{"self":[{"href":"https:\/\/www.europesays.com\/pt\/wp-json\/wp\/v2\/posts\/142494","targetHints":{"allow":["GET"]}}],"collection":[{"href":"https:\/\/www.europesays.com\/pt\/wp-json\/wp\/v2\/posts"}],"about":[{"href":"https:\/\/www.europesays.com\/pt\/wp-json\/wp\/v2\/types\/post"}],"author":[{"embeddable":true,"href":"https:\/\/www.europesays.com\/pt\/wp-json\/wp\/v2\/users\/2"}],"replies":[{"embeddable":true,"href":"https:\/\/www.europesays.com\/pt\/wp-json\/wp\/v2\/comments?post=142494"}],"version-history":[{"count":0,"href":"https:\/\/www.europesays.com\/pt\/wp-json\/wp\/v2\/posts\/142494\/revisions"}],"wp:featuredmedia":[{"embeddable":true,"href":"https:\/\/www.europesays.com\/pt\/wp-json\/wp\/v2\/media\/142495"}],"wp:attachment":[{"href":"https:\/\/www.europesays.com\/pt\/wp-json\/wp\/v2\/media?parent=142494"}],"wp:term":[{"taxonomy":"category","embeddable":true,"href":"https:\/\/www.europesays.com\/pt\/wp-json\/wp\/v2\/categories?post=142494"},{"taxonomy":"post_tag","embeddable":true,"href":"https:\/\/www.europesays.com\/pt\/wp-json\/wp\/v2\/tags?post=142494"}],"curies":[{"name":"wp","href":"https:\/\/api.w.org\/{rel}","templated":true}]}}