{"id":142500,"date":"2025-11-07T03:04:16","date_gmt":"2025-11-07T03:04:16","guid":{"rendered":"https:\/\/www.europesays.com\/pt\/142500\/"},"modified":"2025-11-07T03:04:16","modified_gmt":"2025-11-07T03:04:16","slug":"segredo-de-ana-cristina-desvendado-em-secret-story-saiba-qual-e-e-descubra-quem-acertou","status":"publish","type":"post","link":"https:\/\/www.europesays.com\/pt\/142500\/","title":{"rendered":"Segredo de Ana Cristina desvendado em &#8220;Secret Story&#8221;: saiba qual \u00e9&#8230; e descubra quem acertou!"},"content":{"rendered":"<p>O som do bot\u00e3o dos segredos ecoou, esta quinta-feira, dia 6, durante o programa &#8220;\u00daltima Hora&#8221;, dedicado \u00e0 nona edi\u00e7\u00e3o de &#8220;Secret Story &#8211; Casa dos Segredos&#8221;.<\/p>\n<p>No confession\u00e1rio, <a href=\"https:\/\/selfie.iol.pt\/famosos\/casa-dos-segredos-9\/reviravolta-em-secret-story-ines-assume-fim-do-namoro-e-pede-para-escrever-carta-ao-ex\/20251104\/690a6b48d34e2bd5c6d3a14d\" target=\"_blank\" rel=\"nofollow noopener\">In\u00eas Gama<\/a> manifestou a inten\u00e7\u00e3o de tentar adivinhar o enigma que Ana Cristina Ferreira escondia dos demais concorrentes do reality show da <a href=\"https:\/\/tvi.iol.pt\/\" target=\"_blank\" rel=\"nofollow noopener\">TVI<\/a>. A jovem apostou na teoria &#8220;J\u00e1 vendi os meus \u00f3vulos&#8221;, tendo confrontado a colega com as pistas que foram deixadas, nos \u00faltimos dias, na casa mais vigiada do Pa\u00eds.<\/p>\n<p>J\u00e1 na sala, Ana Cristina Ferreira ainda negou que aquele fosse o respetivo segredo, mas a Voz contrariou esta resposta. Por ter acertado no enigma da advers\u00e1ria, <a href=\"https:\/\/selfie.iol.pt\/famosos\/casa-dos-segredos-9\/secret-story-explosivo-vera-arrasa-ines-apos-reviravolta-aproveitadora-de-sentimentos\/20251105\/690b95f0d34e2bd5c6d3abda\" target=\"_blank\" rel=\"nofollow noopener\">In\u00eas Gama<\/a> ficou com todo o dinheiro dela.<\/p>\n<p>Recorde-se que &#8220;Fiz doa\u00e7\u00f5es de \u00f3vulos por dinheiro&#8221; foi a frase com que Cristina Ferreira apresentou este segredo, na gala de estreia de &#8220;<a href=\"https:\/\/tvi.iol.pt\/secretstory\/\" target=\"_blank\" rel=\"nofollow noopener\">Secret Story<\/a> &#8211; Casa dos Segredos&#8221;.<\/p>\n<p>Veja, agora, o v\u00eddeo do referido momento.<\/p>\n","protected":false},"excerpt":{"rendered":"O som do bot\u00e3o dos segredos ecoou, esta quinta-feira, dia 6, durante o programa &#8220;\u00daltima Hora&#8221;, dedicado \u00e0&hellip;\n","protected":false},"author":2,"featured_media":142501,"comment_status":"","ping_status":"","sticky":false,"template":"","format":"standard","meta":{"footnotes":""},"categories":[142],"tags":[19725,31505,2632,13471,166,114,115,980,15353,25393,32,33,1014,1315,6985,16687,16686,7958,1012,6986,16688,151,162,2512],"class_list":{"0":"post-142500","1":"post","2":"type-post","3":"status-publish","4":"format-standard","5":"has-post-thumbnail","7":"category-tv","8":"tag-ana-cristina","9":"tag-ana-cristina-ferreira","10":"tag-casa-dos-segredos","11":"tag-casa-dos-segredos-9","12":"tag-cristina-ferreira","13":"tag-entertainment","14":"tag-entretenimento","15":"tag-famosos","16":"tag-ines","17":"tag-ines-gama","18":"tag-portugal","19":"tag-pt","20":"tag-reality-show","21":"tag-secret-story","22":"tag-secret-story-casa-dos-segredos","23":"tag-secret-story-casa-dos-segredos-9","24":"tag-secret-story-9","25":"tag-segredo","26":"tag-selfie","27":"tag-ss","28":"tag-ss9","29":"tag-tv","30":"tag-tvi","31":"tag-ultima-hora"},"share_on_mastodon":{"url":"https:\/\/pubeurope.com\/@pt\/115506201472252860","error":""},"_links":{"self":[{"href":"https:\/\/www.europesays.com\/pt\/wp-json\/wp\/v2\/posts\/142500","targetHints":{"allow":["GET"]}}],"collection":[{"href":"https:\/\/www.europesays.com\/pt\/wp-json\/wp\/v2\/posts"}],"about":[{"href":"https:\/\/www.europesays.com\/pt\/wp-json\/wp\/v2\/types\/post"}],"author":[{"embeddable":true,"href":"https:\/\/www.europesays.com\/pt\/wp-json\/wp\/v2\/users\/2"}],"replies":[{"embeddable":true,"href":"https:\/\/www.europesays.com\/pt\/wp-json\/wp\/v2\/comments?post=142500"}],"version-history":[{"count":0,"href":"https:\/\/www.europesays.com\/pt\/wp-json\/wp\/v2\/posts\/142500\/revisions"}],"wp:featuredmedia":[{"embeddable":true,"href":"https:\/\/www.europesays.com\/pt\/wp-json\/wp\/v2\/media\/142501"}],"wp:attachment":[{"href":"https:\/\/www.europesays.com\/pt\/wp-json\/wp\/v2\/media?parent=142500"}],"wp:term":[{"taxonomy":"category","embeddable":true,"href":"https:\/\/www.europesays.com\/pt\/wp-json\/wp\/v2\/categories?post=142500"},{"taxonomy":"post_tag","embeddable":true,"href":"https:\/\/www.europesays.com\/pt\/wp-json\/wp\/v2\/tags?post=142500"}],"curies":[{"name":"wp","href":"https:\/\/api.w.org\/{rel}","templated":true}]}}