{"id":142506,"date":"2025-11-07T03:15:15","date_gmt":"2025-11-07T03:15:15","guid":{"rendered":"https:\/\/www.europesays.com\/pt\/142506\/"},"modified":"2025-11-07T03:15:15","modified_gmt":"2025-11-07T03:15:15","slug":"madalena-aragao-comete-loucura-por-amor-se-ela-se-sente-feliz","status":"publish","type":"post","link":"https:\/\/www.europesays.com\/pt\/142506\/","title":{"rendered":"Madalena Arag\u00e3o comete &#8216;loucura&#8217; por amor? \u00abSe ela se sente feliz&#8230;\u00bb"},"content":{"rendered":"<p data-end=\"504\" data-start=\"118\">A atriz <a href=\"https:\/\/tvi.iol.pt\/vmais\/videos\/madalena-aragao-nao-se-conteve-e-deixou-recado-tenso-ao-ex-namorado\/690894170cf229bd2f8d35c4\" rel=\"nofollow noopener\" target=\"_blank\"><strong data-end=\"145\" data-start=\"126\">Madalena Arag\u00e3o<\/strong><\/a>, de 20 anos, deu um passo importante na sua vida pessoal e profissional. Segundo foi revelado por <strong data-end=\"271\" data-start=\"246\">Adriano Silva Martins<\/strong> no programa <strong><a href=\"https:\/\/tvi.iol.pt\/vmais\/programa\/v-fama\/66aa431ed34ea1acf26cda0d\" target=\"_blank\" rel=\"nofollow noopener\">V+ Fama<\/a><\/strong>,\u00a0esta quinta-feira, 6 de novembro, <strong data-end=\"410\" data-start=\"357\">a jovem atriz mudou-se definitivamente para Paris<\/strong>, cidade onde vive o namorado, <strong data-end=\"455\" data-start=\"441\">Jo\u00e3o Neves<\/strong>, futebolista do <strong data-end=\"501\" data-start=\"472\">Paris Saint-Germain (PSG)<\/strong>: <strong>\u00ab<\/strong><strong data-end=\"662\" data-start=\"508\">A atriz disse no in\u00edcio da rela\u00e7\u00e3o que iria passar muito tempo na capital francesa, mas o que \u00e9 certo \u00e9 que este muito tempo, afinal, \u00e9 o tempo todo\u00bb<\/strong>, afirmou Adriano Silva Martins.<\/p>\n<p data-end=\"1028\" data-start=\"900\">A not\u00edcia n\u00e3o passou despercebida no painel do programa, onde <strong data-end=\"986\" data-start=\"962\">Ant\u00f3nio Leal e Silva<\/strong> mostrou total apoio \u00e0 decis\u00e3o da atriz: \u201c<strong data-end=\"1218\" data-start=\"1032\">Ela fez lindamente. O lugar dela \u00e9 em Paris, ao p\u00e9 do Jo\u00e3o. Se ela se sente feliz, est\u00e1 satisfeita, est\u00e1 completa e est\u00e1 bem, tem mais \u00e9 que apostar na rela\u00e7\u00e3o, apostar no amor deles<\/strong>\u201d, afirmou o comentador, defendendo que a felicidade pessoal deve vir em primeiro lugar.<br data-end=\"1309\" data-start=\"1306\"\/> \u201c<strong data-end=\"1388\" data-start=\"1312\">Se gosta, se est\u00e1 bem ao p\u00e9 dele, que fique em Paris, eu tamb\u00e9m ficava!<\/strong>\u201d, brincou, arrancando sorrisos em est\u00fadio.<\/p>\n<p data-end=\"1573\" data-start=\"1435\">Contudo, <strong data-end=\"1463\" data-start=\"1444\">Isabel Figueira<\/strong> trouxe uma perspetiva diferente, sublinhando que Madalena n\u00e3o deve deixar de lado o seu percurso art\u00edstico: \u201c<strong data-end=\"1795\" data-start=\"1577\">A Madalena tem aqui uma possibilidade incr\u00edvel de fazer crescer a sua carreira internacionalmente. Pode estudar cinema, fazer workshops em Paris e aproveitar o tempo enquanto o Jo\u00e3o treina para investir em si mesma<\/strong>\u201d, sugeriu a tamb\u00e9m atriz e comentadora.<\/p>\n<p data-end=\"1944\" data-start=\"1839\">A comentadora fez ainda quest\u00e3o de destacar a import\u00e2ncia de <strong data-end=\"1941\" data-start=\"1895\">n\u00e3o abdicar da sua identidade pessoal e profissional em prol do outro<\/strong>: \u201c<strong data-end=\"2111\" data-start=\"1948\">Com 20 anos, est\u00e1 numa fase de absorver conhecimento e experi\u00eancias. E n\u00e3o vejo a Madalena como o tipo de mulher que \u00e9 apenas namorada de um jogador de futebol<\/strong>\u201d, afirmou convicta.<\/p>\n<p data-end=\"2209\" data-start=\"2135\">Num tom mais pessoal, deixou tamb\u00e9m um <strong data-end=\"2206\" data-start=\"2173\">conselho direto \u00e0 jovem atriz<\/strong>: \u201c<strong data-end=\"2446\" data-start=\"2213\">Nunca deixes o teu trabalho, nem deixes de ser a pessoa que \u00e9s, por causa de algu\u00e9m. O Jo\u00e3o n\u00e3o vai deixar de ser jogador por ti, e tu n\u00e3o deves deixar de ser atriz,\u00a0 porque \u00e9s uma excelente atriz, completa e com uma imagem forte<\/strong>.\u201d<\/p>\n<p data-end=\"2630\" data-is-last-node=\"\" data-is-only-node=\"\" data-start=\"2452\">Assim, entre o amor e a ambi\u00e7\u00e3o, <strong data-end=\"2549\" data-start=\"2485\">Madalena Arag\u00e3o come\u00e7a um novo cap\u00edtulo da sua vida em Paris<\/strong>, uma cidade que poder\u00e1 vir a marcar tanto o seu cora\u00e7\u00e3o como a sua carreira.<\/p>\n<p data-end=\"2630\" data-is-last-node=\"\" data-is-only-node=\"\" data-start=\"2452\">Esta n\u00e3o \u00e9 a primeira vez que o casal \u00e9 alvo de coment\u00e1rios no programa do V+ dedicado aos famosos.\u00a0<\/p>\n","protected":false},"excerpt":{"rendered":"A atriz Madalena Arag\u00e3o, de 20 anos, deu um passo importante na sua vida pessoal e profissional. Segundo&hellip;\n","protected":false},"author":2,"featured_media":142507,"comment_status":"","ping_status":"","sticky":false,"template":"","format":"standard","meta":{"footnotes":""},"categories":[145],"tags":[73,72,66,1651,211,210,114,115,77,69,8374,75,680,71,67,2458,32,33,5870,76,74,70,35,78,68],"class_list":{"0":"post-142506","1":"post","2":"type-post","3":"status-publish","4":"format-standard","5":"has-post-thumbnail","7":"category-celebridades","8":"tag-a-jornada","9":"tag-bate-bola","10":"tag-bom-dia-alegria","11":"tag-casal","12":"tag-celebridades","13":"tag-celebrities","14":"tag-entertainment","15":"tag-entretenimento","16":"tag-estudio-estadio","17":"tag-fanaticos","18":"tag-joao-neves","19":"tag-livre-e-direto","20":"tag-madalena-aragao","21":"tag-nova-geracao","22":"tag-para-si","23":"tag-paris","24":"tag-portugal","25":"tag-pt","26":"tag-relacao","27":"tag-segredos-do-prazer","28":"tag-segue-o-jogo","29":"tag-super-craques","30":"tag-transferencias","31":"tag-v-fama","32":"tag-var-aberto"},"share_on_mastodon":{"url":"https:\/\/pubeurope.com\/@pt\/115506244677764995","error":""},"_links":{"self":[{"href":"https:\/\/www.europesays.com\/pt\/wp-json\/wp\/v2\/posts\/142506","targetHints":{"allow":["GET"]}}],"collection":[{"href":"https:\/\/www.europesays.com\/pt\/wp-json\/wp\/v2\/posts"}],"about":[{"href":"https:\/\/www.europesays.com\/pt\/wp-json\/wp\/v2\/types\/post"}],"author":[{"embeddable":true,"href":"https:\/\/www.europesays.com\/pt\/wp-json\/wp\/v2\/users\/2"}],"replies":[{"embeddable":true,"href":"https:\/\/www.europesays.com\/pt\/wp-json\/wp\/v2\/comments?post=142506"}],"version-history":[{"count":0,"href":"https:\/\/www.europesays.com\/pt\/wp-json\/wp\/v2\/posts\/142506\/revisions"}],"wp:featuredmedia":[{"embeddable":true,"href":"https:\/\/www.europesays.com\/pt\/wp-json\/wp\/v2\/media\/142507"}],"wp:attachment":[{"href":"https:\/\/www.europesays.com\/pt\/wp-json\/wp\/v2\/media?parent=142506"}],"wp:term":[{"taxonomy":"category","embeddable":true,"href":"https:\/\/www.europesays.com\/pt\/wp-json\/wp\/v2\/categories?post=142506"},{"taxonomy":"post_tag","embeddable":true,"href":"https:\/\/www.europesays.com\/pt\/wp-json\/wp\/v2\/tags?post=142506"}],"curies":[{"name":"wp","href":"https:\/\/api.w.org\/{rel}","templated":true}]}}