{"id":142520,"date":"2025-11-07T03:43:28","date_gmt":"2025-11-07T03:43:28","guid":{"rendered":"https:\/\/www.europesays.com\/pt\/142520\/"},"modified":"2025-11-07T03:43:28","modified_gmt":"2025-11-07T03:43:28","slug":"marisa-cruz-faz-mudanca-radical-de-visual-comeca-agora-um-novo-capitulo","status":"publish","type":"post","link":"https:\/\/www.europesays.com\/pt\/142520\/","title":{"rendered":"Marisa Cruz faz mudan\u00e7a radical de visual: &#8220;Come\u00e7a agora um novo cap\u00edtulo&#8221;"},"content":{"rendered":"<p><a href=\"https:\/\/selfie.iol.pt\/famosos\/monica-jardim\/apos-um-ano-marisa-cruz-cumplice-de-pessoa-especial-e-tao-bom-e-tao-raro\/20251102\/69072ad4d34e3caad84acded\" target=\"_blank\" rel=\"nofollow noopener\">Marisa Cruz<\/a> surpreendeu os seguidores com uma mudan\u00e7a radical de visual.<\/p>\n<p>A apresentadora e atriz disse adeus ao cabelo comprido e adotou um bob, o corte que est\u00e1 a fazer furor nesta esta\u00e7\u00e3o fria.<\/p>\n<p>&#8220;Se a vida pede mudan\u00e7a, eu obede\u00e7o\u2026&#8221;, come\u00e7ou por escrever Marisa Cruz, na legenda do v\u00eddeo que mostra a mudan\u00e7a de look.<\/p>\n<p>&#8220;Come\u00e7a agora um novo cap\u00edtulo&#8221;, rematou a atriz de 50 anos que viu a caixa de coment\u00e1rios ser inundada de elogios ao novo visual. &#8220;Lindona&#8221;; &#8220;Muito gata&#8221; ou &#8220;Adoro&#8221; s\u00e3o algumas das mensagens que se podem ler.<\/p>\n<p>Veja, agora, o novo look de <a href=\"https:\/\/selfie.iol.pt\/famosos\/marisa-cruz\/apos-meses-marisa-cruz-anuncia-importante-novidade-decidi-ganhar-coragem\/20251029\/6902342bd34ee0c2fed1d012\" target=\"_blank\" rel=\"nofollow noopener\">Marisa Cruz<\/a>.<\/p>\n<blockquote class=\"instagram-media\" data-instgrm-captioned=\"\" data-instgrm-permalink=\"https:\/\/www.instagram.com\/reel\/DQsOKMXCL9P\/?utm_source=ig_embed&amp;utm_campaign=loading\" data-instgrm-version=\"14\" style=\" background:#FFF; border:0; border-radius:3px; box-shadow:0 0 1px 0 rgba(0,0,0,0.5),0 1px 10px 0 rgba(0,0,0,0.15); margin: 1px; max-width:540px; min-width:326px; padding:0; width:99.375%; width:-webkit-calc(100% - 2px); width:calc(100% - 2px);\">\n<\/blockquote>\n<p>                        <script async src=\"\/\/www.instagram.com\/embed.js\"><\/script><\/p>\n","protected":false},"excerpt":{"rendered":"Marisa Cruz surpreendeu os seguidores com uma mudan\u00e7a radical de visual. A apresentadora e atriz disse adeus ao&hellip;\n","protected":false},"author":2,"featured_media":142521,"comment_status":"","ping_status":"","sticky":false,"template":"","format":"standard","meta":{"footnotes":""},"categories":[145],"tags":[211,210,114,115,980,1015,4319,2802,6218,619,32,33,1012],"class_list":{"0":"post-142520","1":"post","2":"type-post","3":"status-publish","4":"format-standard","5":"has-post-thumbnail","7":"category-celebridades","8":"tag-celebridades","9":"tag-celebrities","10":"tag-entertainment","11":"tag-entretenimento","12":"tag-famosos","13":"tag-instagram","14":"tag-look","15":"tag-marisa-cruz","16":"tag-mudanca-de-visual","17":"tag-nacional","18":"tag-portugal","19":"tag-pt","20":"tag-selfie"},"share_on_mastodon":{"url":"https:\/\/pubeurope.com\/@pt\/115506354783659169","error":""},"_links":{"self":[{"href":"https:\/\/www.europesays.com\/pt\/wp-json\/wp\/v2\/posts\/142520","targetHints":{"allow":["GET"]}}],"collection":[{"href":"https:\/\/www.europesays.com\/pt\/wp-json\/wp\/v2\/posts"}],"about":[{"href":"https:\/\/www.europesays.com\/pt\/wp-json\/wp\/v2\/types\/post"}],"author":[{"embeddable":true,"href":"https:\/\/www.europesays.com\/pt\/wp-json\/wp\/v2\/users\/2"}],"replies":[{"embeddable":true,"href":"https:\/\/www.europesays.com\/pt\/wp-json\/wp\/v2\/comments?post=142520"}],"version-history":[{"count":0,"href":"https:\/\/www.europesays.com\/pt\/wp-json\/wp\/v2\/posts\/142520\/revisions"}],"wp:featuredmedia":[{"embeddable":true,"href":"https:\/\/www.europesays.com\/pt\/wp-json\/wp\/v2\/media\/142521"}],"wp:attachment":[{"href":"https:\/\/www.europesays.com\/pt\/wp-json\/wp\/v2\/media?parent=142520"}],"wp:term":[{"taxonomy":"category","embeddable":true,"href":"https:\/\/www.europesays.com\/pt\/wp-json\/wp\/v2\/categories?post=142520"},{"taxonomy":"post_tag","embeddable":true,"href":"https:\/\/www.europesays.com\/pt\/wp-json\/wp\/v2\/tags?post=142520"}],"curies":[{"name":"wp","href":"https:\/\/api.w.org\/{rel}","templated":true}]}}