{"id":142538,"date":"2025-11-07T04:18:55","date_gmt":"2025-11-07T04:18:55","guid":{"rendered":"https:\/\/www.europesays.com\/pt\/142538\/"},"modified":"2025-11-07T04:18:55","modified_gmt":"2025-11-07T04:18:55","slug":"hospital-municipal-entrega-nova-etapa-de-reforma-dos-leitos","status":"publish","type":"post","link":"https:\/\/www.europesays.com\/pt\/142538\/","title":{"rendered":"Hospital Municipal entrega nova etapa de reforma dos leitos"},"content":{"rendered":"<p>&#13;<br \/>\n                        <b>Nei Jos\u00e9 Sant&#8217;Anna<\/b><br \/>&#13;<br \/>\n                Sa\u00fade&#13;\n            <\/p>\n<p>O Hospital Municipal Dr. Jos\u00e9 de Carvalho Florence, unidade da Prefeitura de S\u00e3o Jos\u00e9 dos Campos gerenciada pela SPDM (Associa\u00e7\u00e3o Paulista para o Desenvolvimento da Medicina), segue em ritmo acelerado de moderniza\u00e7\u00e3o. Nesta semana, foi conclu\u00edda mais uma etapa das obras de reforma e revitaliza\u00e7\u00e3o dos leitos, com a entrega de oito novos quartos totalmente reformados no setor da Cl\u00ednica 1.<\/p>\n<p>Com essa entrega, o hospital j\u00e1 contabiliza 44 quartos reformados (88 leitos) em diferentes setores: 18 na Cl\u00ednica 3, 18 na Cl\u00ednica 2 e agora 8 na Cl\u00ednica 1. Restam apenas 10 quartos neste \u00faltimo setor para que todo o conjunto de cl\u00ednicas seja completamente renovado.<\/p>\n<p>As melhorias incluem pintura no novo padr\u00e3o visual, troca de portas e materiais danificados, revis\u00e3o el\u00e9trica e hidr\u00e1ulica, bem como reparo nos banheiros para proporcionar mais conforto e seguran\u00e7a para pacientes e acompanhantes.<\/p>\n<p><img loading=\"lazy\" decoding=\"async\" src=\"https:\/\/www.europesays.com\/pt\/wp-content\/uploads\/2025\/11\/reforma-quartos-cl\u00ednica-1-1-1.jpg\" alt=\"\" width=\"500\" height=\"333\"\/><br \/>Os banheiros dos quartos tamb\u00e9m passaram por revis\u00e3o el\u00e9trica e hidr\u00e1ulica\u00a0 | Foto: Divulga\u00e7\u00e3o<\/p>\n<p>Expans\u00e3o energ\u00e9tica<\/p>\n<p>Em breve, o hospital tamb\u00e9m ter\u00e1 sua capacidade energ\u00e9tica ampliada com a constru\u00e7\u00e3o de uma nova cabine prim\u00e1ria. De acordo com a Prefeitura, o processo de contrata\u00e7\u00e3o da empresa respons\u00e1vel pela instala\u00e7\u00e3o do equipamento est\u00e1 em fase final de licita\u00e7\u00e3o.<\/p>\n<p>A nova estrutura permitir\u00e1 a climatiza\u00e7\u00e3o de todo o hospital, uma reivindica\u00e7\u00e3o antiga de pacientes e acompanhantes.<\/p>\n<p>Melhorias estruturais<\/p>\n<p>Nos \u00faltimos meses, o Hospital Municipal tem passado por uma s\u00e9rie de melhorias estruturais em diversos setores.<\/p>\n<p>O Centro Cir\u00fargico teve duas salas totalmente revitalizadas, enquanto na Maternidade os leitos receberam nova pintura, portas danificadas foram substitu\u00eddas e os banheiros reformados.<\/p>\n<p>No Pronto-Socorro Adulto, foram criados dois novos quartos de isolamento, ambos com banheiros individuais e antec\u00e2mara \u2014 ampliando a seguran\u00e7a e o controle de infec\u00e7\u00f5es.<\/p>\n<p><img loading=\"lazy\" decoding=\"async\" src=\"https:\/\/www.europesays.com\/pt\/wp-content\/uploads\/2025\/11\/reforma-quartos-cl\u00ednica-1-6-6.jpg\" alt=\"\" width=\"500\" height=\"333\"\/><br \/>Os corredores das cl\u00ednicas do Hospital Municipal receberam nova pintura\u00a0 | Foto: Divulga\u00e7\u00e3o<\/p>\n<p><img loading=\"lazy\" decoding=\"async\" src=\"https:\/\/www.europesays.com\/pt\/wp-content\/uploads\/2025\/11\/reforma-quartos-cl\u00ednica-1-10-10.jpg\" alt=\"\" width=\"500\" height=\"333\"\/><br \/>As portas e materiais danificados foram trocados: mais conforto para todos\u00a0 | Foto: Divulga\u00e7\u00e3o<\/p>\n<p>Reforma da recep\u00e7\u00e3o<\/p>\n<p>Outro destaque \u00e9 a reforma da recep\u00e7\u00e3o do Ambulat\u00f3rio, que est\u00e1 sendo realizada em duas etapas. Na primeira fase, est\u00e1 sendo ampliada a \u00e1rea de guarda-volumes, al\u00e9m da constru\u00e7\u00e3o de uma nova sala para a Ouvidoria (SAU) \u2014 espa\u00e7o dedicado a ouvir e acolher cr\u00edticas, sugest\u00f5es e elogios da popula\u00e7\u00e3o.<\/p>\n<p>Na segunda fase, a recep\u00e7\u00e3o ser\u00e1 reorganizada para otimizar o fluxo de atendimento, com a cria\u00e7\u00e3o de duas \u00e1reas distintas: uma recep\u00e7\u00e3o exclusiva para visitantes, com atendimento mais \u00e1gil, e outra voltada \u00e0 interna\u00e7\u00e3o.<\/p>\n<p>O novo espa\u00e7o tamb\u00e9m contar\u00e1 com uma sala de teleconfer\u00eancia, que permitir\u00e1 comunica\u00e7\u00e3o direta com m\u00e9dicos do centro cir\u00fargico, utilizando tecnologia para oferecer informa\u00e7\u00f5es r\u00e1pidas e seguras \u00e0s fam\u00edlias dos pacientes.<\/p>\n<p>Essas obras representam um avan\u00e7o importante na moderniza\u00e7\u00e3o da unidade e refor\u00e7am o compromisso da Prefeitura e da SPDM em oferecer um ambiente cada vez mais acolhedor para pacientes, acompanhantes e profissionais de sa\u00fade.<\/p>\n<p>&#13;<br \/>\n                    <strong>MAIS NOT\u00cdCIAS<\/strong><br \/>&#13;<br \/>\n                    <a href=\"https:\/\/www.sjc.sp.gov.br\/noticias\/?tema=13\" rel=\"nofollow noopener\" target=\"_blank\">Sa\u00fade<\/a>&#13;\n                <\/p>\n","protected":false},"excerpt":{"rendered":"&#13; Nei Jos\u00e9 Sant&#8217;Anna&#13; Sa\u00fade&#13; O Hospital Municipal Dr. Jos\u00e9 de Carvalho Florence, unidade da Prefeitura de S\u00e3o&hellip;\n","protected":false},"author":2,"featured_media":142539,"comment_status":"","ping_status":"","sticky":false,"template":"","format":"standard","meta":{"footnotes":""},"categories":[86],"tags":[1300,116,3048,32,3046,33,3049,117,3047],"class_list":{"0":"post-142538","1":"post","2":"type-post","3":"status-publish","4":"format-standard","5":"has-post-thumbnail","7":"category-saude","8":"tag-cidade","9":"tag-health","10":"tag-online","11":"tag-portugal","12":"tag-prefeitura","13":"tag-pt","14":"tag-so-jos-dos-campos","15":"tag-saude","16":"tag-servios"},"share_on_mastodon":{"url":"https:\/\/pubeurope.com\/@pt\/115506496812859458","error":""},"_links":{"self":[{"href":"https:\/\/www.europesays.com\/pt\/wp-json\/wp\/v2\/posts\/142538","targetHints":{"allow":["GET"]}}],"collection":[{"href":"https:\/\/www.europesays.com\/pt\/wp-json\/wp\/v2\/posts"}],"about":[{"href":"https:\/\/www.europesays.com\/pt\/wp-json\/wp\/v2\/types\/post"}],"author":[{"embeddable":true,"href":"https:\/\/www.europesays.com\/pt\/wp-json\/wp\/v2\/users\/2"}],"replies":[{"embeddable":true,"href":"https:\/\/www.europesays.com\/pt\/wp-json\/wp\/v2\/comments?post=142538"}],"version-history":[{"count":0,"href":"https:\/\/www.europesays.com\/pt\/wp-json\/wp\/v2\/posts\/142538\/revisions"}],"wp:featuredmedia":[{"embeddable":true,"href":"https:\/\/www.europesays.com\/pt\/wp-json\/wp\/v2\/media\/142539"}],"wp:attachment":[{"href":"https:\/\/www.europesays.com\/pt\/wp-json\/wp\/v2\/media?parent=142538"}],"wp:term":[{"taxonomy":"category","embeddable":true,"href":"https:\/\/www.europesays.com\/pt\/wp-json\/wp\/v2\/categories?post=142538"},{"taxonomy":"post_tag","embeddable":true,"href":"https:\/\/www.europesays.com\/pt\/wp-json\/wp\/v2\/tags?post=142538"}],"curies":[{"name":"wp","href":"https:\/\/api.w.org\/{rel}","templated":true}]}}