{"id":142550,"date":"2025-11-07T04:46:39","date_gmt":"2025-11-07T04:46:39","guid":{"rendered":"https:\/\/www.europesays.com\/pt\/142550\/"},"modified":"2025-11-07T04:46:39","modified_gmt":"2025-11-07T04:46:39","slug":"como-evitar-a-diabetes-gestacional","status":"publish","type":"post","link":"https:\/\/www.europesays.com\/pt\/142550\/","title":{"rendered":"Como evitar a diabetes gestacional"},"content":{"rendered":"<p>Durante a gravidez, desenvolver diabetes gestacional \u00e9 uma das maiores preocupa\u00e7\u00f5es da mulher. No Dia Mundial da Diabetes, que se comemora a 14 de novembro, sensibilizamos para os cuidados a ter, perante um diagn\u00f3stico positivo, e a import\u00e2ncia de adotar novos comportamentos para proteger a sa\u00fade da m\u00e3e e do beb\u00e9.\u00a0<\/p>\n<p>A gravidez \u00e9 um momento de transforma\u00e7\u00e3o da mulher. Para garantir o desenvolvimento saud\u00e1vel do beb\u00e9, o organismo da m\u00e3e passa por diversas transforma\u00e7\u00f5es hormonais e metab\u00f3licas. Uma dessas mudan\u00e7as pode levar ao desenvolvimento da diabetes gestacional \u2013 uma condi\u00e7\u00e3o caraterizada pelo aumento dos n\u00edveis de glicose (n\u00edveis de a\u00e7\u00facar) no sangue detetada, pela primeira vez, durante a gravidez.\u00a0<\/p>\n<p><strong>\u201cEsta dificuldade resulta em hiperglicemia, prejudicando a sa\u00fade de ambos, se n\u00e3o for detetada e tratada adequadamente.\u201d<\/strong><\/p>\n<p>A diabetes gestacional geralmente ocorre entre a 24.\u00aa e a 28.\u00aa semana de gesta\u00e7\u00e3o, per\u00edodo em que as hormonas produzidas durante a gravidez interferem com a a\u00e7\u00e3o da insulina \u2013 a subst\u00e2ncia respons\u00e1vel por permitir a entrada do a\u00e7\u00facar nas c\u00e9lulas, ou seja, que transporta o a\u00e7\u00facar para os tecidos e reparte entre a m\u00e3e e o beb\u00e9. Esta dificuldade resulta em hiperglicemia (n\u00edveis elevados de a\u00e7\u00facar no sangue), prejudicando a sa\u00fade de ambos, se n\u00e3o for detetada e tratada adequadamente.\u00a0\u00a0<\/p>\n<p><strong>Riscos para a m\u00e3e e o beb\u00e9\u00a0<\/strong>\u00a0<\/p>\n<p>O impacto da doen\u00e7a vai al\u00e9m da sa\u00fade materna, pois a hiperglicemia na gravidez pode trazer complica\u00e7\u00f5es para o beb\u00e9, tanto no parto como nas primeiras horas de vida. Um dos principais riscos \u00e9 a hipoglicemia neonatal, que ocorre quando os n\u00edveis de glicose do beb\u00e9 descem rapidamente ap\u00f3s o nascimento. Al\u00e9m disso, estes beb\u00e9s t\u00eam maior tend\u00eancia a nascer com peso elevado (macrossomia) e, mais tarde, a desenvolver diabetes tipo.\u00a0\u00a0<\/p>\n<p>Apesar de ser uma condi\u00e7\u00e3o tempor\u00e1ria para a mulher, na verdade, o hist\u00f3rico de diabetes gestacional aumenta a predisposi\u00e7\u00e3o de a mulher vir a desenvolver diabetes tipo 2.\u00a0\u00a0<\/p>\n<p><strong>Diagnosticar e cuidar<\/strong>\u00a0<\/p>\n<p>O diagn\u00f3stico da diabetes gestacional \u00e9 feito com base em an\u00e1lises laboratoriais, incluindo a medi\u00e7\u00e3o da glic\u00e9mia em jejum na primeira consulta de vigil\u00e2ncia pr\u00e9-natal e a realiza\u00e7\u00e3o da Prova de Toler\u00e2ncia \u00e0 Glicose Oral (PTGO), geralmente entre a 24.\u00aa e a 28.\u00aa semanas de gesta\u00e7\u00e3o. Este exame avalia os n\u00edveis de glicose antes e ap\u00f3s a ingest\u00e3o de uma solu\u00e7\u00e3o a\u00e7ucarada e, caso os resultados venham alterados, indica a necessidade de um acompanhamento mais rigoroso.\u00a0<\/p>\n<p>Se o diagn\u00f3stico for confirmado, \u00e9 essencial adotar um estilo de vida mais saud\u00e1vel: uma alimenta\u00e7\u00e3o equilibrada, pr\u00e1tica de atividade f\u00edsica conforme orienta\u00e7\u00e3o profissional e controlo frequente da glic\u00e9mia. Este acompanhamento deve ser feito sob supervis\u00e3o de profissionais de sa\u00fade. Caso n\u00e3o se consiga o controlo dos n\u00edveis da glic\u00e9mia, pode ser necess\u00e1rio o uso de medica\u00e7\u00e3o, pois h\u00e1 outros riscos associados: parto prematuro, excesso de l\u00edquido amni\u00f3tico e pr\u00e9-ecl\u00e2mpsia.\u00a0\u00a0<\/p>\n<p>\u00c9 fundamental que todas as mulheres recebam orienta\u00e7\u00f5es adequadas desde o in\u00edcio da gravidez. A preven\u00e7\u00e3o, adotando um estilo de vida saud\u00e1vel, \u00e9 a melhor forma de reduzir o risco. Cuidar da sa\u00fade materna \u00e9 tamb\u00e9m cuidar da sa\u00fade do beb\u00e9.\u00a0<\/p>\n<p>\u00a9 2025 Guimar\u00e3es, agora!<\/p>\n<p><strong>Partilhe a sua opini\u00e3o nos coment\u00e1rios em baixo!<\/strong><\/p>\n<p>Siga-nos no\u00a0<a href=\"https:\/\/www.facebook.com\/guimaraesagora\" target=\"_blank\" rel=\"noreferrer noopener nofollow\">Facebook<\/a>,\u00a0<a href=\"https:\/\/www.x.com\/guimaraesagora\" target=\"_blank\" rel=\"noreferrer noopener nofollow\">X<\/a>\u00a0e\u00a0<a href=\"https:\/\/www.linkedin.com\/in\/guimaraesagora\/\" target=\"_blank\" rel=\"noreferrer noopener nofollow\">LinkedIn<\/a>.<br \/>Quer falar connosco? Envie um email para\u00a0<a href=\"https:\/\/guimaraesagora.pt\/como-evitar-a-diabetes-gestacional\/mailto:geral@guimaraesagora.pt\" target=\"_blank\" rel=\"noreferrer noopener nofollow\">geral@guimaraesagora.pt<\/a>.<\/p>\n","protected":false},"excerpt":{"rendered":"Durante a gravidez, desenvolver diabetes gestacional \u00e9 uma das maiores preocupa\u00e7\u00f5es da mulher. No Dia Mundial da Diabetes,&hellip;\n","protected":false},"author":2,"featured_media":142551,"comment_status":"","ping_status":"","sticky":false,"template":"","format":"standard","meta":{"footnotes":""},"categories":[86],"tags":[25012,547,1027,1041,116,31521,32,33,117],"class_list":{"0":"post-142550","1":"post","2":"type-post","3":"status-publish","4":"format-standard","5":"has-post-thumbnail","7":"category-saude","8":"tag-actividade-fisica","9":"tag-alimentacao-saudavel","10":"tag-diabetes","11":"tag-gravidez","12":"tag-health","13":"tag-hiperglicemia","14":"tag-portugal","15":"tag-pt","16":"tag-saude"},"share_on_mastodon":{"url":"https:\/\/pubeurope.com\/@pt\/115506602539354804","error":""},"_links":{"self":[{"href":"https:\/\/www.europesays.com\/pt\/wp-json\/wp\/v2\/posts\/142550","targetHints":{"allow":["GET"]}}],"collection":[{"href":"https:\/\/www.europesays.com\/pt\/wp-json\/wp\/v2\/posts"}],"about":[{"href":"https:\/\/www.europesays.com\/pt\/wp-json\/wp\/v2\/types\/post"}],"author":[{"embeddable":true,"href":"https:\/\/www.europesays.com\/pt\/wp-json\/wp\/v2\/users\/2"}],"replies":[{"embeddable":true,"href":"https:\/\/www.europesays.com\/pt\/wp-json\/wp\/v2\/comments?post=142550"}],"version-history":[{"count":0,"href":"https:\/\/www.europesays.com\/pt\/wp-json\/wp\/v2\/posts\/142550\/revisions"}],"wp:featuredmedia":[{"embeddable":true,"href":"https:\/\/www.europesays.com\/pt\/wp-json\/wp\/v2\/media\/142551"}],"wp:attachment":[{"href":"https:\/\/www.europesays.com\/pt\/wp-json\/wp\/v2\/media?parent=142550"}],"wp:term":[{"taxonomy":"category","embeddable":true,"href":"https:\/\/www.europesays.com\/pt\/wp-json\/wp\/v2\/categories?post=142550"},{"taxonomy":"post_tag","embeddable":true,"href":"https:\/\/www.europesays.com\/pt\/wp-json\/wp\/v2\/tags?post=142550"}],"curies":[{"name":"wp","href":"https:\/\/api.w.org\/{rel}","templated":true}]}}