{"id":142559,"date":"2025-11-07T05:11:11","date_gmt":"2025-11-07T05:11:11","guid":{"rendered":"https:\/\/www.europesays.com\/pt\/142559\/"},"modified":"2025-11-07T05:11:11","modified_gmt":"2025-11-07T05:11:11","slug":"nina-do-niziu-e-wakai-hiroto-do-mrs-green-apple-estao-namorando-jyp-se-pronuncia","status":"publish","type":"post","link":"https:\/\/www.europesays.com\/pt\/142559\/","title":{"rendered":"Nina, do NiziU, e Wakai Hiroto, do Mrs. Green Apple, est\u00e3o namorando? JYP se pronuncia"},"content":{"rendered":"<p>No in\u00edcio desta semana, os tabloides japoneses Sh\u016bkan Bunshun e FRIDAY noticiaram que <strong>Nina<\/strong>, integrante do girlgroup japon\u00eas da JYP Entertainment, NiziU, estaria namorando com o guitarrista da banda <a href=\"https:\/\/en.wikipedia.org\/wiki\/Mrs._Green_Apple\" target=\"_blank\" rel=\"noopener nofollow\">Mrs. Green Apple<\/a>, <strong>Wakai Hiroto<\/strong>.<\/p>\n<p>Conforme repercutido pelo portal AllKpop, os ve\u00edculos apontaram que <strong>Wakai Hiroto<\/strong> \u00e9 f\u00e3 de Nina desde o reality show \u201cNizi Project\u201d, que formou o <a href=\"https:\/\/www.instagram.com\/p\/DPyk1UsE_KD\/\" target=\"_blank\" rel=\"noopener nofollow\">NiziU<\/a>, e que eles teriam sido apresentados por meio de <strong>Ohmori Motoki<\/strong>, vocalista do Mrs. Green Apple que j\u00e1 colaborou como letrista e compositor de uma m\u00fasica do girlgroup anteriormente. Al\u00e9m disso, os portais afirmam que, recentemente, a jovem teria sido vista visitando a casa de <strong>Hiroto<\/strong> tarde da noite.<\/p>\n<p>Em resposta ao rumor, a Project-MGA, empresa que cuida da carreira de <strong>Wakai<\/strong>, disse apenas que \u201cAs not\u00edcias n\u00e3o condizem com a realidade\u201d. J\u00e1 a <a href=\"https:\/\/www.jype.com\/\" target=\"_blank\" rel=\"noopener nofollow\">JYP Entertainment<\/a> afirmou que \u201cNina e Wakai Hiroto s\u00e3o sunbae-hoobaes (veteranos e calouros) que se conhecem bem. Eles n\u00e3o t\u00eam um relacionamento amoroso\u201d.<\/p>\n<p> Mais sobre o NiziU <\/p>\n<p>NiziU \u00e9 um girlgroup japon\u00eas formado em 2020 pela JYP Entertainment, em parceria com a Sony Music Japan, atrav\u00e9s do reality show Nizi Project, sendo composto por nove integrantes: <strong>Mako<\/strong>, <strong>Rio<\/strong>, <strong>Maya<\/strong>, <strong>Riku<\/strong>, <strong>Ayaka<\/strong>, <strong>Mayuka<\/strong>, <strong>Rima<\/strong>, <strong>Miihi<\/strong> e <strong>Nina<\/strong>.<\/p>\n<p>O nome \u201cNiziU\u201d vem de \u201cNizi\u201d, que significa \u201carco-\u00edris\u201d em japon\u00eas, simbolizando diversidade e uni\u00e3o. A forma\u00e7\u00e3o realizou sua t\u00e3o sonhada estreia em dezembro de 2020 por meio do single \u201cStep and a Step\u201d, que rapidamente se tornou um sucesso no Jap\u00e3o e em outros pa\u00edses da \u00c1sia.<\/p>\n<p>Sendo conhecidas por suas coreografias energ\u00e9ticas, visuais coloridos e mensagens positivas, as integrantes do NiziU se destacam por combinar elementos do pop japon\u00eas e do <a href=\"https:\/\/recreio.com.br\/tags\/k-pop\" target=\"_blank\" rel=\"noopener nofollow\">k-pop<\/a>. Desde sua estreia, o grupo tem lan\u00e7ado v\u00e1rios hits, como \u201cTake a Picture\u201d e \u201cMake You Happy\u201d, consolidando-se como uma das principais representantes da nova gera\u00e7\u00e3o do j-pop.<\/p>\n<p>        <a href=\"https:\/\/recreio.com.br\/noticias\/author\/daniela-bazi\" rel=\"nofollow noopener\" target=\"_blank\">&#13;<br \/>\n          <img loading=\"lazy\" alt=\"Daniela Bazi\" src=\"https:\/\/www.europesays.com\/pt\/wp-content\/uploads\/2025\/11\/1762492271_542_701cc86240953f42e068ecf8a0bb18dadb05bc88d7e776f8edb20aaea33b4eea\"  class=\"avatar avatar-115 photo rounded-circle mr-3\" height=\"115\" width=\"115\" decoding=\"async\"\/>        <\/a><\/p>\n<p>Daniela Bazi \u00e9 jornalista graduada pela UNINOVE, e bruxa formada na Escola de Magia e Bruxaria de Hogwarts. Amante de anima\u00e7\u00f5es, filmes e s\u00e9ries, tamb\u00e9m \u00e9 f\u00e3 de divas pop, entusiasta da Disney e k-popper nas horas vagas.<\/p>\n<p>\t                                            <script async src=\"\/\/www.instagram.com\/embed.js\"><\/script><\/p>\n","protected":false},"excerpt":{"rendered":"No in\u00edcio desta semana, os tabloides japoneses Sh\u016bkan Bunshun e FRIDAY noticiaram que Nina, integrante do girlgroup japon\u00eas&hellip;\n","protected":false},"author":2,"featured_media":142560,"comment_status":"","ping_status":"","sticky":false,"template":"","format":"standard","meta":{"footnotes":""},"categories":[141],"tags":[114,115,31522,15052,1688,149,150,21921,31523,32,33],"class_list":{"0":"post-142559","1":"post","2":"type-post","3":"status-publish","4":"format-standard","5":"has-post-thumbnail","7":"category-musica","8":"tag-entertainment","9":"tag-entretenimento","10":"tag-j-pop","11":"tag-jyp-entertainment","12":"tag-k-pop","13":"tag-music","14":"tag-musica","15":"tag-nina","16":"tag-niziu","17":"tag-portugal","18":"tag-pt"},"share_on_mastodon":{"url":"https:\/\/pubeurope.com\/@pt\/115506700910544084","error":""},"_links":{"self":[{"href":"https:\/\/www.europesays.com\/pt\/wp-json\/wp\/v2\/posts\/142559","targetHints":{"allow":["GET"]}}],"collection":[{"href":"https:\/\/www.europesays.com\/pt\/wp-json\/wp\/v2\/posts"}],"about":[{"href":"https:\/\/www.europesays.com\/pt\/wp-json\/wp\/v2\/types\/post"}],"author":[{"embeddable":true,"href":"https:\/\/www.europesays.com\/pt\/wp-json\/wp\/v2\/users\/2"}],"replies":[{"embeddable":true,"href":"https:\/\/www.europesays.com\/pt\/wp-json\/wp\/v2\/comments?post=142559"}],"version-history":[{"count":0,"href":"https:\/\/www.europesays.com\/pt\/wp-json\/wp\/v2\/posts\/142559\/revisions"}],"wp:featuredmedia":[{"embeddable":true,"href":"https:\/\/www.europesays.com\/pt\/wp-json\/wp\/v2\/media\/142560"}],"wp:attachment":[{"href":"https:\/\/www.europesays.com\/pt\/wp-json\/wp\/v2\/media?parent=142559"}],"wp:term":[{"taxonomy":"category","embeddable":true,"href":"https:\/\/www.europesays.com\/pt\/wp-json\/wp\/v2\/categories?post=142559"},{"taxonomy":"post_tag","embeddable":true,"href":"https:\/\/www.europesays.com\/pt\/wp-json\/wp\/v2\/tags?post=142559"}],"curies":[{"name":"wp","href":"https:\/\/api.w.org\/{rel}","templated":true}]}}