{"id":142563,"date":"2025-11-07T05:21:18","date_gmt":"2025-11-07T05:21:18","guid":{"rendered":"https:\/\/www.europesays.com\/pt\/142563\/"},"modified":"2025-11-07T05:21:18","modified_gmt":"2025-11-07T05:21:18","slug":"dolores-aveiro-apanha-susto-o-aviao-quase-que-partia-a-meio","status":"publish","type":"post","link":"https:\/\/www.europesays.com\/pt\/142563\/","title":{"rendered":"Dolores Aveiro apanha susto: &#8220;O avi\u00e3o quase que partia a meio&#8221;"},"content":{"rendered":"<p><a href=\"https:\/\/selfie.iol.pt\/famosos\/cr7\/cristiano-ronaldo-revela-foi-assim-que-dolores-aveiro-reagiu-ao-noivado-do-filho-com-georgina-rodriguez\/20251104\/690a2912d34e3caad84ae620\" target=\"_blank\" rel=\"nofollow noopener\">Dolores Aveiro<\/a> apanhou um verdadeiro susto a bordo do avi\u00e3o que trouxe a matriarca da fam\u00edlia Aveiro de Istambul para Lisboa, ap\u00f3s ter estado a aplaudir <a href=\"https:\/\/selfie.iol.pt\/famosos\/cristianinho\/dolores-aveiro-e-georgina-rodriguez-juntas-por-motivo-muito-especial-veja-as-fotos\/20251104\/690a4536d34e2bd5c6d3a02f\" target=\"_blank\" rel=\"nofollow noopener\">Cristianinho no Torneio Ta\u00e7a das Federa\u00e7\u00f5es<\/a>, que a Sele\u00e7\u00e3o Nacional de sub-16 venceu.<\/p>\n<p>&#8220;Vim hoje de Istambul\u2026 Quase que morria\u2026 O avi\u00e3o quase que partia a meio, Deus me livre!&#8221;, contou a m\u00e3e de\u00a0<a href=\"https:\/\/selfie.iol.pt\/famosos\/cr7\/georgina-rodriguez-hesitou-antes-de-dizer-sim-a-cristiano-ronaldo\/20251104\/690a265ed34e2bd5c6d39ed3\" target=\"_blank\" rel=\"nofollow noopener\">Cristiano Ronaldo<\/a>, num v\u00eddeo partilhado por Katia Aveiro.<\/p>\n<p>A empres\u00e1ria revelou ent\u00e3o que o companheiro de longa data da m\u00e3e, Jos\u00e9 Andrade, que a acompanhou na viagem, disse que Dolores Aveiro estava &#8220;a exagerar&#8221;. Imediatamente, a matriarca da fam\u00edlia Aveiro rebateu esta vers\u00e3o: &#8220;Foi verdade. Estava muito vento. Eu nem falava, fiquei muda.&#8221;<\/p>\n<p>Veja, agora, o v\u00eddeo com o relato de Dolores Aveiro.<\/p>\n<p>\u00a0<\/p>\n","protected":false},"excerpt":{"rendered":"Dolores Aveiro apanhou um verdadeiro susto a bordo do avi\u00e3o que trouxe a matriarca da fam\u00edlia Aveiro de&hellip;\n","protected":false},"author":2,"featured_media":142564,"comment_status":"","ping_status":"","sticky":false,"template":"","format":"standard","meta":{"footnotes":""},"categories":[145],"tags":[324,211,210,30168,667,23133,114,115,980,1015,3636,619,32,33,1012],"class_list":{"0":"post-142563","1":"post","2":"type-post","3":"status-publish","4":"format-standard","5":"has-post-thumbnail","7":"category-celebridades","8":"tag-aviao","9":"tag-celebridades","10":"tag-celebrities","11":"tag-cristianinho","12":"tag-cristiano-ronaldo","13":"tag-dolores-aveiro","14":"tag-entertainment","15":"tag-entretenimento","16":"tag-famosos","17":"tag-instagram","18":"tag-katia-aveiro","19":"tag-nacional","20":"tag-portugal","21":"tag-pt","22":"tag-selfie"},"share_on_mastodon":{"url":"https:\/\/pubeurope.com\/@pt\/115506740094912316","error":""},"_links":{"self":[{"href":"https:\/\/www.europesays.com\/pt\/wp-json\/wp\/v2\/posts\/142563","targetHints":{"allow":["GET"]}}],"collection":[{"href":"https:\/\/www.europesays.com\/pt\/wp-json\/wp\/v2\/posts"}],"about":[{"href":"https:\/\/www.europesays.com\/pt\/wp-json\/wp\/v2\/types\/post"}],"author":[{"embeddable":true,"href":"https:\/\/www.europesays.com\/pt\/wp-json\/wp\/v2\/users\/2"}],"replies":[{"embeddable":true,"href":"https:\/\/www.europesays.com\/pt\/wp-json\/wp\/v2\/comments?post=142563"}],"version-history":[{"count":0,"href":"https:\/\/www.europesays.com\/pt\/wp-json\/wp\/v2\/posts\/142563\/revisions"}],"wp:featuredmedia":[{"embeddable":true,"href":"https:\/\/www.europesays.com\/pt\/wp-json\/wp\/v2\/media\/142564"}],"wp:attachment":[{"href":"https:\/\/www.europesays.com\/pt\/wp-json\/wp\/v2\/media?parent=142563"}],"wp:term":[{"taxonomy":"category","embeddable":true,"href":"https:\/\/www.europesays.com\/pt\/wp-json\/wp\/v2\/categories?post=142563"},{"taxonomy":"post_tag","embeddable":true,"href":"https:\/\/www.europesays.com\/pt\/wp-json\/wp\/v2\/tags?post=142563"}],"curies":[{"name":"wp","href":"https:\/\/api.w.org\/{rel}","templated":true}]}}