{"id":142569,"date":"2025-11-07T05:35:26","date_gmt":"2025-11-07T05:35:26","guid":{"rendered":"https:\/\/www.europesays.com\/pt\/142569\/"},"modified":"2025-11-07T05:35:26","modified_gmt":"2025-11-07T05:35:26","slug":"kiko-is-hot-tenho-feito-coisas-que-nunca-imaginava-e-tem-sido-muito-recompensador","status":"publish","type":"post","link":"https:\/\/www.europesays.com\/pt\/142569\/","title":{"rendered":"Kiko is Hot: &#8220;Tenho feito coisas que nunca imaginava e tem sido muito recompensador&#8221;\u00a0"},"content":{"rendered":"<p data-end=\"57\" data-start=\"0\">Deve ser dif\u00edcil encontrar portugueses da Gera\u00e7\u00e3o Z (nascidos entre 1997 e 2012) ou da Gera\u00e7\u00e3o Millenial (nascidos entre 1981 e 1996) que n\u00e3o conhe\u00e7am Kiko is Hot, o nome art\u00edstico, pode-se assim dizer, de Francisco Soares.<\/p>\n<p data-end=\"57\" data-start=\"0\">Chamar-lhe criador de conte\u00fados pode ser redutor. Ali\u00e1s, em entrevista \u00e0 VERSA, acabou mesmo por se autointitular de &#8220;Barbie das Profiss\u00f5es&#8221;. Gosta de experimentar tudo. Come\u00e7ou h\u00e1 15 anos por fazer v\u00eddeos no YouTube, acompanhando a adolesc\u00eancia de muitos.\u00a0<\/p>\n<p data-end=\"57\" data-start=\"0\">\u00c9 ator, DJ e, nos \u00faltimos anos, come\u00e7ou a dar cartas no TikTok, no qual partilha v\u00eddeos sem filtros, literalmente, com milh\u00f5es de visualiza\u00e7\u00f5es, em que fala sobre tudo um pouco, da pol\u00edtica \u00e0 sexualidade, passando por temas mais leves como hauls de compras por impulso, viagens ou rankings das suas comidas favoritas.\u00a0<\/p>\n<p>  <img loading=\"lazy\" decoding=\"async\" alt=\"\" height=\"100\" src=\"https:\/\/www.europesays.com\/pt\/wp-content\/uploads\/2025\/11\/690b77b6d34e3caad84af160.webp\" width=\"67\"\/> <\/p>\n<p>    Kiko is Hot | Fotografia: D.R. <\/p>\n<p data-end=\"57\" data-start=\"0\">Tamb\u00e9m \u00e9 sem tabus e de forma vulner\u00e1vel que aborda assuntos como a sa\u00fade mental e, agora, abra\u00e7a um novo projeto, o podcast na Cidade FM, Terapia de Segunda. Todas as segundas-feiras, \u00e0s 22h00, lan\u00e7a um epis\u00f3dio em que d\u00e1 conselhos aos ouvintes, acompanhado de um amigo e do seu j\u00e1 conhecido humor, uma esp\u00e9cie de terapia, tal como o nome indica, mas que n\u00e3o deve &#8220;substituir a terapia cl\u00ednica&#8221;, claro. J\u00e1 podes, ali\u00e1s, assistir ao primeiro epis\u00f3dio.<\/p>\n<p data-end=\"57\" data-start=\"0\">\u00c9, talvez, por ser t\u00e3o vulner\u00e1vel e verdadeiro que j\u00e1 tem mais de 500 mil seguidores no TikTok e mais de 300 mil no Instagram. Fal\u00e1mos com Kiko sobre o seu percurso, a loucura que t\u00eam sido os \u00faltimos anos, a &#8220;concretiza\u00e7\u00e3o de um sonho&#8221; com o novo projeto em r\u00e1dio e o que podemos esperar do seu futuro brilhante \u2026 porque ainda n\u00e3o &#8220;basta&#8221; de Kiko.<\/p>\n<p>Como surgiu esta oportunidade? Aceitaste sem hesita\u00e7\u00e3o? <\/p>\n<p data-end=\"432\" data-is-last-node=\"\" data-is-only-node=\"\" data-start=\"59\">Ningu\u00e9m me fez um convite, fui eu que me auto-convidei. Vim reunir com o Manuel [Cabral, diretor de programas da Cidade FM] h\u00e1 dois anos. \u00c9 um projeto que idealizei por completo\u00a0\u2014 a Cidade foi incr\u00edvel em aceitar isto, mas a ideia toda veio de mim. Vim c\u00e1, literalmente, chate\u00e1-los: \u201cTemos de fazer isto aqui, v\u00e1 l\u00e1, v\u00e1 l\u00e1.\u201d E, passados dois anos, aqui estamos n\u00f3s.<\/p>\n<blockquote>\n<p data-end=\"432\" data-is-last-node=\"\" data-is-only-node=\"\" data-start=\"59\">&#8220;Tenho feito coisas que nunca imaginava e tem sido muito recompensador&#8221;<\/p>\n<\/blockquote>\n<p>Porqu\u00ea na r\u00e1dio? <\/p>\n<p data-end=\"369\" data-is-last-node=\"\" data-is-only-node=\"\" data-start=\"27\">Era muito importante para mim isto passar na r\u00e1dio. Era um sonho meu fazer r\u00e1dio e ter um programa da minha autoria. Poderia ter feito um podcast fora da r\u00e1dio, de uma forma menos tradicional, mas para mim era importante fazer isto desta forma. Estar assim em meios mais mainstream \u00e9 algo que tenho explorado mais.\u00a0<\/p>\n<p>Explica-me o conceito. <\/p>\n<p data-end=\"219\" data-start=\"26\">Tenho sempre um convidado e, juntos, respondemos a dilemas reais que as pessoas mandam para o meu WhatsApp \u2014 que j\u00e1 est\u00e1 cheio de dilemas. Cheio, cheio, cheio. J\u00e1 temos centenas para escolher.<\/p>\n<p data-end=\"504\" data-is-last-node=\"\" data-is-only-node=\"\" data-start=\"221\">Passamos os \u00e1udios no ar e eu e o meu convidado damos o nosso melhor conselho poss\u00edvel. N\u00e3o profissional, aten\u00e7\u00e3o. \u00c9 uma terapia de segunda porque passa \u00e0s segundas, mas tamb\u00e9m \u00e9 assim de segunda categoria. N\u00e3o \u00e9 um conselho profissional, nem deve substituir a terapia cl\u00ednica.<\/p>\n<p>Escolheste o Nuno Markl como primeiro convidado. Porqu\u00ea? <\/p>\n<p data-end=\"264\" data-start=\"60\">Porque era algu\u00e9m aqui do edif\u00edcio e, para mim, fez todo o sentido. \u00c9 algu\u00e9m que faz r\u00e1dio h\u00e1 muito tempo e eu queria estar confort\u00e1vel\u00a0\u2014 e quem n\u00e3o est\u00e1 confort\u00e1vel ao lado do Nuno Markl?<\/p>\n<p data-end=\"426\" data-is-last-node=\"\" data-is-only-node=\"\" data-start=\"266\">Senti que, se ficasse nervoso \u2014 o que aconteceu, porque estava super ansioso no meu primeiro epis\u00f3dio \u2014, sabia que ele ia continuar a falar e encher de conversa.<\/p>\n<p>  <img loading=\"lazy\" decoding=\"async\" alt=\"\" height=\"200\" src=\"https:\/\/www.europesays.com\/pt\/wp-content\/uploads\/2025\/11\/690b77b7d34e2bd5c6d3aa03.webp\" width=\"356\"\/> <\/p>\n<p>    Terapia de Segunda | Fotografia: D.R. <\/p>\n<p>O mundo dos podcasts n\u00e3o \u00e9 completamente novo para ti\u2026 <\/p>\n<p data-end=\"298\" data-start=\"58\">J\u00e1 tive um podcast h\u00e1 muitos anos, chamado HotCast\u00a0\u2014 \u00f3timo nome, por acaso. Gravava sozinho no meu quarto dentro do arm\u00e1rio, literalmente, que era onde tinha a melhor ac\u00fastica. Era uma coisa super amadora. Tinha um pequeno microfonezinho e gravava.<\/p>\n<p data-end=\"625\" data-is-last-node=\"\" data-is-only-node=\"\" data-start=\"300\">Isso tamb\u00e9m \u00e9 a beleza da internet hoje em dia. Claro que agora tenho a oportunidade e a honra de estar a fazer isto em r\u00e1dio, mas acho que a internet veio democratizar esta vontade que as pessoas possam ter de explorar essa veia. Qualquer pessoa que tenha coisas para dizer pode ter essa oportunidade, e isso \u00e9 bom.<\/p>\n<p>Mas foi uma evolu\u00e7\u00e3o muito grande, n\u00e3o? <\/p>\n<p data-end=\"240\" data-is-last-node=\"\" data-is-only-node=\"\" data-start=\"45\">Estes \u00faltimos anos t\u00eam sido evolu\u00e7\u00f5es atr\u00e1s de evolu\u00e7\u00f5es. Estou a agarrar-me com muita for\u00e7a, porque t\u00eam sido fases incr\u00edveis. Tenho feito coisas que nunca imaginava e tem sido muito recompensador.\u00a0<\/p>\n<blockquote>\n<p data-end=\"240\" data-is-last-node=\"\" data-is-only-node=\"\" data-start=\"45\">&#8220;As pessoas dizem sempre que tens de te focar numa s\u00f3 coisa, acho que isso \u00e9 uma parvo\u00edce&#8221;<\/p>\n<\/blockquote>\n<p>J\u00e1 sabemos que no TikTok n\u00e3o tens filtros\u2026 E no podcast, vais tentar ser igual? <\/p>\n<p data-end=\"466\" data-is-last-node=\"\" data-is-only-node=\"\" data-start=\"83\">Olha, s\u00f3 se me proibirem. Acho que fa\u00e7o um trabalho melhor quando n\u00e3o estou preocupado com algum tipo de censura\u00a0\u2014 n\u00e3o funciono muito bem com isso. Claro que tenho de respeitar, porque estou numa empresa e n\u00e3o nas minhas redes. Se tiverem coisas que n\u00e3o possam passar no ar, por exemplo, asneiras que disse no primeiro epis\u00f3dio. H\u00e1 coisas que eles v\u00e3o ter de cortar e eu respeito isso.<\/p>\n<p>Durante o primeiro epis\u00f3dio surgiu alguma pergunta mais dif\u00edcil de responder? <\/p>\n<p data-end=\"455\" data-is-last-node=\"\" data-is-only-node=\"\" data-start=\"81\">Houve uma que foi muito relatable. Era algu\u00e9m que sentia que estava numa amizade em que j\u00e1 n\u00e3o queria estar e perguntou se devia ter uma conversa ou n\u00e3o. Eu e o Nuno estivemos ali um bocado a debater, porque n\u00e3o \u00e9 uma coisa f\u00e1cil. De certa forma, acabar rela\u00e7\u00f5es amorosas at\u00e9 parece mais f\u00e1cil ou \u00f3bvio. Uma amizade \u00e9 estranho pode ser mais complexo.<\/p>\n<p>Est\u00e1s sempre a abra\u00e7ar novos projetos\u2026 Qual ser\u00e1 a pr\u00f3ximo? <\/p>\n<p data-end=\"336\" data-start=\"66\">Ufa\u2026 Deixa-me acabar este antes de pensar sequer no pr\u00f3ximo. Para o ano tenho um projeto de que n\u00e3o posso falar muito, mas \u00e9 de representa\u00e7\u00e3o. Espero voltar a representar, porque estou com saudades. Desde A Casa do Cais [s\u00e9rie da RTP] que n\u00e3o fa\u00e7o esse trabalho como ator.<\/p>\n<p data-end=\"528\" data-is-last-node=\"\" data-is-only-node=\"\" data-start=\"338\">N\u00e3o consigo ficar muito tempo no mesmo s\u00edtio\u00a0\u2014 \u00e9 algo que j\u00e1 percebi sobre mim. Tenho a sorte de conseguir explorar v\u00e1rias \u00e1reas. Portanto, se calhar, para o ano, representa\u00e7\u00e3o. Quem sabe.<\/p>\n<p>J\u00e1 exploraste (e ainda exploras) v\u00e1rias \u00e1reas. Qual \u00e9 a tua favorita?<\/p>\n<p data-end=\"405\" data-is-last-node=\"\" data-is-only-node=\"\" data-start=\"73\">Gosto de tudo. N\u00e3o sei. \u00c9 normal\u00a0\u2014 as pessoas dizem sempre que tens de te focar numa s\u00f3 coisa, acho que isso \u00e9 uma parvo\u00edce. As pessoas mudam. N\u00e3o \u00e9 suposto querermos sempre comer um prato s\u00f3. Comemos v\u00e1rios pratos e acho que a vida tamb\u00e9m deve ser um bocado assim. Se uma pessoa tem diferentes sonhos, porque n\u00e3o h\u00e1 de ir atr\u00e1s deles?<\/p>\n<blockquote>\n<p data-end=\"405\" data-is-last-node=\"\" data-is-only-node=\"\" data-start=\"73\">&#8220;Quanto mais vivo, mais percebo que sou s\u00f3 um e que o mundo \u00e9 muito dif\u00edcil de mudar, mas n\u00e3o quer dizer que a gente n\u00e3o tente&#8221;\u00a0<\/p>\n<\/blockquote>\n<p>E o que mais gostas de fazer acima de tudo? N\u00e3o consegues mesmo escolher? <\/p>\n<p data-end=\"253\" data-is-last-node=\"\" data-is-only-node=\"\" data-start=\"63\">Comunicar. \u00c9 a base de tudo aquilo que fa\u00e7o de formas diferentes. Na representa\u00e7\u00e3o, atrav\u00e9s de um texto que algu\u00e9m escreveu, de um argumento; na r\u00e1dio, falo diretamente com os ouvintes.<\/p>\n<p>Foi isso que te incentivou a criar o canal de YouTube? <\/p>\n<p data-end=\"434\" data-is-last-node=\"\" data-is-only-node=\"\" data-start=\"67\">Exato. \u00c9 igual, exatamente igual. Nunca mudou\u00a0\u2014 e isso \u00e9 incr\u00edvel. Agora, com o TikTok, sinto que redescobri essa paix\u00e3o de gravar v\u00eddeos, que j\u00e1 vinha desde muito cedo. \u00c9 engra\u00e7ado: parece que, \u00e0s vezes, quando somos muito pequenos j\u00e1 sabemos o que devemos fazer ou que at\u00e9 gostamos de fazer. Depois crescemos e temos de fazer outras coisas, mas, no meu caso, foi quase como voltar a casa.<\/p>\n<p>O que mudou em ti nos \u00faltimos anos e o que se manteve? <\/p>\n<p data-end=\"462\" data-start=\"231\">Eu acho que foi um bocado a minha vontade de mudar o mundo. Se calhar \u00e9 uma vontade id\u00edlica. Quanto mais vivo, mais percebo que sou s\u00f3 um e o mundo \u00e9 muito dif\u00edcil de mudar, mas n\u00e3o quer dizer que a gente n\u00e3o tente.<\/p>\n<p data-end=\"808\" data-start=\"464\">Os projetos que tenho abra\u00e7ado e o que tenho feito t\u00eam sido sempre uma forma de mudar um bocado o paradigma: como olhamos para as coisas e o tipo de pessoas que vemos sempre nos mesmos meios. Tentar diversificar. Se os seres humanos s\u00e3o t\u00e3o diversos, porque vemos sempre s\u00f3 um tipo de pessoa em cargos de poder ou nos principais cargos?<\/p>\n<p data-end=\"976\" data-is-last-node=\"\" data-is-only-node=\"\" data-start=\"810\">A minha ideia passa por dar a oportunidade de os mi\u00fados sonharem e n\u00e3o terem de se encaixar numa certa caixa para poderem chegar aos s\u00edtios a que querem chegar.<\/p>\n<p>Consideras importante que os digital influencers de hoje em dia, independentemente da \u00e1rea em que trabalham\u00a0\u2014 seja moda ou beleza, por exemplo \u2014, usem a sua plataforma para falar sobre a atualidade sem tabus? <\/p>\n<p data-end=\"488\" data-is-last-node=\"\" data-is-only-node=\"\" data-start=\"191\">N\u00e3o acho que seja uma obriga\u00e7\u00e3o, mas acho que \u00e9 bom. Para mim, faz sentido. Se tenho uma plataforma t\u00e3o grande, estou a receber tantas visitas e tenho tanta gente a olhar para mim, no meio disso porque n\u00e3o posso encaixar mensagens que defendo &#8211; de igualdade e de aceita\u00e7\u00e3o ao pr\u00f3ximo? Acho que \u00e9 importante.<\/p>\n<blockquote>\n<p data-end=\"488\" data-is-last-node=\"\" data-is-only-node=\"\" data-start=\"191\">&#8220;Percebi que posso ser v\u00e1rias coisas: posso ser pol\u00edtico, posso ser engra\u00e7ado, \u00e0s vezes pol\u00e9mico, \u00e0s vezes problem\u00e1tico&#8221;<\/p>\n<\/blockquote>\n<p>O que fazias na altura em que come\u00e7aste o YouTube que agora n\u00e3o repetias? <\/p>\n<p data-end=\"960\" data-is-last-node=\"\" data-is-only-node=\"\" data-start=\"227\">Uma coisa que me aconteceu muito\u00a0\u2014 e isso foi sem querer, algo normal porque comecei muito cedo, com 16 anos\u00a0\u2014 foi ter-me perdido um bocado na personagem. J\u00e1 sabia mais ou menos o que ia resultar; nem era aquilo que queria fazer, mas sabia o que ia resultar. Houve ali uma fase do meu YouTube em que senti que estava s\u00f3 a dar aquilo que as pessoas esperavam de mim, e hoje em dia \u00e9 muito mais aquilo em que acredito, o que quero e o que me apetece. Se as pessoas gostarem, \u00f3timo\u00a0\u2014\u00a0tem acontecido e \u00e9 incr\u00edvel. Tenho percebido uma coisa: \u00e0s vezes, quando \u00e9 mesmo aquilo que n\u00f3s queremos fazer e \u00e9 o mais honesto poss\u00edvel, \u00e9 a\u00ed que as pessoas se relacionam mais e que tenho mais resposta. Acho que \u00e9 ser o mais genu\u00edno poss\u00edvel.<\/p>\n<p>Sentes que eras quase uma personagem no in\u00edcio? <\/p>\n<p data-end=\"542\" data-start=\"51\">Sim, porque tinha 16 anos e, de repente, imensas pessoas come\u00e7aram a gostar de um tipo de v\u00eddeo. E eu s\u00f3 queria ser gostado naquela altura. Pensava: \u201cEnt\u00e3o deixa-me fazer mais isto, que \u00e9 o que as pessoas querem.\u201d Achava quase que nem era v\u00e1lido se n\u00e3o fizesse aquele tipo de v\u00eddeos. Depois percebi que posso ser v\u00e1rias coisas: posso ser pol\u00edtico, posso ser engra\u00e7ado, \u00e0s vezes pol\u00e9mico, \u00e0s vezes problem\u00e1tico. Posso ser tudo. Est\u00e1 tudo certo\u00a0\u2014 n\u00e3o \u00e9 suposto sermos s\u00f3 uma coisa.<\/p>\n<p>E como se deu essa mudan\u00e7a? Aconteceu alguma coisa em ti ou foi apenas algo gradual e natural? <\/p>\n<p data-end=\"943\" data-start=\"652\">Acho que foi crescer. Quando era muito jovem tinha muito medo de crescer, mas agora sinto que \u00e9 das melhores coisas da vida, ter a possibilidade de envelhecer. H\u00e1 muita gente que n\u00e3o consegue, e isso \u00e9 triste, n\u00e3o \u00e9? Portanto, s\u00f3 a parte de envelhecer j\u00e1 \u00e9 quase um milagre, em muitos casos.<\/p>\n<p data-end=\"1113\" data-is-last-node=\"\" data-is-only-node=\"\" data-start=\"945\">E depois d\u00e1-te um conhecimento diferente, acho eu. Tamb\u00e9m te sentes mais capaz de lidar com tudo. Acho que foi com o tempo\u00a0\u2014 e com terapia tamb\u00e9m. Real, n\u00e3o de segunda.<\/p>\n<p data-end=\"1113\" data-is-last-node=\"\" data-is-only-node=\"\" data-start=\"945\">Eu acho que foi viver, n\u00e3o \u00e9? Houve uma fase em que nem estava a produzir tanto conte\u00fado e, na altura, at\u00e9 pensava que estava a ser pregui\u00e7oso\u00a0\u2014 que n\u00e3o estava a fazer o que devia. Mas, na verdade, estava a viver, o que \u00e9 t\u00e3o importante como produzir conte\u00fado. Quando se produz conte\u00fado tamb\u00e9m \u00e9 importante ter experi\u00eancias de vida e coisas para falar, no fundo. Acho que foi isso, sim.<\/p>\n<p>Pensando em momentos mais negativos e mais positivos da tua vida, o que destacas?<\/p>\n<p data-end=\"290\" data-start=\"85\">Este \u00e9, sem d\u00favida, um marco important\u00edssimo para mim. Chegar aqui significa que o pa\u00eds j\u00e1 est\u00e1 um s\u00edtio diferente do que quando comecei. Estar na r\u00e1dio \u00e9 um sonho concretizado.<\/p>\n<p data-end=\"471\" data-is-last-node=\"\" data-is-only-node=\"\" data-start=\"292\">O pior eu n\u00e3o me lembro\u00a0\u2014 esque\u00e7o-me. \u00c9 o trauma faz isso. Tento n\u00e3o ficar muito tempo a pensar nisso, porque acho um desperd\u00edcio de energia estar a pensar no que n\u00e3o resultou.<\/p>\n<blockquote>\n<p data-end=\"471\" data-is-last-node=\"\" data-is-only-node=\"\" data-start=\"292\">&#8220;Quando comecei, era impens\u00e1vel que as marcas trabalhassem comigo e, hoje em dia, consigo trabalhar com imensas&#8221;<\/p>\n<\/blockquote>\n<p>O teu objetivo acaba por ser, ent\u00e3o, mudar o paradigma e acabar com certos tabus. Achas que est\u00e1s a conseguir? <\/p>\n<p data-end=\"440\" data-is-last-node=\"\" data-is-only-node=\"\" data-start=\"127\">Espero que sim, \u00e0 minha maneira. N\u00e3o acho que v\u00e1 mudar o mundo\u00a0\u2014 sou s\u00f3 uma pessoa. Tamb\u00e9m n\u00e3o me quero meter numa posi\u00e7\u00e3o em que tenha essa responsabilidade.<\/p>\n<p data-end=\"440\" data-is-last-node=\"\" data-is-only-node=\"\" data-start=\"127\">Acho que este projeto \u00e9 prova disso. Quando comecei, era impens\u00e1vel at\u00e9 as marcas trabalharem comigo e, hoje em dia, consigo trabalhar com imensas.<\/p>\n<p> Falando um pouco do teu TikTok&#8230; J\u00e1 contaste alguma hist\u00f3ria e ficaste completamente arrependido no dia seguinte? <\/p>\n<p data-end=\"373\" data-start=\"121\">Por exemplo, pintei as unhas com um verniz que era suposto secar naquela luz que eu n\u00e3o tinha, ent\u00e3o nunca secava, e falei super mal do verniz. Tive de voltar \u00e0 loja e, \u00e0s vezes, penso: ser\u00e1 que as pessoas viram os meus v\u00eddeos todos?<\/p>\n<p data-end=\"594\" data-is-last-node=\"\" data-is-only-node=\"\" data-start=\"375\">Outro exemplo \u00e9 o carteiro. Fiz imensos v\u00eddeos sobre o carteiro. Ser\u00e1 que ele j\u00e1 viu? Nunca tivemos uma conversa sobre isso. \u00c0s vezes sinto vergonha em pensar que as pessoas possam j\u00e1 ter visto as parvo\u00edces que eu disse.<\/p>\n<p>Mas nunca eliminaste um v\u00eddeo? <\/p>\n<p data-end=\"240\" data-is-last-node=\"\" data-is-only-node=\"\" data-start=\"34\">N\u00e3o, n\u00e3o. Hoje em dia fica tudo para sempre na internet. A \u00fanica coisa \u00e9 que, se calhar, vou dizer algumas parvo\u00edces, cometer calinadas, e est\u00e1 tudo certo. Eu n\u00e3o sei tudo. \u00c9 s\u00f3 isso.<\/p>\n<p>Como reagem os teus f\u00e3s quando se cruzam contigo na rua? <\/p>\n<p data-end=\"215\" data-is-last-node=\"\" data-is-only-node=\"\" data-start=\"0\">\u00c0s vezes encontro pessoas na rua que me falam de v\u00eddeos espec\u00edficos que as marcaram. H\u00e1 uns quantos que s\u00e3o recorrentes &#8211; o &#8220;basta&#8221;, os do carteiro\u2026 H\u00e1 v\u00e1rias din\u00e2micas que por algum motivo as pessoas adoram.\u00a0<\/p>\n<p>O &#8220;basta&#8221; ganhou uma propor\u00e7\u00e3o\u2026 <\/p>\n<p data-end=\"400\" data-start=\"44\">Gigante, maior do que eu.<\/p>\n<p>O que mais te surpreendeu nisso?\u00a0 <\/p>\n<p data-end=\"400\" data-start=\"44\">Isto \u00e9 t\u00e3o aleat\u00f3rio. De repente fa\u00e7o um v\u00eddeo a dizer \u201cbasta\u201d e isso torna-se num movimento. Para mim \u00e9 super interessante e estimulante, porque parece que sempre que acho que sei mais ou menos o que vai resultar, depois n\u00e3o resulta.<\/p>\n<p data-end=\"587\" data-is-last-node=\"\" data-is-only-node=\"\" data-start=\"402\">Parece que estou sempre sem perceber este bicho da internet. Acho que \u00e9 por isso que fa\u00e7o isto h\u00e1 tantos anos \u2014 porque \u00e9 sempre desafiante, estimulante e diferente.<\/p>\n<p>Come\u00e7aram a surgir v\u00eddeos do movimento &#8220;basta&#8221; nas redes sociais, incluindo alguns de caras conhecidas. Qual te deixou mais boquiaberto?\u00a0<\/p>\n<p data-end=\"587\" data-is-last-node=\"\" data-is-only-node=\"\" data-start=\"402\">O [Manuel Lu\u00eds] Goucha ama o &#8220;basta&#8221;.\u00a0O Goucha disse montes de vezes &#8220;basta\u201d no programa dele e, quando me v\u00ea, diz sempre \u201cbasta\u201d. Ele adorou. Para mim foi tipo: ok, o Goucha. Depois a Catarina Furtado, que tamb\u00e9m conheci h\u00e1 pouco tempo, foi um amor para mim. Tem sido surreal.<\/p>\n<p>Tamb\u00e9m tens uma carreira como DJ. Como surgiu a ideia? <\/p>\n<p data-end=\"355\" data-start=\"76\">Eu sou a Barbie Profiss\u00f5es&#8230; Se for completamente honesto, surgiu numa altura em que estava super sem trabalho. Pensei: \u201cO que \u00e9 que posso fazer agora? DJ.\u201d Porque n\u00e3o sei cantar, nem dan\u00e7ar. E pensei: \u201cDJ, ok, consigo mexer em coisas e clicar em bot\u00f5es\u00a0\u2014 isso eu consigo.\u201d<\/p>\n<p data-end=\"659\" data-is-last-node=\"\" data-is-only-node=\"\" data-start=\"357\">Come\u00e7ou como um hobby. Na altura, o meu melhor amigo disse: \u201cDev\u00edamos ser uma dupla de DJs.\u201d E eu &#8220;est\u00e1 bem&#8221;, s\u00f3 para experimentar. De repente, tornou-se a minha paix\u00e3o. Adoro tocar. \u00c9 mais uma forma de chegar \u00e0s pessoas e de comunicar, atrav\u00e9s da m\u00fasica. Foi um bocado isso &#8211; fui experimentando.<\/p>\n<p>\u00c9s sempre bem recebido? <\/p>\n<p data-end=\"142\" data-start=\"28\">Nem sempre corre bem, mas sou sempre bem recebido. \u00c0s vezes a m\u00fasica para. J\u00e1 aconteceram coisas\u2026 interessantes.<\/p>\n<blockquote cite=\"https:\/\/www.tiktok.com\/@kikoishot\/video\/7493570305756073238\" class=\"tiktok-embed\" data-video-id=\"7493570305756073238\" style=\"max-width: 605px;min-width: 325px;\"><p>\n  <a href=\"https:\/\/www.tiktok.com\/@kikoishot?refer=embed\" target=\"_blank\" title=\"@kikoishot\" rel=\"nofollow noopener\">@kikoishot<\/a> <\/p>\n<p>se queres que seja DJ na tua festa, contacta: joaofjcardoso@gmail.com<\/p>\n<p> <a href=\"https:\/\/www.tiktok.com\/music\/som-original-7493570317572672278?refer=embed\" target=\"_blank\" title=\"\u266c som original - kikoishot\" rel=\"nofollow noopener\">\u266c som original &#8211; kikoishot<\/a> <\/p>\n<\/blockquote>\n<p>\u00a0<br \/>\nE onde gostas mais de tocar? <\/p>\n<p data-end=\"528\" data-is-last-node=\"\" data-is-only-node=\"\" data-start=\"182\">Adoro Lisboa\u00a0\u2014 \u00e9 a minha cidade do cora\u00e7\u00e3o. Mas sempre que saio de Lisboa, as pessoas s\u00e3o t\u00e3o mais fervorosas, t\u00eam mais energia, d\u00e3o mais amor. N\u00f3s aqui estamos mais habituados a ter tudo, e l\u00e1, como n\u00e3o sou de l\u00e1 [fora da capital], as pessoas d\u00e3o-me mais amor. Sinto mesmo isso.\u00a0<\/p>\n<blockquote>\n<p data-end=\"528\" data-is-last-node=\"\" data-is-only-node=\"\" data-start=\"182\">&#8220;Voltou um bocado a moda das pessoas procurarem algu\u00e9m com quem se relacionam e que sintam que \u00e9 como elas&#8221;<\/p>\n<\/blockquote>\n<p>Qual foi o melhor elogio que j\u00e1 recebeste?\u00a0 <\/p>\n<p data-end=\"341\" data-start=\"0\">Ui\u2026 O melhor elogio\u2026 Sempre que recebo mensagens de pessoas a dizer que est\u00e3o a passar por maus bocados na vida e que aquele v\u00eddeo que publiquei foi a primeira vez que riram hoje, ou a primeira vez que n\u00e3o se sentiram miser\u00e1veis nesse dia. Para mim \u00e9 incr\u00edvel. \u00c9 incr\u00edvel perceber que podemos ter esse impacto real nas pessoas.<\/p>\n<p>Tu sentes que isso acontece pelo facto de partilhares tanto de ti nos teus v\u00eddeos? <\/p>\n<p style=\"line-height: 1.38;\">Eu acho que sim. \u00c9 por ser vulner\u00e1vel, n\u00e3o esconder que tamb\u00e9m j\u00e1 tive depress\u00e3o e que j\u00e1 passei por momentos mais dif\u00edceis. Acho que as pessoas procuram mais influencers assim hoje em dia. Durante uns tempos esteve ali meio naquela coisa mais est\u00e9tica, mais profissional, mas agora acho que voltou um bocado a moda das pessoas procurarem algu\u00e9m com quem se relacionam e que sintam que \u00e9 como elas.\u00a0<\/p>\n<p>Para al\u00e9m do novo podcast que \u00e9 um grande marco para ti, o que te deixa mais orgulhoso na tua carreira at\u00e9 agora?\u00a0 <\/p>\n<p data-end=\"300\" data-start=\"0\">Acho que uma coisa que amo \u00e9 nunca mudei. Nunca tive de mudar. O mundo \u2014 o pa\u00eds, neste caso\u00a0\u2014 teve de se adaptar a mim. Tenho orgulho em continuar a ser quem sempre fui, em n\u00e3o ter de mudar e a conseguir chegar aos s\u00edtios que sempre sonhei, sendo eu pr\u00f3prio.<\/p>\n<p data-end=\"549\" data-start=\"302\">Isto tamb\u00e9m \u00e9 \u00f3timo para quem est\u00e1 a ler&#8230; Perceber que \u00e0s vezes o problema n\u00e3o \u00e9 propriamente nosso &#8211; s\u00f3 h\u00e1 novas portas para abrir e somos n\u00f3s que as temos de abrir.<\/p>\n<p data-end=\"838\" data-start=\"551\">Fico feliz por nunca ter desistido. Dou uma palmadinha nas minhas costas a mim mesmo, porque podia ter desistido v\u00e1rias vezes. A regra \u00e9 ficar pelo caminho quando fazes isto h\u00e1 tanto tempo como eu fa\u00e7o. S\u00e3o 15 anos j\u00e1. Tenho orgulho de nunca ter desistido &#8211; e de nunca ter mudado.<\/p>\n<p>                            <script async src=\"\/\/www.tiktok.com\/embed.js\"><\/script><\/p>\n","protected":false},"excerpt":{"rendered":"Deve ser dif\u00edcil encontrar portugueses da Gera\u00e7\u00e3o Z (nascidos entre 1997 e 2012) ou da Gera\u00e7\u00e3o Millenial (nascidos&hellip;\n","protected":false},"author":2,"featured_media":142570,"comment_status":"","ping_status":"","sticky":false,"template":"","format":"standard","meta":{"footnotes":""},"categories":[145],"tags":[1081,211,210,31526,204,114,115,741,754,25090,186,1079,32,33,1934,1078,1080],"class_list":{"0":"post-142569","1":"post","2":"type-post","3":"status-publish","4":"format-standard","5":"has-post-thumbnail","7":"category-celebridades","8":"tag-beleza","9":"tag-celebridades","10":"tag-celebrities","11":"tag-cidade-fm","12":"tag-design","13":"tag-entertainment","14":"tag-entretenimento","15":"tag-entrevista","16":"tag-gastronomia","17":"tag-kiko-is-hot","18":"tag-lifestyle","19":"tag-moda","20":"tag-portugal","21":"tag-pt","22":"tag-tiktok","23":"tag-versa","24":"tag-viagens"},"share_on_mastodon":{"url":"https:\/\/pubeurope.com\/@pt\/115506795388429471","error":""},"_links":{"self":[{"href":"https:\/\/www.europesays.com\/pt\/wp-json\/wp\/v2\/posts\/142569","targetHints":{"allow":["GET"]}}],"collection":[{"href":"https:\/\/www.europesays.com\/pt\/wp-json\/wp\/v2\/posts"}],"about":[{"href":"https:\/\/www.europesays.com\/pt\/wp-json\/wp\/v2\/types\/post"}],"author":[{"embeddable":true,"href":"https:\/\/www.europesays.com\/pt\/wp-json\/wp\/v2\/users\/2"}],"replies":[{"embeddable":true,"href":"https:\/\/www.europesays.com\/pt\/wp-json\/wp\/v2\/comments?post=142569"}],"version-history":[{"count":0,"href":"https:\/\/www.europesays.com\/pt\/wp-json\/wp\/v2\/posts\/142569\/revisions"}],"wp:featuredmedia":[{"embeddable":true,"href":"https:\/\/www.europesays.com\/pt\/wp-json\/wp\/v2\/media\/142570"}],"wp:attachment":[{"href":"https:\/\/www.europesays.com\/pt\/wp-json\/wp\/v2\/media?parent=142569"}],"wp:term":[{"taxonomy":"category","embeddable":true,"href":"https:\/\/www.europesays.com\/pt\/wp-json\/wp\/v2\/categories?post=142569"},{"taxonomy":"post_tag","embeddable":true,"href":"https:\/\/www.europesays.com\/pt\/wp-json\/wp\/v2\/tags?post=142569"}],"curies":[{"name":"wp","href":"https:\/\/api.w.org\/{rel}","templated":true}]}}