{"id":14257,"date":"2025-08-03T13:51:12","date_gmt":"2025-08-03T13:51:12","guid":{"rendered":"https:\/\/www.europesays.com\/pt\/14257\/"},"modified":"2025-08-03T13:51:12","modified_gmt":"2025-08-03T13:51:12","slug":"vulcao-russo-entra-em-erupcao-pela-primeira-vez-em-mais-de-500-anos","status":"publish","type":"post","link":"https:\/\/www.europesays.com\/pt\/14257\/","title":{"rendered":"Vulc\u00e3o russo entra em erup\u00e7\u00e3o pela primeira vez em mais de 500 anos"},"content":{"rendered":"<p>&#13;<br \/>\n<b>&#8220;Esta \u00e9 a primeira erup\u00e7\u00e3o historicamente confirmada do Vulc\u00e3o Krasheninnikov em 600 anos&#8221;<\/b>, afirmou Olga Girina, chefe da Equipa de Resposta a Erup\u00e7\u00f5es Vulc\u00e2nicas de Kamchatka, citada pela RIA.&#13;\n<\/p>\n<p>&#13;<br \/>\nAtarv\u00e9s de uma publica\u00e7\u00e3 no Telegram do Instituto de Vulcanologia e Sismologia, Girina explicou que a \u00faltima efus\u00e3o de lava do Krasheninnikov decorreu durante 40 anos, a partir de 1463, mas n\u00e3o h\u00e1 registo de mais nenhuma erup\u00e7\u00e3o desde ent\u00e3o.&#13;\n<\/p>\n<p>A filial de Kamchatka do Minist\u00e9rio de Servi\u00e7os de Emerg\u00eancia da R\u00fassia anunciou que uma coluna de cinzas subiu at\u00e9 6.000 metros, ap\u00f3s a erup\u00e7\u00e3o do vulc\u00e3o. O vulc\u00e3o tem 1.856 metros de altura.<br \/>\n<b><br \/>&#13;<br \/>\n&#8220;A nuvem de cinzas deslocou-se para leste, em dire\u00e7\u00e3o ao Oceano Pac\u00edfico. N\u00e3o h\u00e1 \u00e1reas povoadas ao longo do seu caminho&#8221;<\/b>, informou o Minist\u00e9rio no Telegram.<\/p>\n<p>A erup\u00e7\u00e3o do vulc\u00e3o recebeu um c\u00f3digo de alerta laranja para a avia\u00e7\u00e3o, indicando um risco elevado para aeronaves. E apesar de poder ser relacionado ao sismo, o pa\u00eds destivou o alerta de risco de tsunami.&#13;\n<\/p>\n<p>Especialistas russos tinham alertado que era prov\u00e1vel que houvesse fortes tremores secund\u00e1rios ap\u00f3s o terremoto de quarta-feira, que foi um dos mais fortes j\u00e1 registados. O sismo de magnitude 7,0 de domingo atingiu as Ilhas Curilas.<\/p>\n<p>As autoridades apelam ainda a que as pessoas em tr\u00eas regi\u00f5es perto de Kamchatka se &#8220;devem afastar da costa&#8221;, apesar da baixa altura das ondas.&#13;\n<\/p>\n<p>&#13;<br \/>\n<br \/>&#13;<br \/>\nA Pen\u00ednsula de Kamchatka \u00e9 remota, mas fica no &#8220;C\u00edrculo de Fogo do Pac\u00edfico&#8221; \u2014 assim chamado devido ao alto n\u00famero de terremotos e vulc\u00f5es que ocorrem na regi\u00e3o.<br \/>&#13;<\/p>\n","protected":false},"excerpt":{"rendered":"&#13; &#8220;Esta \u00e9 a primeira erup\u00e7\u00e3o historicamente confirmada do Vulc\u00e3o Krasheninnikov em 600 anos&#8221;, afirmou Olga Girina, chefe&hellip;\n","protected":false},"author":2,"featured_media":14258,"comment_status":"","ping_status":"","sticky":false,"template":"","format":"standard","meta":{"footnotes":""},"categories":[50],"tags":[27,28,15,16,14,25,26,21,22,62,12,13,19,20,23,24,420,421,17,18,29,30,31,63,64,65],"class_list":{"0":"post-14257","1":"post","2":"type-post","3":"status-publish","4":"format-standard","5":"has-post-thumbnail","7":"category-mundo","8":"tag-breaking-news","9":"tag-breakingnews","10":"tag-featured-news","11":"tag-featurednews","12":"tag-headlines","13":"tag-latest-news","14":"tag-latestnews","15":"tag-main-news","16":"tag-mainnews","17":"tag-mundo","18":"tag-news","19":"tag-noticias","20":"tag-noticias-principais","21":"tag-noticiasprincipais","22":"tag-principais-noticias","23":"tag-principaisnoticias","24":"tag-rtp","25":"tag-rtp-noticias","26":"tag-top-stories","27":"tag-topstories","28":"tag-ultimas","29":"tag-ultimas-noticias","30":"tag-ultimasnoticias","31":"tag-world","32":"tag-world-news","33":"tag-worldnews"},"share_on_mastodon":{"url":"","error":""},"_links":{"self":[{"href":"https:\/\/www.europesays.com\/pt\/wp-json\/wp\/v2\/posts\/14257","targetHints":{"allow":["GET"]}}],"collection":[{"href":"https:\/\/www.europesays.com\/pt\/wp-json\/wp\/v2\/posts"}],"about":[{"href":"https:\/\/www.europesays.com\/pt\/wp-json\/wp\/v2\/types\/post"}],"author":[{"embeddable":true,"href":"https:\/\/www.europesays.com\/pt\/wp-json\/wp\/v2\/users\/2"}],"replies":[{"embeddable":true,"href":"https:\/\/www.europesays.com\/pt\/wp-json\/wp\/v2\/comments?post=14257"}],"version-history":[{"count":0,"href":"https:\/\/www.europesays.com\/pt\/wp-json\/wp\/v2\/posts\/14257\/revisions"}],"wp:featuredmedia":[{"embeddable":true,"href":"https:\/\/www.europesays.com\/pt\/wp-json\/wp\/v2\/media\/14258"}],"wp:attachment":[{"href":"https:\/\/www.europesays.com\/pt\/wp-json\/wp\/v2\/media?parent=14257"}],"wp:term":[{"taxonomy":"category","embeddable":true,"href":"https:\/\/www.europesays.com\/pt\/wp-json\/wp\/v2\/categories?post=14257"},{"taxonomy":"post_tag","embeddable":true,"href":"https:\/\/www.europesays.com\/pt\/wp-json\/wp\/v2\/tags?post=14257"}],"curies":[{"name":"wp","href":"https:\/\/api.w.org\/{rel}","templated":true}]}}