{"id":142584,"date":"2025-11-07T06:06:08","date_gmt":"2025-11-07T06:06:08","guid":{"rendered":"https:\/\/www.europesays.com\/pt\/142584\/"},"modified":"2025-11-07T06:06:08","modified_gmt":"2025-11-07T06:06:08","slug":"so-visto-marisa-susana-recusa-se-a-dormir-no-quarto-rosa-com-bruno-e-improvisa-cama-secret-story","status":"publish","type":"post","link":"https:\/\/www.europesays.com\/pt\/142584\/","title":{"rendered":"S\u00f3 visto: Marisa Susana recusa-se a dormir no quarto rosa com Bruno e&#8230; improvisa cama &#8211; Secret Story"},"content":{"rendered":"<p>No Di\u00e1rio do Secret Story 9,\u00a0Marisa Susana e Bruno continuam juntos, amarrados por uma corda e chega a hora de se deitarem. A\u00a0wedding planner\u00a0recusa-se a dormir no quarto rosa e sugere que Bruno durma na cama de solteiro do quarto azul e ela em dois\u00a0puffs. Bruna e Dylan n\u00e3o acreditam no que est\u00e1 a acontecer e decidem confirmar com os pr\u00f3prios olhos. A meio da noite, Marisa Susana decide colocar a corda no p\u00e9 e, momentos depois Bruno acorda-a e juntos, v\u00e3o at\u00e9 \u00e0 casa de banho em modo zombies.<\/p>\n<p><strong>H\u00e1 cinco nomeados em risco de sair j\u00e1 no pr\u00f3ximo domingo. VOTE PARA SALVAR:\u00a0<\/strong><\/p>\n<p>ANA CRISTINA \u2013 761 20 20 02<br \/>BRUNO \u2013 761 20 20 04<br \/>IN\u00caS \u2013 761 20 20 10<br \/>PEDRO \u2013 761 20 20 18<br \/>RAQUEL \u2013 761 20 20 22<\/p>\n<p><strong><a href=\"https:\/\/tvi.iol.pt\/secretstory\/aominuto\" wbo-id=\"32\" rel=\"nofollow noopener\" target=\"_blank\">Acompanhe tudo o que se passa na casa mais vigiada do Pa\u00eds<\/a><\/strong><\/p>\n","protected":false},"excerpt":{"rendered":"No Di\u00e1rio do Secret Story 9,\u00a0Marisa Susana e Bruno continuam juntos, amarrados por uma corda e chega a&hellip;\n","protected":false},"author":2,"featured_media":142585,"comment_status":"","ping_status":"","sticky":false,"template":"","format":"standard","meta":{"footnotes":""},"categories":[142],"tags":[114,115,19033,19034,32,33,151,19032],"class_list":{"0":"post-142584","1":"post","2":"type-post","3":"status-publish","4":"format-standard","5":"has-post-thumbnail","7":"category-tv","8":"tag-entertainment","9":"tag-entretenimento","10":"tag-galas-em-video","11":"tag-melhores-momentos-casa-dos-segredos","12":"tag-portugal","13":"tag-pt","14":"tag-tv","15":"tag-videos-secret-story-tvi"},"share_on_mastodon":{"url":"https:\/\/pubeurope.com\/@pt\/115506917059284111","error":""},"_links":{"self":[{"href":"https:\/\/www.europesays.com\/pt\/wp-json\/wp\/v2\/posts\/142584","targetHints":{"allow":["GET"]}}],"collection":[{"href":"https:\/\/www.europesays.com\/pt\/wp-json\/wp\/v2\/posts"}],"about":[{"href":"https:\/\/www.europesays.com\/pt\/wp-json\/wp\/v2\/types\/post"}],"author":[{"embeddable":true,"href":"https:\/\/www.europesays.com\/pt\/wp-json\/wp\/v2\/users\/2"}],"replies":[{"embeddable":true,"href":"https:\/\/www.europesays.com\/pt\/wp-json\/wp\/v2\/comments?post=142584"}],"version-history":[{"count":0,"href":"https:\/\/www.europesays.com\/pt\/wp-json\/wp\/v2\/posts\/142584\/revisions"}],"wp:featuredmedia":[{"embeddable":true,"href":"https:\/\/www.europesays.com\/pt\/wp-json\/wp\/v2\/media\/142585"}],"wp:attachment":[{"href":"https:\/\/www.europesays.com\/pt\/wp-json\/wp\/v2\/media?parent=142584"}],"wp:term":[{"taxonomy":"category","embeddable":true,"href":"https:\/\/www.europesays.com\/pt\/wp-json\/wp\/v2\/categories?post=142584"},{"taxonomy":"post_tag","embeddable":true,"href":"https:\/\/www.europesays.com\/pt\/wp-json\/wp\/v2\/tags?post=142584"}],"curies":[{"name":"wp","href":"https:\/\/api.w.org\/{rel}","templated":true}]}}