{"id":142590,"date":"2025-11-07T06:18:10","date_gmt":"2025-11-07T06:18:10","guid":{"rendered":"https:\/\/www.europesays.com\/pt\/142590\/"},"modified":"2025-11-07T06:18:10","modified_gmt":"2025-11-07T06:18:10","slug":"quem-e-sacha-bali-proximo-adversario-de-whindersson-nunes-no-fight-music-show","status":"publish","type":"post","link":"https:\/\/www.europesays.com\/pt\/142590\/","title":{"rendered":"Quem \u00e9 Sacha Bali, pr\u00f3ximo advers\u00e1rio de Whindersson Nunes no Fight Music Show"},"content":{"rendered":"<p>                            <img width=\"944\" height=\"531\" src=\"https:\/\/www.europesays.com\/pt\/wp-content\/uploads\/2025\/11\/Quem-e-Sacha-Bali-proximo-adversario-de-Whindersson-Nunes-no-Fight-Music-Show-8-944x531.jpg\" class=\"attachment-custom-large size-custom-large article-featured-image\" alt=\"\" fetchpriority=\"high\" decoding=\"async\"  \/><\/p>\n<p>Whindersson Nunes deve lutar com Sacha Bali em breve (Fotos: Redes sociais, Reprodu\u00e7\u00e3o e FMS, Reprodu\u00e7\u00e3o)<\/p>\n<p>O humorista Whindersson Nunes desafiou Sacha Bali, que derrotou o ex-BBB Davi Brito, para uma luta no pr\u00f3ximo Fight Music Show (FMS). O ator acenou positivamente para o confronto, que ainda n\u00e3o tem data definida para acontecer. Por isso, o <strong>NSC Total<\/strong> conta quem \u00e9 Sacha Bali, pr\u00f3ximo advers\u00e1rio de Whindersson Nunes no FMS.<\/p>\n<p>Continua depois da publicidade<\/p>\n<p>1<\/p>\n<p>VoltarAvan\u00e7ar<\/p>\n<p><img loading=\"lazy\" decoding=\"async\" width=\"1200\" height=\"675\" data-id=\"7716297\" src=\"https:\/\/www.europesays.com\/pt\/wp-content\/uploads\/2025\/11\/Quem-e-Sacha-Bali-proximo-adversario-de-Whindersson-Nunes-no-Fight-Music-Show-4.jpg\" alt=\"\" class=\"wp-image-7716297\"  \/><\/p>\n<p>Sacha recebeu apoio de atores da Globo e da Record na reta final de \u201cA Fazenda\u201d (Foto: PlayPlus, Reprodu\u00e7\u00e3o)<\/p>\n<p><img loading=\"lazy\" decoding=\"async\" width=\"1200\" height=\"675\" data-id=\"7716309\" src=\"https:\/\/www.europesays.com\/pt\/wp-content\/uploads\/2025\/11\/Quem-e-Sacha-Bali-proximo-adversario-de-Whindersson-Nunes-no-Fight-Music-Show-3.jpg\" alt=\"\" class=\"wp-image-7716309\"  \/><\/p>\n<p>Ele embolsou R$ 2 milh\u00f5es com o pr\u00eamio (Foto: PlayPlus, Reprodu\u00e7\u00e3o)<\/p>\n<p><img loading=\"lazy\" decoding=\"async\" width=\"1200\" height=\"675\" data-id=\"7716310\" src=\"https:\/\/www.europesays.com\/pt\/wp-content\/uploads\/2025\/11\/Quem-e-Sacha-Bali-proximo-adversario-de-Whindersson-Nunes-no-Fight-Music-Show-2.jpg\" alt=\"\" class=\"wp-image-7716310\"  \/><\/p>\n<p>Ator saiu com mais de 600 mil seguidores ap\u00f3s vencer o reality (Foto: PlayPlus, Reprodu\u00e7\u00e3o)<\/p>\n<p><img loading=\"lazy\" decoding=\"async\" width=\"1200\" height=\"675\" data-id=\"7716311\" src=\"https:\/\/www.europesays.com\/pt\/wp-content\/uploads\/2025\/11\/Quem-e-Sacha-Bali-proximo-adversario-de-Whindersson-Nunes-no-Fight-Music-Show-1.jpg\" alt=\"\" class=\"wp-image-7716311\"  \/><\/p>\n<p>Sacha Bali foi finalista de \u201cA Fazenda\u201d com Gui Vieira e Yuri Bonotto (Foto: Record, Reprodu\u00e7\u00e3o)<\/p>\n<p><img loading=\"lazy\" decoding=\"async\" width=\"1200\" height=\"675\" data-id=\"7716312\" src=\"https:\/\/www.europesays.com\/pt\/wp-content\/uploads\/2025\/11\/Quem-e-Sacha-Bali-proximo-adversario-de-Whindersson-Nunes-no-Fight-Music-Show.jpg\" alt=\"\" class=\"wp-image-7716312\"  \/><\/p>\n<p>Ele entrou no reality show com a inten\u00e7\u00e3o de melhorar sua vida financeira (Foto: A Fazenda, Redes Sociais, Reprodu\u00e7\u00e3o)<\/p>\n<p><img loading=\"lazy\" decoding=\"async\" width=\"1200\" height=\"675\" data-id=\"7716296\" src=\"https:\/\/www.europesays.com\/pt\/wp-content\/uploads\/2025\/11\/Quem-e-Sacha-Bali-proximo-adversario-de-Whindersson-Nunes-no-Fight-Music-Show-5.jpg\" alt=\"\" class=\"wp-image-7716296\"  \/><\/p>\n<p>Sacha Bali foi campe\u00e3o de \u201cA Fazenda 16\u201d (Foto: Record, Reprodu\u00e7\u00e3o)<\/p>\n<p><img loading=\"lazy\" decoding=\"async\" width=\"1200\" height=\"675\" data-id=\"7716322\" src=\"https:\/\/www.europesays.com\/pt\/wp-content\/uploads\/2025\/11\/Quem-e-Sacha-Bali-proximo-adversario-de-Whindersson-Nunes-no-Fight-Music-Show-6.jpg\" alt=\"\" class=\"wp-image-7716322\"  \/><\/p>\n<p>Ex-A Fazenda venceu Davi Brito, campe\u00e3o do BBB 24 (Foto: FMS, Reprodu\u00e7\u00e3o)<\/p>\n<p>Sacha Bali \u00e9 ator e roteirista, conhecido principalmente pelos pap\u00e9is de \u201cCarlos Gusm\u00e3o\u201d em \u201cBicho do Mato\u201d e do vil\u00e3o \u201cMetamorfo\u201d em \u201cCaminhos do Cora\u00e7\u00e3o\u201d, da TV Record. Tamb\u00e9m passou pela Rede Globo, com participa\u00e7\u00e3o como \u201cBeto\u201d na novela \u201cSalve Jorge\u201d.<\/p>\n<p>Formado em Cinema pela PUC-Rio, ele tamb\u00e9m j\u00e1 se aventurou como diretor e produtor em pe\u00e7as de teatro, e cameraman na TV Globo, enquanto ainda cursava faculdade.<\/p>\n<p>Com sua vit\u00f3ria no reality show \u201cA Fazenda 16\u201d, embolsou R$ 2 milh\u00f5es ap\u00f3s receber 50,93% dos votos na grande final, contra 23,98% do segundo colocado, o ator Sidney Sampaio.<\/p>\n<p>Recentemente, Sacha Bali lutou contra o ex-BBB Davi Brito no Fight Music Show 7. <strong><a href=\"https:\/\/www.nsctotal.com.br\/noticias\/quem-sao-os-vencedores-de-cada-luta-do-fight-music-show-7\" rel=\"nofollow noopener\" target=\"_blank\">O ator levou a melhor e saiu como vencedor do duelo<\/a>.<\/strong><\/p>\n<p>Continua depois da publicidade<\/p>\n<p>Leia tamb\u00e9m<\/p>\n<p><a href=\"https:\/\/www.nsctotal.com.br\/noticias\/ao-vivo-alianza-lima-x-gremio-pela-sul-americana\" rel=\"nofollow noopener\" target=\"_blank\"><strong><a href=\"https:\/\/www.nsctotal.com.br\/noticias\/dublador-faz-leitura-labial-de-momento-inusitado-entre-hulk-e-arbitro-em-jogo-do-atletico-mg\" rel=\"nofollow noopener\" target=\"_blank\"><a href=\"https:\/\/www.nsctotal.com.br\/noticias\/confira-projecao-dos-times-classificados-para-a-copa-do-brasil-2026\" rel=\"nofollow noopener\" target=\"_blank\">Confira proje\u00e7\u00e3o dos times classificados para a Copa do Brasil 2026<\/a><\/strong><\/p>\n<p><strong><a href=\"https:\/\/www.nsctotal.com.br\/noticias\/veja-o-patrimonio-de-cristiano-ronaldo-primeiro-jogador-de-futebol-bilionario-da-historia\" rel=\"nofollow noopener\" target=\"_blank\">Veja o patrim\u00f4nio de Cristiano Ronaldo, primeiro jogador de futebol bilion\u00e1rio da hist\u00f3ria<\/a><\/strong><\/p>\n<p><a href=\"https:\/\/news.google.com\/publications\/CAAqBwgKMNPOlgsw1vStAw?ceid=BR:pt-419&amp;oc=3&amp;hl=pt-BR&amp;gl=BR\" rel=\"nofollow noopener\" target=\"_blank\"><strong>Siga as not\u00edcias do NSC Total pelo Google Not\u00edcias<\/strong><\/a><\/p>\n<p>*Matheus Welter \u00e9 estagi\u00e1rio sob a supervis\u00e3o de Marcos Jord\u00e3o<\/p>\n","protected":false},"excerpt":{"rendered":"Whindersson Nunes deve lutar com Sacha Bali em breve (Fotos: Redes sociais, Reprodu\u00e7\u00e3o e FMS, Reprodu\u00e7\u00e3o) O humorista&hellip;\n","protected":false},"author":2,"featured_media":142591,"comment_status":"","ping_status":"","sticky":false,"template":"","format":"standard","meta":{"footnotes":""},"categories":[145],"tags":[211,210,829,114,115,1062,11609,32,33],"class_list":{"0":"post-142590","1":"post","2":"type-post","3":"status-publish","4":"format-standard","5":"has-post-thumbnail","7":"category-celebridades","8":"tag-celebridades","9":"tag-celebrities","10":"tag-conteudo-liberado","11":"tag-entertainment","12":"tag-entretenimento","13":"tag-esportes","14":"tag-luta","15":"tag-portugal","16":"tag-pt"},"share_on_mastodon":{"url":"https:\/\/pubeurope.com\/@pt\/115506964706993218","error":""},"_links":{"self":[{"href":"https:\/\/www.europesays.com\/pt\/wp-json\/wp\/v2\/posts\/142590","targetHints":{"allow":["GET"]}}],"collection":[{"href":"https:\/\/www.europesays.com\/pt\/wp-json\/wp\/v2\/posts"}],"about":[{"href":"https:\/\/www.europesays.com\/pt\/wp-json\/wp\/v2\/types\/post"}],"author":[{"embeddable":true,"href":"https:\/\/www.europesays.com\/pt\/wp-json\/wp\/v2\/users\/2"}],"replies":[{"embeddable":true,"href":"https:\/\/www.europesays.com\/pt\/wp-json\/wp\/v2\/comments?post=142590"}],"version-history":[{"count":0,"href":"https:\/\/www.europesays.com\/pt\/wp-json\/wp\/v2\/posts\/142590\/revisions"}],"wp:featuredmedia":[{"embeddable":true,"href":"https:\/\/www.europesays.com\/pt\/wp-json\/wp\/v2\/media\/142591"}],"wp:attachment":[{"href":"https:\/\/www.europesays.com\/pt\/wp-json\/wp\/v2\/media?parent=142590"}],"wp:term":[{"taxonomy":"category","embeddable":true,"href":"https:\/\/www.europesays.com\/pt\/wp-json\/wp\/v2\/categories?post=142590"},{"taxonomy":"post_tag","embeddable":true,"href":"https:\/\/www.europesays.com\/pt\/wp-json\/wp\/v2\/tags?post=142590"}],"curies":[{"name":"wp","href":"https:\/\/api.w.org\/{rel}","templated":true}]}}